{"id":115702,"date":"2025-03-06T12:00:54","date_gmt":"2025-03-06T19:00:54","guid":{"rendered":"https:\/\/ovelanalista.com\/?p=115702"},"modified":"2025-03-06T10:38:53","modified_gmt":"2025-03-06T17:38:53","slug":"vinculan-a-proceso-a-cuatro-presuntos-miembros-del-cartel-de-sinaloa","status":"publish","type":"post","link":"https:\/\/ovelanalista.com\/?p=115702","title":{"rendered":"Vinculan a proceso a cuatro presuntos miembros del C\u00e1rtel de Sinaloa"},"content":{"rendered":"<p><strong class=\"bajada\">De acuerdo con la Fiscal\u00eda General de la Rep\u00fablica (FGR), los ahora imputados fueron detenidos en Guanajuato durante un cateo en la colonia La Barranca, en Le\u00f3n de los Aldama.\u00a0<\/strong><\/p>\n<div class=\"row\">\n<div class=\"col-md-1 col-sticky\">\n<div class=\"inner-share-bar cf\">\n<div class=\"item\">\n<p>Un juez federal vincul\u00f3 a proceso a cuatro personas a las que se les relaciona con el C\u00e1rtel de Sinaloa, por posesi\u00f3n de armas de fuego, cargadores, cartuchos y delitos contra la salud.<\/p>\n<p>El juez de control del Centro de Justicia Penal Federal en Aguascalientes, les dict\u00f3 prisi\u00f3n preventiva oficiosa y concedi\u00f3 un mes para la investigaci\u00f3n complementaria.<\/p>\n<p>Lo anterior, por la probable responsabilidad de Antonio \u201cP\u201d alias &#8221; El JR\u201d, Jorge \u201cM\u201d, Carlos \u201cG\u201d y Luc\u00eda \u201cG\u201d, en delitos contra la salud en la modalidad de posesi\u00f3n con fines de comercio en su variante de venta de clorhidrato de metanfetamina, clorhidrato de coca\u00edna y mariguana, posesi\u00f3n de armas de fuego, cargadores y cartuchos de uso exclusivo de las Fuerzas Armadas.<\/p>\n<p>De acuerdo con la Fiscal\u00eda General de la Rep\u00fablica (FGR), los ahora imputados fueron detenidos en Guanajuato durante un cateo en la colonia La Barranca, en Le\u00f3n de los Aldama.<\/p>\n<p>Los elementos de seguridad lograron asegurar durante el procedimiento de cateo clorhidrato de metanfetamina, clorhidrato de coca\u00edna, marihuana, un arma de fuego larga, dos armas de fuego cortas, 189 cartuchos y cinco cargadores.<\/p>\n<p>Con informaci\u00f3n de Proceso<\/p>\n<\/div>\n<\/div>\n<\/div>\n<\/div>\n","protected":false},"excerpt":{"rendered":"<p>De acuerdo con la Fiscal\u00eda General de la Rep\u00fablica (FGR), los ahora imputados fueron detenidos en Guanajuato durante un cateo en la colonia La Barranca, en Le\u00f3n de los Aldama.\u00a0 Un juez federal vincul\u00f3 a proceso a cuatro personas a las que se les relaciona con el C\u00e1rtel de Sinaloa, por posesi\u00f3n de armas de fuego, cargadores, cartuchos y delitos contra la salud. El juez de control del Centro de Justicia Penal Federal en Aguascalientes, les dict\u00f3 prisi\u00f3n preventiva oficiosa y concedi\u00f3 un mes para la investigaci\u00f3n complementaria. Lo anterior, por la probable responsabilidad de Antonio \u201cP\u201d alias &#8221; El [&hellip;]<\/p>\n","protected":false},"author":3,"featured_media":115705,"comment_status":"open","ping_status":"open","sticky":false,"template":"","format":"standard","meta":{"_jetpack_newsletter_access":"","_jetpack_dont_email_post_to_subs":false,"_jetpack_newsletter_tier_id":0,"_jetpack_memberships_contains_paywalled_content":false,"_jetpack_feature_clip_id":0,"_jetpack_memberships_contains_paid_content":false,"footnotes":"","jetpack_publicize_message":"","jetpack_publicize_feature_enabled":true,"jetpack_social_post_already_shared":true,"jetpack_social_options":{"image_generator_settings":{"template":"highway","default_image_id":0,"font":"","enabled":false},"version":2},"jetpack_post_was_ever_published":false},"categories":[90,72],"tags":[],"class_list":["post-115702","post","type-post","status-publish","format-standard","has-post-thumbnail","hentry","category-estatal","category-portada","post--single"],"jetpack_publicize_connections":[],"jetpack_featured_media_url":"https:\/\/ovelanalista.com\/wp-content\/uploads\/2025\/03\/f685x385-218307_256000_5050.webp","jetpack_sharing_enabled":true,"_links":{"self":[{"href":"https:\/\/ovelanalista.com\/index.php?rest_route=\/wp\/v2\/posts\/115702","targetHints":{"allow":["GET"]}}],"collection":[{"href":"https:\/\/ovelanalista.com\/index.php?rest_route=\/wp\/v2\/posts"}],"about":[{"href":"https:\/\/ovelanalista.com\/index.php?rest_route=\/wp\/v2\/types\/post"}],"author":[{"embeddable":true,"href":"https:\/\/ovelanalista.com\/index.php?rest_route=\/wp\/v2\/users\/3"}],"replies":[{"embeddable":true,"href":"https:\/\/ovelanalista.com\/index.php?rest_route=%2Fwp%2Fv2%2Fcomments&post=115702"}],"version-history":[{"count":1,"href":"https:\/\/ovelanalista.com\/index.php?rest_route=\/wp\/v2\/posts\/115702\/revisions"}],"predecessor-version":[{"id":115706,"href":"https:\/\/ovelanalista.com\/index.php?rest_route=\/wp\/v2\/posts\/115702\/revisions\/115706"}],"wp:featuredmedia":[{"embeddable":true,"href":"https:\/\/ovelanalista.com\/index.php?rest_route=\/wp\/v2\/media\/115705"}],"wp:attachment":[{"href":"https:\/\/ovelanalista.com\/index.php?rest_route=%2Fwp%2Fv2%2Fmedia&parent=115702"}],"wp:term":[{"taxonomy":"category","embeddable":true,"href":"https:\/\/ovelanalista.com\/index.php?rest_route=%2Fwp%2Fv2%2Fcategories&post=115702"},{"taxonomy":"post_tag","embeddable":true,"href":"https:\/\/ovelanalista.com\/index.php?rest_route=%2Fwp%2Fv2%2Ftags&post=115702"}],"curies":[{"name":"wp","href":"https:\/\/api.w.org\/{rel}","templated":true}]}}