{"id":115709,"date":"2025-03-06T12:20:00","date_gmt":"2025-03-06T19:20:00","guid":{"rendered":"https:\/\/ovelanalista.com\/?p=115709"},"modified":"2025-03-06T10:43:59","modified_gmt":"2025-03-06T17:43:59","slug":"confirman-identidad-de-pareja-asesinada-y-calcinada-en-sinaloa","status":"publish","type":"post","link":"https:\/\/ovelanalista.com\/?p=115709","title":{"rendered":"Confirman identidad de pareja asesinada y calcinada en Sinaloa"},"content":{"rendered":"<div class=\"ei-articleAperture__ArticleApertureHeader-sc-1fibpeo-1 nLold ei-article-aperture-header\">\n<h2 class=\"ei-articleAperture__ArticleApertureSubHeadline-sc-1fibpeo-3 esEVTm ei-article-aperture-subheadline\">El presunto homicida actu\u00f3 con premeditaci\u00f3n, lo que agrava los cargos en su contra.<\/h2>\n<p class=\"ei-articleBody__StyledText-sc-1wmd47a-1 gXgyFY body-paragraph ei-article-body-text\">Autoridades confirmaron la identidad de los dos j\u00f3venes cuyos\u00a0<b>cuerpos calcinados<\/b>\u00a0fueron encontrados el pasado 8 de febrero en un camino que conduce a un cerro en la comunidad de El Guayabo, municipio de Ahome, Sinaloa.<\/p>\n<p class=\"ei-articleBody__StyledText-sc-1wmd47a-1 gXgyFY body-paragraph ei-article-body-text\">Se trata de\u00a0<b>Aid\u00e9 Guadalupe \u201cN\u201d,<\/b>\u00a0de 24 a\u00f1os, y\u00a0<b>Luis David \u201cN\u201d<\/b>, de 28 a\u00f1os, v\u00edctimas de un presunto homicidio calificado y feminicidio.<\/p>\n<h2 class=\"ei-articleBodyHeading__StyledHeading-sc-11axkf8-0 ksJtGZ ei-heading\">Detienen a presunto responsable<\/h2>\n<p class=\"ei-articleBody__StyledText-sc-1wmd47a-1 gXgyFY body-paragraph ei-article-body-text\">La Fiscal\u00eda General del Estado inform\u00f3 que, tras una investigaci\u00f3n exhaustiva, se logr\u00f3 la\u00a0<b>detenci\u00f3n de Rosario Alberto \u201cN\u201d<\/b>, de 23 a\u00f1os, se\u00f1alado como el presunto responsable de los cr\u00edmenes.<\/p>\n<p>El detenido, vecino de la sindicatura Heriberto Valdez Romero, conocida como \u201cEl Guayabo\u201d, fue capturado por la Unidad Especializada en Aprehensiones y se le imputan los delitos de\u00a0<b>homicidio calificado\u00a0<\/b>con premeditaci\u00f3n y ventaja,\u00a0<a title=\"https:\/\/www.elimparcial.com\/espectaculos\/2025\/03\/06\/valentina-zenere-actriz-de-elite-denuncia-el-feminicidio-de-su-tia-en-puebla\/\" href=\"https:\/\/www.elimparcial.com\/espectaculos\/2025\/03\/06\/valentina-zenere-actriz-de-elite-denuncia-el-feminicidio-de-su-tia-en-puebla\/\" target=\"_blank\" rel=\"noopener noreferrer\"><b>feminicidio<\/b><\/a>\u00a0y desaparici\u00f3n de personas.<\/p>\n<p class=\"ei-articleBody__StyledText-sc-1wmd47a-1 gXgyFY body-paragraph ei-article-body-text\">Seg\u00fan las indagatorias, Rosario Alberto habr\u00eda privado de su libertad a la pareja para posteriormente trasladarlos a un camino cercano a un cerro, donde<b>\u00a0les habr\u00eda quitado la vida y calcinado sus cuerpos.<\/b><\/p>\n<p class=\"ei-articleBody__StyledText-sc-1wmd47a-1 gXgyFY body-paragraph ei-article-body-text\">Las investigaciones revelaron que el presunto homicida actu\u00f3 con premeditaci\u00f3n, lo que agrava los cargos en su contra.<\/p>\n<div class=\"ad-wrapper\">Actualmente, el detenido se encuentra recluido en el Centro Penitenciario de Goros Dos, en el municipio de Ahome, donde fue puesto a disposici\u00f3n del Juez de Primera Instancia de Control y de Enjuiciamiento. Ah\u00ed continuar\u00e1 su\u00a0<b>proceso legal\u00a0<\/b>mientras se recopilan m\u00e1s evidencias y se llevan a cabo las audiencias correspondientes.<\/div>\n<\/div>\n<div><\/div>\n<div>Con informaci\u00f3n de El Imparcial<\/div>\n<figure class=\"ei-articleAperture__LeadArtContainer-sc-1fibpeo-11 kdpiUH ei-article-aperture-lead-art-container\">\n<div class=\"ei-articleAperture__LeadArtImgContainer-sc-1fibpeo-12 dcoHOz ei-article-aperture-lead-art-img-container\"><picture class=\"global-picture\"><source srcset=\"https:\/\/www.elimparcial.com\/resizer\/v2\/BP5WJYFMRJD6TPWTVAIYR2UC3M.jpg?auth=33985f5f0ede2fef9282efa69966b953f8028e8f384f0d4bacac56e6f0a476ba&amp;smart=true&amp;width=1200&amp;height=800&amp;quality=70\" media=\"(min-width: 1280px)\" \/><source srcset=\"https:\/\/www.elimparcial.com\/resizer\/v2\/BP5WJYFMRJD6TPWTVAIYR2UC3M.jpg?auth=33985f5f0ede2fef9282efa69966b953f8028e8f384f0d4bacac56e6f0a476ba&amp;smart=true&amp;width=1280&amp;height=853&amp;quality=70\" media=\"(min-width: 992px)\" \/><source srcset=\"https:\/\/www.elimparcial.com\/resizer\/v2\/BP5WJYFMRJD6TPWTVAIYR2UC3M.jpg?auth=33985f5f0ede2fef9282efa69966b953f8028e8f384f0d4bacac56e6f0a476ba&amp;smart=true&amp;width=992&amp;height=661&amp;quality=70\" media=\"(min-width: 768px)\" \/><source srcset=\"https:\/\/www.elimparcial.com\/resizer\/v2\/BP5WJYFMRJD6TPWTVAIYR2UC3M.jpg?auth=33985f5f0ede2fef9282efa69966b953f8028e8f384f0d4bacac56e6f0a476ba&amp;smart=true&amp;width=768&amp;height=512&amp;quality=70\" media=\"(min-width: 0px)\" \/><\/picture><\/div>\n<\/figure>\n","protected":false},"excerpt":{"rendered":"<p>El presunto homicida actu\u00f3 con premeditaci\u00f3n, lo que agrava los cargos en su contra. Autoridades confirmaron la identidad de los dos j\u00f3venes cuyos\u00a0cuerpos calcinados\u00a0fueron encontrados el pasado 8 de febrero en un camino que conduce a un cerro en la comunidad de El Guayabo, municipio de Ahome, Sinaloa. Se trata de\u00a0Aid\u00e9 Guadalupe \u201cN\u201d,\u00a0de 24 a\u00f1os, y\u00a0Luis David \u201cN\u201d, de 28 a\u00f1os, v\u00edctimas de un presunto homicidio calificado y feminicidio. Detienen a presunto responsable La Fiscal\u00eda General del Estado inform\u00f3 que, tras una investigaci\u00f3n exhaustiva, se logr\u00f3 la\u00a0detenci\u00f3n de Rosario Alberto \u201cN\u201d, de 23 a\u00f1os, se\u00f1alado como el presunto responsable de [&hellip;]<\/p>\n","protected":false},"author":3,"featured_media":107237,"comment_status":"open","ping_status":"open","sticky":false,"template":"","format":"standard","meta":{"_jetpack_newsletter_access":"","_jetpack_dont_email_post_to_subs":false,"_jetpack_newsletter_tier_id":0,"_jetpack_memberships_contains_paywalled_content":false,"_jetpack_feature_clip_id":0,"_jetpack_memberships_contains_paid_content":false,"footnotes":"","jetpack_publicize_message":"","jetpack_publicize_feature_enabled":true,"jetpack_social_post_already_shared":true,"jetpack_social_options":{"image_generator_settings":{"template":"highway","default_image_id":0,"font":"","enabled":false},"version":2},"jetpack_post_was_ever_published":false},"categories":[90,72],"tags":[],"class_list":["post-115709","post","type-post","status-publish","format-standard","has-post-thumbnail","hentry","category-estatal","category-portada","post--single"],"jetpack_publicize_connections":[],"jetpack_featured_media_url":"https:\/\/ovelanalista.com\/wp-content\/uploads\/2024\/10\/escena-del-crimen-cinta-1.webp","jetpack_sharing_enabled":true,"_links":{"self":[{"href":"https:\/\/ovelanalista.com\/index.php?rest_route=\/wp\/v2\/posts\/115709","targetHints":{"allow":["GET"]}}],"collection":[{"href":"https:\/\/ovelanalista.com\/index.php?rest_route=\/wp\/v2\/posts"}],"about":[{"href":"https:\/\/ovelanalista.com\/index.php?rest_route=\/wp\/v2\/types\/post"}],"author":[{"embeddable":true,"href":"https:\/\/ovelanalista.com\/index.php?rest_route=\/wp\/v2\/users\/3"}],"replies":[{"embeddable":true,"href":"https:\/\/ovelanalista.com\/index.php?rest_route=%2Fwp%2Fv2%2Fcomments&post=115709"}],"version-history":[{"count":1,"href":"https:\/\/ovelanalista.com\/index.php?rest_route=\/wp\/v2\/posts\/115709\/revisions"}],"predecessor-version":[{"id":115712,"href":"https:\/\/ovelanalista.com\/index.php?rest_route=\/wp\/v2\/posts\/115709\/revisions\/115712"}],"wp:featuredmedia":[{"embeddable":true,"href":"https:\/\/ovelanalista.com\/index.php?rest_route=\/wp\/v2\/media\/107237"}],"wp:attachment":[{"href":"https:\/\/ovelanalista.com\/index.php?rest_route=%2Fwp%2Fv2%2Fmedia&parent=115709"}],"wp:term":[{"taxonomy":"category","embeddable":true,"href":"https:\/\/ovelanalista.com\/index.php?rest_route=%2Fwp%2Fv2%2Fcategories&post=115709"},{"taxonomy":"post_tag","embeddable":true,"href":"https:\/\/ovelanalista.com\/index.php?rest_route=%2Fwp%2Fv2%2Ftags&post=115709"}],"curies":[{"name":"wp","href":"https:\/\/api.w.org\/{rel}","templated":true}]}}