{"id":115711,"date":"2025-03-06T12:30:14","date_gmt":"2025-03-06T19:30:14","guid":{"rendered":"https:\/\/ovelanalista.com\/?p=115711"},"modified":"2025-03-06T10:47:33","modified_gmt":"2025-03-06T17:47:33","slug":"retiran-27-camaras-de-videovigilancia-clandestinas-en-culiacan-suman-618-en-sinaloa","status":"publish","type":"post","link":"https:\/\/ovelanalista.com\/?p=115711","title":{"rendered":"Retiran 27 c\u00e1maras de videovigilancia clandestinas en Culiac\u00e1n; suman 618 en Sinaloa"},"content":{"rendered":"<p>Elementos de la\u00a0<a href=\"https:\/\/www.gob.mx\/defensa\" target=\"_blank\" rel=\"noreferrer noopener\">Secretar\u00eda de la Defensa Nacional<\/a>, en coordinaci\u00f3n con la Guardia Nacional, la Secretar\u00eda de Marina, la Fiscal\u00eda General de la Rep\u00fablica, la<a href=\"https:\/\/www.unotv.com\/estados\/sinaloa\/colectivos-de-busqueda-encuentran-restos-humanos-en-mazatlan-y-culiacan\/\" target=\"_blank\" rel=\"noreferrer noopener\">\u00a0Fiscal\u00eda General del Estado<\/a>\u00a0y la Secretar\u00eda de Seguridad P\u00fablica Estatal,<strong>\u00a0llevaron a cabo un operativo para retirar 27 c\u00e1maras de videovigilancia instaladas de manera irregular<\/strong>\u00a0por particulares en la sindicatura de Villa Adolfo L\u00f3pez Mateos, El Tamarindo, municipio de Culiac\u00e1n,\u00a0<a href=\"https:\/\/www.unotv.com\/categoria\/estados\/sinaloa\/\" target=\"_blank\" rel=\"noreferrer noopener\">Sinaloa.<\/a><\/p>\n<p>Durante el operativo,\u00a0<strong>se localizaron y retiraron:<\/strong><\/p>\n<ul class=\"wp-block-list\">\n<li><strong>4 c\u00e1maras PTZ inal\u00e1mbricas<\/strong>\u00a0(panor\u00e1micas, con inclinaci\u00f3n y zoom)<\/li>\n<li><strong>23 c\u00e1maras fijas al\u00e1mbricas<\/strong><\/li>\n<\/ul>\n<p>En total, fueron retirada<strong>s 27 c\u00e1maras de videovigilancia en esta jornada, detallaron las autoridades.<\/strong><\/p>\n<h2 id=\"h-han-retirado-mas-camaras-clandestinas-en-sinaloa\" class=\"wp-block-heading\">Han retirado m\u00e1s c\u00e1maras clandestinas en Sinaloa<\/h2>\n<figure class=\"wp-block-image size-large\">\n<div id=\"standard_3\" class=\"st-placement standard_3 inImage\">\n<div class=\"st-adunit st-adunit-tagged st-reset st-show\"><\/div>\n<\/div>\n<p><div id=\"attachment_1604729\" style=\"width: 1034px\" class=\"wp-caption alignnone\"><img loading=\"lazy\" decoding=\"async\" aria-describedby=\"caption-attachment-1604729\" class=\"wp-image-1604729\" src=\"https:\/\/cdn.unotv.com\/images\/2025\/03\/befunky-photo-93-101501-1024x576.jpg\" sizes=\"auto, (max-width: 1024px) 100vw, 1024px\" srcset=\"https:\/\/cdn.unotv.com\/images\/2025\/03\/befunky-photo-93-101501-1024x576.jpg 1024w, https:\/\/cdn.unotv.com\/images\/2025\/03\/befunky-photo-93-101501-300x169.jpg 300w, https:\/\/cdn.unotv.com\/images\/2025\/03\/befunky-photo-93-101501-768x432.jpg 768w, https:\/\/cdn.unotv.com\/images\/2025\/03\/befunky-photo-93-101501-800x450.jpg 800w, https:\/\/cdn.unotv.com\/images\/2025\/03\/befunky-photo-93-101501-400x225.jpg 400w, https:\/\/cdn.unotv.com\/images\/2025\/03\/befunky-photo-93-101501-240x135.jpg 240w, https:\/\/cdn.unotv.com\/images\/2025\/03\/befunky-photo-93-101501.jpg 1200w\" alt=\"retiran camaras de delincuentes en sinaloa\" width=\"1024\" height=\"576\" \/><p id=\"caption-attachment-1604729\" class=\"wp-caption-text\">Elementos retiraron las c\u00e1maras. Foto: Coordinaci\u00f3n Interinstitucional Sinaloa<\/p><\/div><figcaption class=\"wp-element-caption\"><\/figcaption><\/figure>\n<p>Cabe se\u00f1alar que, tras estos operativos,\u00a0<strong>el n\u00famero acumulado de c\u00e1maras retiradas de estructuras p\u00fablicas asciende a 618 en el estado de Sinaloa.<\/strong><\/p>\n<p>Es importante destacar que\u00a0<strong>ninguna de estas c\u00e1maras, ni las previamente retiradas, estaba enlazada con el C4i,<\/strong>\u00a0y que el sistema de videovigilancia institucional cuenta con las medidas tecnol\u00f3gicas necesarias para evitar hackeos o la creaci\u00f3n de espejos sin autorizaci\u00f3n.<\/p>\n<div class=\"code-block code-block-8\">\n<div class=\"code-block\">Se reitera a la poblaci\u00f3n que<strong>\u00a0la instalaci\u00f3n de este tipo de equipos en estructuras o sitios p\u00fablicos es ilegal.\u00a0<\/strong>Asimismo, se hace un llamado a<strong>\u00a0denunciar an\u00f3nimamente la existencia o colocaci\u00f3n de estas c\u00e1maras a trav\u00e9s del 089 o la l\u00ednea de emergencias 911,<\/strong>\u00a0ya que, en algunos casos, son utilizadas por la delincuencia organizada para vigilar las acciones de las autoridades.<\/div>\n<\/div>\n<div><\/div>\n<div>Con informaci\u00f3n de UnoTv<\/div>\n","protected":false},"excerpt":{"rendered":"<p>Elementos de la\u00a0Secretar\u00eda de la Defensa Nacional, en coordinaci\u00f3n con la Guardia Nacional, la Secretar\u00eda de Marina, la Fiscal\u00eda General de la Rep\u00fablica, la\u00a0Fiscal\u00eda General del Estado\u00a0y la Secretar\u00eda de Seguridad P\u00fablica Estatal,\u00a0llevaron a cabo un operativo para retirar 27 c\u00e1maras de videovigilancia instaladas de manera irregular\u00a0por particulares en la sindicatura de Villa Adolfo L\u00f3pez Mateos, El Tamarindo, municipio de Culiac\u00e1n,\u00a0Sinaloa. Durante el operativo,\u00a0se localizaron y retiraron: 4 c\u00e1maras PTZ inal\u00e1mbricas\u00a0(panor\u00e1micas, con inclinaci\u00f3n y zoom) 23 c\u00e1maras fijas al\u00e1mbricas En total, fueron retiradas 27 c\u00e1maras de videovigilancia en esta jornada, detallaron las autoridades. Han retirado m\u00e1s c\u00e1maras clandestinas en Sinaloa [&hellip;]<\/p>\n","protected":false},"author":3,"featured_media":115713,"comment_status":"open","ping_status":"open","sticky":false,"template":"","format":"standard","meta":{"_jetpack_newsletter_access":"","_jetpack_dont_email_post_to_subs":false,"_jetpack_newsletter_tier_id":0,"_jetpack_memberships_contains_paywalled_content":false,"_jetpack_feature_clip_id":0,"_jetpack_memberships_contains_paid_content":false,"footnotes":"","jetpack_publicize_message":"","jetpack_publicize_feature_enabled":true,"jetpack_social_post_already_shared":true,"jetpack_social_options":{"image_generator_settings":{"template":"highway","default_image_id":0,"font":"","enabled":false},"version":2},"jetpack_post_was_ever_published":false},"categories":[90,72],"tags":[],"class_list":["post-115711","post","type-post","status-publish","format-standard","has-post-thumbnail","hentry","category-estatal","category-portada","post--single"],"jetpack_publicize_connections":[],"jetpack_featured_media_url":"https:\/\/ovelanalista.com\/wp-content\/uploads\/2025\/03\/quitan-camaras-de-criminales-en-culiacan-100432.jpg","jetpack_sharing_enabled":true,"_links":{"self":[{"href":"https:\/\/ovelanalista.com\/index.php?rest_route=\/wp\/v2\/posts\/115711","targetHints":{"allow":["GET"]}}],"collection":[{"href":"https:\/\/ovelanalista.com\/index.php?rest_route=\/wp\/v2\/posts"}],"about":[{"href":"https:\/\/ovelanalista.com\/index.php?rest_route=\/wp\/v2\/types\/post"}],"author":[{"embeddable":true,"href":"https:\/\/ovelanalista.com\/index.php?rest_route=\/wp\/v2\/users\/3"}],"replies":[{"embeddable":true,"href":"https:\/\/ovelanalista.com\/index.php?rest_route=%2Fwp%2Fv2%2Fcomments&post=115711"}],"version-history":[{"count":1,"href":"https:\/\/ovelanalista.com\/index.php?rest_route=\/wp\/v2\/posts\/115711\/revisions"}],"predecessor-version":[{"id":115714,"href":"https:\/\/ovelanalista.com\/index.php?rest_route=\/wp\/v2\/posts\/115711\/revisions\/115714"}],"wp:featuredmedia":[{"embeddable":true,"href":"https:\/\/ovelanalista.com\/index.php?rest_route=\/wp\/v2\/media\/115713"}],"wp:attachment":[{"href":"https:\/\/ovelanalista.com\/index.php?rest_route=%2Fwp%2Fv2%2Fmedia&parent=115711"}],"wp:term":[{"taxonomy":"category","embeddable":true,"href":"https:\/\/ovelanalista.com\/index.php?rest_route=%2Fwp%2Fv2%2Fcategories&post=115711"},{"taxonomy":"post_tag","embeddable":true,"href":"https:\/\/ovelanalista.com\/index.php?rest_route=%2Fwp%2Fv2%2Ftags&post=115711"}],"curies":[{"name":"wp","href":"https:\/\/api.w.org\/{rel}","templated":true}]}}