{"id":115715,"date":"2025-03-06T12:50:07","date_gmt":"2025-03-06T19:50:07","guid":{"rendered":"https:\/\/ovelanalista.com\/?p=115715"},"modified":"2025-03-06T10:51:08","modified_gmt":"2025-03-06T17:51:08","slug":"mas-de-mil-familias-desplazadas-en-sinaloa-han-recibido-apoyo-por-violencia","status":"publish","type":"post","link":"https:\/\/ovelanalista.com\/?p=115715","title":{"rendered":"M\u00e1s de mil familias desplazadas en Sinaloa han recibido apoyo por violencia"},"content":{"rendered":"<div class=\"Summary_summary__gpJTn\">\n<p class=\"Typography_text-xl__yFuoP Typography_weight-normal__pqUbH\">Las familias han sido asistidas con acceso a servicios b\u00e1sicos y diversos apoyos.<\/p>\n<p class=\"Typography_text-l__QLRR8 Typography_weight-bold__uT6mq\"><strong>Mario N\u00fa\u00f1ez<\/strong><\/p>\n<p class=\"Typography_text-default__P3otY Typography_weight-normal__pqUbH Typography_text-default__P3otY Typography_weight-normal__pqUbH\">Culiac\u00e1n, Sin.- M\u00e1s de\u00a0<b class=\"bold\">mil familias<\/b>\u00a0que han sido desplazadas por la\u00a0<b class=\"bold\">violencia<\/b>\u00a0en sus comunidades de origen han recibido apoyo en\u00a0<b class=\"bold\">Sinaloa<\/b>, inform\u00f3 la secretaria de\u00a0<b class=\"bold\">Bienestar y Desarrollo Sustentable<\/b>,\u00a0<b class=\"bold\">Mar\u00eda In\u00e9s P\u00e9rez Corral<\/b>.<\/p>\n<p class=\"Typography_text-default__P3otY Typography_weight-normal__pqUbH Typography_text-default__P3otY Typography_weight-normal__pqUbH\">Asimismo, la funcionaria estatal detall\u00f3 que actualmente son\u00a0<b class=\"bold\">mil 346 personas<\/b>\u00a0las que han sido asistidas con acceso a\u00a0<b class=\"bold\">servicios b\u00e1sicos<\/b>\u00a0y diversos\u00a0<b class=\"bold\">apoyos<\/b>.<\/p>\n<\/div>\n<div class=\"ad mexico-nota-1x1\" data-testid=\"\/2000002\/elsoldesinaloa\/mexico_nota_1x1\" data-google-query-id=\"CMnYuYGC9osDFRnt9QIdCWwjUA\">\n<p class=\"Typography_text-default__P3otY Typography_weight-normal__pqUbH Typography_text-default__P3otY Typography_weight-normal__pqUbH\"><i class=\"italic\">\u201cSon\u00a0<b class=\"bold\">mil 346<\/b>, algunas que se han movido de sus comunidades y otras que han regresado. Con el simple hecho de que haya habido\u00a0<b class=\"bold\">violencia<\/b>\u00a0en sus lugares de origen, nosotros intervenimos para brindar\u00a0<b class=\"bold\">asistencia<\/b>\u201d,<\/i>\u00a0explic\u00f3.<br \/>\n<b class=\"bold\">P\u00e9rez Corral<\/b>, destac\u00f3 que como parte de estos\u00a0<b class=\"bold\">apoyos<\/b>\u00a0que recientemente se entregaron\u00a0<b class=\"bold\">500 despensas<\/b>\u00a0en comunidades de\u00a0<b class=\"bold\">Concordia<\/b>, aunque debido a la alta demanda ser\u00e1 necesario realizar nuevas\u00a0<b class=\"bold\">entregas<\/b>.<\/p>\n<p class=\"Typography_text-default__P3otY Typography_weight-normal__pqUbH Typography_text-default__P3otY Typography_weight-normal__pqUbH\">Adem\u00e1s, se est\u00e1n impulsando\u00a0<b class=\"bold\">proyectos productivos<\/b>\u00a0para fortalecer la\u00a0<b class=\"bold\">econom\u00eda local<\/b>, como la entrega de\u00a0<b class=\"bold\">gallinas ponedoras<\/b>, apoyos a\u00a0<b class=\"bold\">panader\u00edas<\/b>\u00a0y\u00a0<b class=\"bold\">artesanos<\/b>, as\u00ed como la introducci\u00f3n de nuevos productos como\u00a0<b class=\"bold\">conejos<\/b>\u00a0y\u00a0<b class=\"bold\">cerdos<\/b>.<\/p>\n<p class=\"Typography_text-default__P3otY Typography_weight-normal__pqUbH Typography_text-default__P3otY Typography_weight-normal__pqUbH\">Finalmente,\u00a0<b class=\"bold\">Mar\u00eda In\u00e9s P\u00e9rez Corral<\/b>\u00a0tambi\u00e9n anunci\u00f3 la construcci\u00f3n de un\u00a0<b class=\"bold\">puente bimodal<\/b>\u00a0en\u00a0<b class=\"bold\">Tepehuaje<\/b>, junto con mejoras en la\u00a0<b class=\"bold\">infraestructura<\/b>, que beneficiar\u00e1n a m\u00e1s de\u00a0<b class=\"bold\">100 familias desplazadas<\/b>.<\/p>\n<\/div>\n<p>Con informaci\u00f3n de El Sol de Sinaloa<\/p>\n","protected":false},"excerpt":{"rendered":"<p>Las familias han sido asistidas con acceso a servicios b\u00e1sicos y diversos apoyos. Mario N\u00fa\u00f1ez Culiac\u00e1n, Sin.- M\u00e1s de\u00a0mil familias\u00a0que han sido desplazadas por la\u00a0violencia\u00a0en sus comunidades de origen han recibido apoyo en\u00a0Sinaloa, inform\u00f3 la secretaria de\u00a0Bienestar y Desarrollo Sustentable,\u00a0Mar\u00eda In\u00e9s P\u00e9rez Corral. Asimismo, la funcionaria estatal detall\u00f3 que actualmente son\u00a0mil 346 personas\u00a0las que han sido asistidas con acceso a\u00a0servicios b\u00e1sicos\u00a0y diversos\u00a0apoyos. \u201cSon\u00a0mil 346, algunas que se han movido de sus comunidades y otras que han regresado. Con el simple hecho de que haya habido\u00a0violencia\u00a0en sus lugares de origen, nosotros intervenimos para brindar\u00a0asistencia\u201d,\u00a0explic\u00f3. P\u00e9rez Corral, destac\u00f3 que como parte de [&hellip;]<\/p>\n","protected":false},"author":3,"featured_media":115717,"comment_status":"open","ping_status":"open","sticky":false,"template":"","format":"standard","meta":{"_jetpack_newsletter_access":"","_jetpack_dont_email_post_to_subs":false,"_jetpack_newsletter_tier_id":0,"_jetpack_memberships_contains_paywalled_content":false,"_jetpack_feature_clip_id":0,"_jetpack_memberships_contains_paid_content":false,"footnotes":"","jetpack_publicize_message":"","jetpack_publicize_feature_enabled":true,"jetpack_social_post_already_shared":true,"jetpack_social_options":{"image_generator_settings":{"template":"highway","default_image_id":0,"font":"","enabled":false},"version":2},"jetpack_post_was_ever_published":false},"categories":[90,72],"tags":[],"class_list":["post-115715","post","type-post","status-publish","format-standard","has-post-thumbnail","hentry","category-estatal","category-portada","post--single"],"jetpack_publicize_connections":[],"jetpack_featured_media_url":"https:\/\/ovelanalista.com\/wp-content\/uploads\/2025\/03\/WhatsApp-Image-2024-09-07-at-3.15.46-PM.webp","jetpack_sharing_enabled":true,"_links":{"self":[{"href":"https:\/\/ovelanalista.com\/index.php?rest_route=\/wp\/v2\/posts\/115715","targetHints":{"allow":["GET"]}}],"collection":[{"href":"https:\/\/ovelanalista.com\/index.php?rest_route=\/wp\/v2\/posts"}],"about":[{"href":"https:\/\/ovelanalista.com\/index.php?rest_route=\/wp\/v2\/types\/post"}],"author":[{"embeddable":true,"href":"https:\/\/ovelanalista.com\/index.php?rest_route=\/wp\/v2\/users\/3"}],"replies":[{"embeddable":true,"href":"https:\/\/ovelanalista.com\/index.php?rest_route=%2Fwp%2Fv2%2Fcomments&post=115715"}],"version-history":[{"count":1,"href":"https:\/\/ovelanalista.com\/index.php?rest_route=\/wp\/v2\/posts\/115715\/revisions"}],"predecessor-version":[{"id":115718,"href":"https:\/\/ovelanalista.com\/index.php?rest_route=\/wp\/v2\/posts\/115715\/revisions\/115718"}],"wp:featuredmedia":[{"embeddable":true,"href":"https:\/\/ovelanalista.com\/index.php?rest_route=\/wp\/v2\/media\/115717"}],"wp:attachment":[{"href":"https:\/\/ovelanalista.com\/index.php?rest_route=%2Fwp%2Fv2%2Fmedia&parent=115715"}],"wp:term":[{"taxonomy":"category","embeddable":true,"href":"https:\/\/ovelanalista.com\/index.php?rest_route=%2Fwp%2Fv2%2Fcategories&post=115715"},{"taxonomy":"post_tag","embeddable":true,"href":"https:\/\/ovelanalista.com\/index.php?rest_route=%2Fwp%2Fv2%2Ftags&post=115715"}],"curies":[{"name":"wp","href":"https:\/\/api.w.org\/{rel}","templated":true}]}}