{"id":115719,"date":"2025-03-06T13:10:54","date_gmt":"2025-03-06T20:10:54","guid":{"rendered":"https:\/\/ovelanalista.com\/?p=115719"},"modified":"2025-03-06T10:55:54","modified_gmt":"2025-03-06T17:55:54","slug":"muere-sujeto-lesionado-durante-enfrentamiento-en-el-rosario-sinaloa-ejercito-resguarda-hospital-ante-amenazas","status":"publish","type":"post","link":"https:\/\/ovelanalista.com\/?p=115719","title":{"rendered":"Muere sujeto lesionado durante enfrentamiento en El Rosario, Sinaloa; Ej\u00e9rcito resguarda hospital ante amenazas"},"content":{"rendered":"<div class=\"sc__header mx-auto  lg:max-w-screen-lg \">\n<p class=\"subTitle text-2xl mb-5\"><strong>La v\u00edctima fue trasladada a un hospital de la ciudad del Rosario, donde falleci\u00f3 horas despu\u00e9s a causa de las lesiones.<\/strong><\/p>\n<div id=\"fusion-app\" role=\"application\">\n<div class=\"w-full \">\n<div class=\"mx-auto w-full md:max-w-screen-md lg:max-w-screen-lg story-content\">\n<div class=\" w-full md:p-2.5 flex\">\n<div class=\"content-story \" role=\"main\">\n<div class=\"content md:flex \">\n<div class=\"columm2\" data-mrf-recirculation=\"Nota - Enlaces P\u00e1rrafos\">\n<div class=\"sc pl-3\">\n<section>\n<p class=\"sc__font-paragraph\"><b>Culiac\u00e1n.<\/b>&#8211; En un hospital del\u00a0<a href=\"https:\/\/www.eluniversal.com.mx\/estados\/\" data-mrf-link=\"https:\/\/www.eluniversal.com.mx\/estados\/\"><b>municipio de El Rosario\u00a0<\/b><\/a>falleci\u00f3 un civil que result\u00f3 herido en un<b>\u00a0enfrentamiento<\/b>\u00a0contra elementos militares en la comunidad del Valamo, donde las fuerzas federales patrullaban la zona cuando fueron atacados por hombres fuertemente armados.<\/p>\n<p class=\"sc__font-paragraph\">Seg\u00fan los datos que se conocen, el personal militar al responder la agresi\u00f3n logr\u00f3 lesionar a uno de los civiles atacantes, el cual fue trasladado a un hospital de la ciudad del Rosario, donde falleci\u00f3 horas despu\u00e9s a causa de las lesiones.<\/p>\n<p class=\"sc__font-paragraph\">Los elementos del Ej\u00e9rcito tuvieron que resguardar el hospital para evitar que los miembros del grupo armado que los atac\u00f3 intentaran rescatarlo, pese a que este result\u00f3 herido.<\/p>\n<p class=\"sc__font-paragraph\">El personal de la\u00a0<b>Fiscal\u00eda General del Estado<\/b> fue notificado de la muerte de esta persona del sexo masculino que result\u00f3 herido en un enfrentamiento con elementos del ej\u00e9rcito en la comunidad del Valamo, en la sierra del municipio del Rosario.<\/p>\n<p>Con informaci\u00f3n de El Universal<\/p>\n<\/section>\n<\/div>\n<\/div>\n<\/div>\n<\/div>\n<\/div>\n<\/div>\n<\/div>\n<\/div>\n<\/div>\n<div class=\"story-image mx-auto  lg:max-w-screen-lg\"><picture class=\"story__pic block w-full justify-center flex\"><source class=\" lazyloading\" srcset=\"https:\/\/www.eluniversal.com.mx\/resizer\/v2\/QOYVZIUEIJFXLB6BCKPGTCTE5Y.jpg?auth=b880a23581382c23ae2dffeaa1b4d88aa27102525a8f92255acf5460c5b0fa62&amp;smart=true&amp;width=300&amp;height=165\" media=\"(max-width: 360px)\" data-srcset=\"https:\/\/www.eluniversal.com.mx\/resizer\/v2\/QOYVZIUEIJFXLB6BCKPGTCTE5Y.jpg?auth=b880a23581382c23ae2dffeaa1b4d88aa27102525a8f92255acf5460c5b0fa62&amp;smart=true&amp;width=300&amp;height=165\" \/><\/picture><\/div>\n","protected":false},"excerpt":{"rendered":"<p>La v\u00edctima fue trasladada a un hospital de la ciudad del Rosario, donde falleci\u00f3 horas despu\u00e9s a causa de las lesiones. Culiac\u00e1n.&#8211; En un hospital del\u00a0municipio de El Rosario\u00a0falleci\u00f3 un civil que result\u00f3 herido en un\u00a0enfrentamiento\u00a0contra elementos militares en la comunidad del Valamo, donde las fuerzas federales patrullaban la zona cuando fueron atacados por hombres fuertemente armados. Seg\u00fan los datos que se conocen, el personal militar al responder la agresi\u00f3n logr\u00f3 lesionar a uno de los civiles atacantes, el cual fue trasladado a un hospital de la ciudad del Rosario, donde falleci\u00f3 horas despu\u00e9s a causa de las lesiones. Los [&hellip;]<\/p>\n","protected":false},"author":3,"featured_media":112041,"comment_status":"open","ping_status":"open","sticky":false,"template":"","format":"standard","meta":{"_jetpack_newsletter_access":"","_jetpack_dont_email_post_to_subs":false,"_jetpack_newsletter_tier_id":0,"_jetpack_memberships_contains_paywalled_content":false,"_jetpack_feature_clip_id":0,"_jetpack_memberships_contains_paid_content":false,"footnotes":"","jetpack_publicize_message":"","jetpack_publicize_feature_enabled":true,"jetpack_social_post_already_shared":true,"jetpack_social_options":{"image_generator_settings":{"template":"highway","default_image_id":0,"font":"","enabled":false},"version":2},"jetpack_post_was_ever_published":false},"categories":[90,72],"tags":[],"class_list":["post-115719","post","type-post","status-publish","format-standard","has-post-thumbnail","hentry","category-estatal","category-portada","post--single"],"jetpack_publicize_connections":[],"jetpack_featured_media_url":"https:\/\/ovelanalista.com\/wp-content\/uploads\/2025\/01\/cinta.webp","jetpack_sharing_enabled":true,"_links":{"self":[{"href":"https:\/\/ovelanalista.com\/index.php?rest_route=\/wp\/v2\/posts\/115719","targetHints":{"allow":["GET"]}}],"collection":[{"href":"https:\/\/ovelanalista.com\/index.php?rest_route=\/wp\/v2\/posts"}],"about":[{"href":"https:\/\/ovelanalista.com\/index.php?rest_route=\/wp\/v2\/types\/post"}],"author":[{"embeddable":true,"href":"https:\/\/ovelanalista.com\/index.php?rest_route=\/wp\/v2\/users\/3"}],"replies":[{"embeddable":true,"href":"https:\/\/ovelanalista.com\/index.php?rest_route=%2Fwp%2Fv2%2Fcomments&post=115719"}],"version-history":[{"count":1,"href":"https:\/\/ovelanalista.com\/index.php?rest_route=\/wp\/v2\/posts\/115719\/revisions"}],"predecessor-version":[{"id":115723,"href":"https:\/\/ovelanalista.com\/index.php?rest_route=\/wp\/v2\/posts\/115719\/revisions\/115723"}],"wp:featuredmedia":[{"embeddable":true,"href":"https:\/\/ovelanalista.com\/index.php?rest_route=\/wp\/v2\/media\/112041"}],"wp:attachment":[{"href":"https:\/\/ovelanalista.com\/index.php?rest_route=%2Fwp%2Fv2%2Fmedia&parent=115719"}],"wp:term":[{"taxonomy":"category","embeddable":true,"href":"https:\/\/ovelanalista.com\/index.php?rest_route=%2Fwp%2Fv2%2Fcategories&post=115719"},{"taxonomy":"post_tag","embeddable":true,"href":"https:\/\/ovelanalista.com\/index.php?rest_route=%2Fwp%2Fv2%2Ftags&post=115719"}],"curies":[{"name":"wp","href":"https:\/\/api.w.org\/{rel}","templated":true}]}}