{"id":115736,"date":"2025-03-06T14:00:26","date_gmt":"2025-03-06T21:00:26","guid":{"rendered":"https:\/\/ovelanalista.com\/?p=115736"},"modified":"2025-03-06T11:29:58","modified_gmt":"2025-03-06T18:29:58","slug":"6-de-marzo-el-talento-de-lopez-saenz-como-parte-del-patrimonio-cultural-de-mazatlan","status":"publish","type":"post","link":"https:\/\/ovelanalista.com\/?p=115736","title":{"rendered":"6 de marzo: El talento de L\u00f3pez S\u00e1enz como parte del patrimonio cultural de Mazatl\u00e1n"},"content":{"rendered":"<div class=\"Summary_summary__gpJTn\">\n<p class=\"Typography_text-xl__yFuoP Typography_weight-normal__pqUbH\">El D\u00eda Internacional del Escultor es una de las fechas para recordar a uno de los grandes sinaloenses dedicados a crear arte en madera, piedra o bronce.<\/p>\n<p class=\"Typography_text-l__QLRR8 Typography_weight-bold__uT6mq\"><strong>Alejandra Morales<\/strong><\/p>\n<p class=\"Typography_text-default__P3otY Typography_weight-normal__pqUbH Typography_text-default__P3otY Typography_weight-normal__pqUbH\">Culiac\u00e1n, Sin.- Cada 6 de marzo se celebra el\u00a0<b class=\"bold\">D\u00eda Internacional del Escultor en honor al nacimiento de Miguel \u00c1ngel Buonarroti,\u00a0<\/b>uno de los m\u00e1s\u00a0<b class=\"bold\">grandes exponentes de la escultura del Renacimiento.\u00a0<\/b><\/p>\n<p class=\"Typography_text-default__P3otY Typography_weight-normal__pqUbH Typography_text-default__P3otY Typography_weight-normal__pqUbH\">Esta fecha reconoce la importancia de la escultura como una de las formas de arte m\u00e1s antiguas y poderosas, capaz de transmitir emociones,\u00a0<b class=\"bold\">cultura e identidad a trav\u00e9s de materiales como piedra, bronce o madera.<\/b><\/p>\n<p class=\"Typography_text-default__P3otY Typography_weight-normal__pqUbH Typography_text-default__P3otY Typography_weight-normal__pqUbH\"><b class=\"bold\">Dentro del estado de Sinaloa,<\/b>\u00a0la escultura ha encontrado artistas talentosos\u00a0<b class=\"bold\">que han dejado su huella\u00a0<\/b>en el estado y m\u00e1s all\u00e1.<\/p>\n<p class=\"Typography_text-default__P3otY Typography_weight-normal__pqUbH Typography_text-default__P3otY Typography_weight-normal__pqUbH\">Entre los\u00a0<b class=\"bold\">creativos sinaloenses<\/b>\u00a0que se han dedicado a la escultura,\u00a0<b class=\"bold\">Antonio L\u00f3pez S\u00e1enz\u00a0<\/b>es uno de los m\u00e1s recordados y queridos.<\/p>\n<h2 class=\"Typography_text-xl__yFuoP Typography_weight-normal__pqUbH SubHead_sub-head__PVEMA\">Antonio L\u00f3pez S\u00e1enz<\/h2>\n<p class=\"Typography_text-default__P3otY Typography_weight-normal__pqUbH Typography_text-default__P3otY Typography_weight-normal__pqUbH\">M\u00e1s reconocido como pintor,\u00a0<b class=\"bold\">Antonio L\u00f3pez S\u00e1enz<\/b>\u00a0tambi\u00e9n dej\u00f3 un importante legado en la escultura,\u00a0<b class=\"bold\">pues su estilo costumbrista captura escenas de la vida cotidiana de su natal Mazatl\u00e1n<\/b>, con personajes que\u00a0<b class=\"bold\">evocan la nostalgia y el encanto del puerto.<\/b><\/p>\n<p class=\"Typography_text-default__P3otY Typography_weight-normal__pqUbH Typography_text-default__P3otY Typography_weight-normal__pqUbH\">Entre sus esculturas m\u00e1s emblem\u00e1ticas est\u00e1n\u00a0<b class=\"bold\"><i class=\"italic\">\u201cMonumento a la Pulmon\u00eda\u201d,<\/i><\/b>\u00a0que rinde homenaje a este ic\u00f3nico medio de transporte mazatleco,\u00a0<b class=\"bold\"><i class=\"italic\">y \u201cEscultura a la Mujer Mazatleca\u201d<\/i><\/b>, ubicada en el malec\u00f3n.<\/p>\n<p class=\"Typography_text-default__P3otY Typography_weight-normal__pqUbH Typography_text-default__P3otY Typography_weight-normal__pqUbH\">Su legado trasciende a\u00a0<b class=\"bold\">nivel nacional e internacional,<\/b>\u00a0ya que sus pinturas han sido expuestas en diversos pa\u00edses y\u00a0<b class=\"bold\">forman parte de colecciones privadas y museos.<\/b><\/p>\n<p class=\"Typography_text-default__P3otY Typography_weight-normal__pqUbH Typography_text-default__P3otY Typography_weight-normal__pqUbH\">Por otro lado, su estilo,\u00a0<b class=\"bold\">marcado por una paleta de colores suaves y figuras estilizadas<\/b>, transmite un profundo sentido de identidad y nostalgia por la vida en el puerto.<\/p>\n<p class=\"Typography_text-default__P3otY Typography_weight-normal__pqUbH Typography_text-default__P3otY Typography_weight-normal__pqUbH\"><b class=\"bold\">Antonio L\u00f3pez S\u00e1enz es considerado uno de los artistas m\u00e1s importantes de Sinaloa,<\/b>\u00a0y su trabajo sigue siendo una referencia fundamental en la cultura visual del estado.<\/p>\n<p>Con informaci\u00f3n de El Sol de Sinaloa<\/p>\n<\/div>\n","protected":false},"excerpt":{"rendered":"<p>El D\u00eda Internacional del Escultor es una de las fechas para recordar a uno de los grandes sinaloenses dedicados a crear arte en madera, piedra o bronce. Alejandra Morales Culiac\u00e1n, Sin.- Cada 6 de marzo se celebra el\u00a0D\u00eda Internacional del Escultor en honor al nacimiento de Miguel \u00c1ngel Buonarroti,\u00a0uno de los m\u00e1s\u00a0grandes exponentes de la escultura del Renacimiento.\u00a0 Esta fecha reconoce la importancia de la escultura como una de las formas de arte m\u00e1s antiguas y poderosas, capaz de transmitir emociones,\u00a0cultura e identidad a trav\u00e9s de materiales como piedra, bronce o madera. Dentro del estado de Sinaloa,\u00a0la escultura ha encontrado [&hellip;]<\/p>\n","protected":false},"author":3,"featured_media":115739,"comment_status":"open","ping_status":"open","sticky":false,"template":"","format":"standard","meta":{"_jetpack_newsletter_access":"","_jetpack_dont_email_post_to_subs":false,"_jetpack_newsletter_tier_id":0,"_jetpack_memberships_contains_paywalled_content":false,"_jetpack_feature_clip_id":0,"_jetpack_memberships_contains_paid_content":false,"footnotes":"","jetpack_publicize_message":"","jetpack_publicize_feature_enabled":true,"jetpack_social_post_already_shared":true,"jetpack_social_options":{"image_generator_settings":{"template":"highway","default_image_id":0,"font":"","enabled":false},"version":2},"jetpack_post_was_ever_published":false},"categories":[90,72],"tags":[],"class_list":["post-115736","post","type-post","status-publish","format-standard","has-post-thumbnail","hentry","category-estatal","category-portada","post--single"],"jetpack_publicize_connections":[],"jetpack_featured_media_url":"https:\/\/ovelanalista.com\/wp-content\/uploads\/2025\/03\/IMG_0825.webp","jetpack_sharing_enabled":true,"_links":{"self":[{"href":"https:\/\/ovelanalista.com\/index.php?rest_route=\/wp\/v2\/posts\/115736","targetHints":{"allow":["GET"]}}],"collection":[{"href":"https:\/\/ovelanalista.com\/index.php?rest_route=\/wp\/v2\/posts"}],"about":[{"href":"https:\/\/ovelanalista.com\/index.php?rest_route=\/wp\/v2\/types\/post"}],"author":[{"embeddable":true,"href":"https:\/\/ovelanalista.com\/index.php?rest_route=\/wp\/v2\/users\/3"}],"replies":[{"embeddable":true,"href":"https:\/\/ovelanalista.com\/index.php?rest_route=%2Fwp%2Fv2%2Fcomments&post=115736"}],"version-history":[{"count":1,"href":"https:\/\/ovelanalista.com\/index.php?rest_route=\/wp\/v2\/posts\/115736\/revisions"}],"predecessor-version":[{"id":115740,"href":"https:\/\/ovelanalista.com\/index.php?rest_route=\/wp\/v2\/posts\/115736\/revisions\/115740"}],"wp:featuredmedia":[{"embeddable":true,"href":"https:\/\/ovelanalista.com\/index.php?rest_route=\/wp\/v2\/media\/115739"}],"wp:attachment":[{"href":"https:\/\/ovelanalista.com\/index.php?rest_route=%2Fwp%2Fv2%2Fmedia&parent=115736"}],"wp:term":[{"taxonomy":"category","embeddable":true,"href":"https:\/\/ovelanalista.com\/index.php?rest_route=%2Fwp%2Fv2%2Fcategories&post=115736"},{"taxonomy":"post_tag","embeddable":true,"href":"https:\/\/ovelanalista.com\/index.php?rest_route=%2Fwp%2Fv2%2Ftags&post=115736"}],"curies":[{"name":"wp","href":"https:\/\/api.w.org\/{rel}","templated":true}]}}