{"id":115786,"date":"2025-03-07T12:00:43","date_gmt":"2025-03-07T19:00:43","guid":{"rendered":"https:\/\/ovelanalista.com\/?p=115786"},"modified":"2025-03-07T11:30:26","modified_gmt":"2025-03-07T18:30:26","slug":"no-hay-necesidad-de-un-paro-sheinbaum-a-maestros-inconformes-por-ley-del-issste","status":"publish","type":"post","link":"https:\/\/ovelanalista.com\/?p=115786","title":{"rendered":"No hay necesidad de un paro: Sheinbaum a maestros inconformes por Ley del ISSSTE"},"content":{"rendered":"<p>La presidenta Claudia Sheinbaum detall\u00f3 que con la reforma a la Ley del ISSSTE no se afectar\u00e1 a maestros del pa\u00eds.<\/p>\n<p>La presidenta de M\u00e9xico,\u00a0<a href=\"https:\/\/x.com\/Claudiashein\" target=\"_blank\" rel=\"noreferrer noopener\"><span class=\"s1\"><b>Claudia<\/b><\/span><\/a><b>\u00a0Sheinbaum Pardo<\/b>, detall\u00f3 que\u00a0<strong>no hay necesidad<\/strong>\u00a0de que los\u00a0<strong>maestros<\/strong>\u00a0vayan a un\u00a0<strong>paro nacional<\/strong>\u00a0por su\u00a0<strong>inconformidad<\/strong>\u00a0ante la\u00a0<strong>reforma<\/strong>\u00a0a la\u00a0<strong>Ley del ISSSTE<\/strong>, que\u00a0contempla un aumento en el pago de cuotas.<\/p>\n<p><iframe loading=\"lazy\" title=\"#Ma\u00f1aneraDelPueblo desde Palacio Nacional. Viernes 07 de marzo 2025\" width=\"1200\" height=\"675\" src=\"https:\/\/www.youtube.com\/embed\/LXXTY_p2mR4?feature=oembed\" frameborder=\"0\" allow=\"accelerometer; autoplay; clipboard-write; encrypted-media; gyroscope; picture-in-picture; web-share\" referrerpolicy=\"strict-origin-when-cross-origin\" allowfullscreen><\/iframe><\/p>\n<p class=\"p1\">En la conferencia matutina de Palacio Nacional, Sheinbaum Pardo dej\u00f3 en claro que no se har\u00e1 nada en contra de los maestros del pa\u00eds, e incluso plante\u00f3 una reuni\u00f3n con integrantes del Sindicato Nacional de Trabajadores de la Educaci\u00f3n (<strong>SNTE<\/strong>) y la Coordinadora Nacional de Trabajadores de la Educaci\u00f3n (<strong>CNTE<\/strong>) para explicar dicha reforma.<\/p>\n<p>\u201cEn lo que tiene que ver con lo que nosotros propusimos para cambiar la ley del ISSSTE tiene que ver esencialmente con disminuir, condonar cr\u00e9ditos del FOVISSSTE que era para beneficio de los maestros y maestras, por alguna raz\u00f3n no fue digamos planteado adecuadamente o informado adecuadamente no necesariamente desde el Gobierno, sino que no hubo suficiente informaci\u00f3n y a lo mejor se malentendi\u00f3\u201d, se\u00f1al\u00f3.<\/p>\n<p>\u201cQue sepan que no vamos a hacer nada en contra de los maestros y maestras de M\u00e9xico, al rev\u00e9s, lo que queremos es seguir trabajando conjuntamente para mejorar las condiciones de trabajo salariales\u201d, argument\u00f3.<\/p>\n<blockquote><p>No hay necesidad (de un paro nacional), claro est\u00e1n en su derecho, pero no hay ninguna necesidad. Se van a reunir con la secretaria de Gobernaci\u00f3n y si es necesario me re\u00fano con ellos para explicar adecuadamente lo que se planteaba que era en relaci\u00f3n al FOVISSSTE principalmente y c\u00f3mo estamos trabajando para mejorar las condiciones de jubilaci\u00f3n de las y los maestros de M\u00e9xico\u201d, puntualiz\u00f3.<\/p><\/blockquote>\n<p>Docentes\u00a0de al menos ocho entidades han realizado protestas contra la reforma a la Ley del ISSSTE que plantea el Gobierno federal, incluido un paro nacional de 48 hortas.<\/p>\n<p>Las entidades que han realizado manifestaciones en las \u00faltimas horas son Chiapas, Oaxaca, Ciudad de M\u00e9xico, Baja California, Guerrero, Hidalgo, Jalisco y Aguascalientes.<\/p>\n<p>La reforma a la Ley del ISSSTE propone que solo los trabajadores de confianza con altas percepciones aporten un mayor porcentaje para el sistema de salud del ISSSTE, con el objetivo de mejorarlo.<\/p>\n<p class=\"p1\">Con informaci\u00f3n de L\u00f3pez-D\u00f3riga Digital<\/p>\n","protected":false},"excerpt":{"rendered":"<p>La presidenta Claudia Sheinbaum detall\u00f3 que con la reforma a la Ley del ISSSTE no se afectar\u00e1 a maestros del pa\u00eds. La presidenta de M\u00e9xico,\u00a0Claudia\u00a0Sheinbaum Pardo, detall\u00f3 que\u00a0no hay necesidad\u00a0de que los\u00a0maestros\u00a0vayan a un\u00a0paro nacional\u00a0por su\u00a0inconformidad\u00a0ante la\u00a0reforma\u00a0a la\u00a0Ley del ISSSTE, que\u00a0contempla un aumento en el pago de cuotas. En la conferencia matutina de Palacio Nacional, Sheinbaum Pardo dej\u00f3 en claro que no se har\u00e1 nada en contra de los maestros del pa\u00eds, e incluso plante\u00f3 una reuni\u00f3n con integrantes del Sindicato Nacional de Trabajadores de la Educaci\u00f3n (SNTE) y la Coordinadora Nacional de Trabajadores de la Educaci\u00f3n (CNTE) para explicar [&hellip;]<\/p>\n","protected":false},"author":3,"featured_media":115790,"comment_status":"open","ping_status":"open","sticky":false,"template":"","format":"standard","meta":{"_jetpack_newsletter_access":"","_jetpack_dont_email_post_to_subs":false,"_jetpack_newsletter_tier_id":0,"_jetpack_memberships_contains_paywalled_content":false,"_jetpack_feature_clip_id":0,"_jetpack_memberships_contains_paid_content":false,"footnotes":"","jetpack_publicize_message":"","jetpack_publicize_feature_enabled":true,"jetpack_social_post_already_shared":true,"jetpack_social_options":{"image_generator_settings":{"template":"highway","default_image_id":0,"font":"","enabled":false},"version":2},"jetpack_post_was_ever_published":false},"categories":[75,72],"tags":[],"class_list":["post-115786","post","type-post","status-publish","format-standard","has-post-thumbnail","hentry","category-nacional","category-portada","post--single"],"jetpack_publicize_connections":[],"jetpack_featured_media_url":"https:\/\/ovelanalista.com\/wp-content\/uploads\/2025\/03\/protesta-cnte-cdmx-ley-del-issste.webp","jetpack_sharing_enabled":true,"_links":{"self":[{"href":"https:\/\/ovelanalista.com\/index.php?rest_route=\/wp\/v2\/posts\/115786","targetHints":{"allow":["GET"]}}],"collection":[{"href":"https:\/\/ovelanalista.com\/index.php?rest_route=\/wp\/v2\/posts"}],"about":[{"href":"https:\/\/ovelanalista.com\/index.php?rest_route=\/wp\/v2\/types\/post"}],"author":[{"embeddable":true,"href":"https:\/\/ovelanalista.com\/index.php?rest_route=\/wp\/v2\/users\/3"}],"replies":[{"embeddable":true,"href":"https:\/\/ovelanalista.com\/index.php?rest_route=%2Fwp%2Fv2%2Fcomments&post=115786"}],"version-history":[{"count":1,"href":"https:\/\/ovelanalista.com\/index.php?rest_route=\/wp\/v2\/posts\/115786\/revisions"}],"predecessor-version":[{"id":115791,"href":"https:\/\/ovelanalista.com\/index.php?rest_route=\/wp\/v2\/posts\/115786\/revisions\/115791"}],"wp:featuredmedia":[{"embeddable":true,"href":"https:\/\/ovelanalista.com\/index.php?rest_route=\/wp\/v2\/media\/115790"}],"wp:attachment":[{"href":"https:\/\/ovelanalista.com\/index.php?rest_route=%2Fwp%2Fv2%2Fmedia&parent=115786"}],"wp:term":[{"taxonomy":"category","embeddable":true,"href":"https:\/\/ovelanalista.com\/index.php?rest_route=%2Fwp%2Fv2%2Fcategories&post=115786"},{"taxonomy":"post_tag","embeddable":true,"href":"https:\/\/ovelanalista.com\/index.php?rest_route=%2Fwp%2Fv2%2Ftags&post=115786"}],"curies":[{"name":"wp","href":"https:\/\/api.w.org\/{rel}","templated":true}]}}