{"id":115798,"date":"2025-03-07T12:40:09","date_gmt":"2025-03-07T19:40:09","guid":{"rendered":"https:\/\/ovelanalista.com\/?p=115798"},"modified":"2025-03-07T11:37:09","modified_gmt":"2025-03-07T18:37:09","slug":"no-hay-acuerdos-en-lo-oscurito-con-ee-uu-sheinbaum-tras-pausa-de-aranceles","status":"publish","type":"post","link":"https:\/\/ovelanalista.com\/?p=115798","title":{"rendered":"No hay acuerdos en lo \u2018oscurito\u2019 con EE.UU.: Sheinbaum tras pausa de aranceles"},"content":{"rendered":"<p>La presidenta Sheinbaum apunt\u00f3 que no hay acuerdos secretos con EE.UU. tras eximir de aranceles por un mes a productos mexicanos.<\/p>\n<p>La presidenta\u00a0<a href=\"https:\/\/x.com\/Claudiashein\" target=\"_blank\" rel=\"noreferrer noopener\"><span class=\"s1\"><b>Claudia<\/b><\/span><\/a><b>\u00a0Sheinbaum Pardo<\/b>\u00a0dej\u00f3 en claro que\u00a0<strong>no hay acuerdos<\/strong>\u00a0\u201cen lo\u00a0<strong><em>oscurito<\/em><\/strong>\u201c, tras convenir\u00a0con\u00a0<strong>Estados Unidos<\/strong>\u00a0<strong>eximir<\/strong>\u00a0de\u00a0<strong>aranceles<\/strong>\u00a0a productos de M\u00e9xico durante un mes.<\/p>\n<p><iframe loading=\"lazy\" title=\"#Ma\u00f1aneraDelPueblo desde Palacio Nacional. Viernes 07 de marzo 2025\" width=\"1200\" height=\"675\" src=\"https:\/\/www.youtube.com\/embed\/LXXTY_p2mR4?feature=oembed\" frameborder=\"0\" allow=\"accelerometer; autoplay; clipboard-write; encrypted-media; gyroscope; picture-in-picture; web-share\" referrerpolicy=\"strict-origin-when-cross-origin\" allowfullscreen><\/iframe><\/p>\n<p>En la conferencia matutina de Palacio Nacional, Sheinbaum Pardo detall\u00f3 que se comprometi\u00f3 con el pueblo de M\u00e9xico a \u201cno mentir, no robar y no traicionar al pueblo\u201d de M\u00e9xico durante este aste acuerdo alcanzado con la Administraci\u00f3n de Donald Trump.<\/p>\n<blockquote><p>Eso es muy importante: yo me compromet\u00ed a no mentir, no robar y no traicionar al pueblo. Nosotros no mentimos, no es que haya una negociaci\u00f3n en lo oscurito con EE.UU.\u201d, refiri\u00f3.<\/p><\/blockquote>\n<p>\u201cLo que hubo fue una pl\u00e1tica de decir \u2018hay resultados en seguridad y se hizo todo esto por parte de M\u00e9xico\u2019, y no solo para que no llegue fentanilo a EE.UU. sino porque nosotros tenemos una responsabilidad con el pueblo de M\u00e9xico de alcanzar la paz ya la seguridad, que tiene que ver con la justicia\u201d, destac\u00f3.<\/p>\n<p>\u201cSencillamente se dijo vamos a seguir colaborando, trabajando, en el marco de un acuerdo general que se logr\u00f3 durante una reuni\u00f3n en Washington\u201d, puntualiz\u00f3.<\/p>\n<p>El presidente de Estados Unidos, Donald Trump,\u00a0<a href=\"https:\/\/lopezdoriga.com\/economia-y-finanzas\/trump-anuncia-exencion-aranceles-mexico-t-mec\/\" target=\"_blank\" rel=\"noopener\">anunci\u00f3 una pausa<\/a>\u00a0hasta el 2 de abril de los aranceles del 25 por ciento a M\u00e9xico para los productos cubiertos por el acuerdo del<strong>\u00a0T-MEC<\/strong>.<\/p>\n<p>Trump anunci\u00f3 su decisi\u00f3n tras conversar la ma\u00f1ana del 6 de marzo con la presidenta mexicana, Claudia Sheinbaum.<\/p>\n<p>\u201cDespu\u00e9s de hablar con la presidenta Claudia Sheinbaum de M\u00e9xico, hemos acordado que M\u00e9xico no tendr\u00e1 que pagar aranceles sobre cualquier cosa que est\u00e9 bajo el acuerdo T-MEC. Esto ser\u00e1 v\u00e1lido hasta el 2 de abril\u201d, anunci\u00f3 Trump en su red social, Truth Social.<\/p>\n<p>\u201cLo hago como una medida de cortes\u00eda y por respeto a la presidenta Sheinbaum. Nuestra relaci\u00f3n ha sido muy buena y estamos trabajando arduamente, juntos, en la frontera, tanto en t\u00e9rminos de detener la entrada ilegal de extranjeros a Estados Unidos como en la lucha contra el fentanilo\u201d, a\u00f1adi\u00f3.<\/p>\n<p>Con informaci\u00f3n de L\u00f3pez-D\u00f3riga Digital<\/p>\n<p>&nbsp;<\/p>\n","protected":false},"excerpt":{"rendered":"<p>La presidenta Sheinbaum apunt\u00f3 que no hay acuerdos secretos con EE.UU. tras eximir de aranceles por un mes a productos mexicanos. La presidenta\u00a0Claudia\u00a0Sheinbaum Pardo\u00a0dej\u00f3 en claro que\u00a0no hay acuerdos\u00a0\u201cen lo\u00a0oscurito\u201c, tras convenir\u00a0con\u00a0Estados Unidos\u00a0eximir\u00a0de\u00a0aranceles\u00a0a productos de M\u00e9xico durante un mes. En la conferencia matutina de Palacio Nacional, Sheinbaum Pardo detall\u00f3 que se comprometi\u00f3 con el pueblo de M\u00e9xico a \u201cno mentir, no robar y no traicionar al pueblo\u201d de M\u00e9xico durante este aste acuerdo alcanzado con la Administraci\u00f3n de Donald Trump. Eso es muy importante: yo me compromet\u00ed a no mentir, no robar y no traicionar al pueblo. Nosotros no mentimos, [&hellip;]<\/p>\n","protected":false},"author":3,"featured_media":115802,"comment_status":"open","ping_status":"open","sticky":false,"template":"","format":"standard","meta":{"_jetpack_newsletter_access":"","_jetpack_dont_email_post_to_subs":false,"_jetpack_newsletter_tier_id":0,"_jetpack_memberships_contains_paywalled_content":false,"_jetpack_feature_clip_id":0,"_jetpack_memberships_contains_paid_content":false,"footnotes":"","jetpack_publicize_message":"","jetpack_publicize_feature_enabled":true,"jetpack_social_post_already_shared":true,"jetpack_social_options":{"image_generator_settings":{"template":"highway","default_image_id":0,"font":"","enabled":false},"version":2},"jetpack_post_was_ever_published":false},"categories":[75,72],"tags":[],"class_list":["post-115798","post","type-post","status-publish","format-standard","has-post-thumbnail","hentry","category-nacional","category-portada","post--single"],"jetpack_publicize_connections":[],"jetpack_featured_media_url":"https:\/\/ovelanalista.com\/wp-content\/uploads\/2025\/03\/sheinbaum-aranceles-eeuu-2.webp","jetpack_sharing_enabled":true,"_links":{"self":[{"href":"https:\/\/ovelanalista.com\/index.php?rest_route=\/wp\/v2\/posts\/115798","targetHints":{"allow":["GET"]}}],"collection":[{"href":"https:\/\/ovelanalista.com\/index.php?rest_route=\/wp\/v2\/posts"}],"about":[{"href":"https:\/\/ovelanalista.com\/index.php?rest_route=\/wp\/v2\/types\/post"}],"author":[{"embeddable":true,"href":"https:\/\/ovelanalista.com\/index.php?rest_route=\/wp\/v2\/users\/3"}],"replies":[{"embeddable":true,"href":"https:\/\/ovelanalista.com\/index.php?rest_route=%2Fwp%2Fv2%2Fcomments&post=115798"}],"version-history":[{"count":1,"href":"https:\/\/ovelanalista.com\/index.php?rest_route=\/wp\/v2\/posts\/115798\/revisions"}],"predecessor-version":[{"id":115803,"href":"https:\/\/ovelanalista.com\/index.php?rest_route=\/wp\/v2\/posts\/115798\/revisions\/115803"}],"wp:featuredmedia":[{"embeddable":true,"href":"https:\/\/ovelanalista.com\/index.php?rest_route=\/wp\/v2\/media\/115802"}],"wp:attachment":[{"href":"https:\/\/ovelanalista.com\/index.php?rest_route=%2Fwp%2Fv2%2Fmedia&parent=115798"}],"wp:term":[{"taxonomy":"category","embeddable":true,"href":"https:\/\/ovelanalista.com\/index.php?rest_route=%2Fwp%2Fv2%2Fcategories&post=115798"},{"taxonomy":"post_tag","embeddable":true,"href":"https:\/\/ovelanalista.com\/index.php?rest_route=%2Fwp%2Fv2%2Ftags&post=115798"}],"curies":[{"name":"wp","href":"https:\/\/api.w.org\/{rel}","templated":true}]}}