{"id":115804,"date":"2025-03-07T13:00:03","date_gmt":"2025-03-07T20:00:03","guid":{"rendered":"https:\/\/ovelanalista.com\/?p=115804"},"modified":"2025-03-07T11:39:51","modified_gmt":"2025-03-07T18:39:51","slug":"operacion-frontera-norte-suman-mil-199-detenidos-y-mil-136-armas-aseguradas","status":"publish","type":"post","link":"https:\/\/ovelanalista.com\/?p=115804","title":{"rendered":"Operaci\u00f3n Frontera Norte: suman mil 199 detenidos y mil 136 armas aseguradas"},"content":{"rendered":"<p>Estos son los m\u00e1s recientes resultados de la Operaci\u00f3n Frontera Norte para reforzar la seguridad en la zona fronteriza.<\/p>\n<p>La\u00a0<strong>Operaci\u00f3n Frontera Norte<\/strong>, activa desde el 5 de febrero pasado, suma\u00a0<strong>mil 199 personas detenidas<\/strong>\u00a0y\u00a0<strong>mil 136 armas de fuego aseguradas<\/strong>.<\/p>\n<div id=\"standard_2\" class=\"st-placement standard_2 inArticle\">\n<div class=\"st-adunit-inarticle st-inarticle-slot\">\n<div class=\"st-adunit st-adunit-tagged st-reset st-show\">\n<div class=\"st-adunit-ad st-reset\">\n<div class=\"st-display-render st-reset open 970x250\">\n<div class=\"x-to-close st-reset\">\n<p>La operaci\u00f3n se cre\u00f3 para\u00a0<strong>reforzar<\/strong>\u00a0la\u00a0<strong>seguridad<\/strong>\u00a0en la\u00a0<strong>zona<\/strong>\u00a0<strong>fronteriza\u00a0<\/strong>y\u00a0<strong>evitar<\/strong>\u00a0el\u00a0<strong>tr\u00e1fico de drogas<\/strong>,\u00a0<strong>personas<\/strong>\u00a0y\u00a0<strong>armas de fuego<\/strong>.<\/p>\n<figure id=\"attachment_1695771\" class=\"wp-caption alignnone\" aria-labelledby=\"figcaption_attachment_1695771\">\n<div id=\"standard_5\" class=\"st-placement standard_5 inImage\">\n<div class=\"st-adunit st-adunit-tagged st-reset st-show\"><\/div>\n<\/div>\n<p><a href=\"https:\/\/i0.wp.com\/lopezdoriga.com\/wp-content\/uploads\/2025\/03\/operacion-frontera-de-sinaloa.png?ssl=1\" target=\"_blank\" rel=\"noreferrer noopener\"><img loading=\"lazy\" decoding=\"async\" class=\"size-large wp-image-1695771 img-responsive \" title=\"\" src=\"https:\/\/i0.wp.com\/lopezdoriga.com\/wp-content\/uploads\/2025\/03\/operacion-frontera-de-sinaloa.png?resize=800%2C404&amp;ssl=1\" sizes=\"auto, (max-width: 800px) 100vw, 800px\" srcset=\"https:\/\/i0.wp.com\/lopezdoriga.com\/wp-content\/uploads\/2025\/03\/operacion-frontera-de-sinaloa.png?resize=1024%2C517&amp;ssl=1 1024w, https:\/\/i0.wp.com\/lopezdoriga.com\/wp-content\/uploads\/2025\/03\/operacion-frontera-de-sinaloa.png?resize=300%2C151&amp;ssl=1 300w, https:\/\/i0.wp.com\/lopezdoriga.com\/wp-content\/uploads\/2025\/03\/operacion-frontera-de-sinaloa.png?resize=768%2C388&amp;ssl=1 768w, https:\/\/i0.wp.com\/lopezdoriga.com\/wp-content\/uploads\/2025\/03\/operacion-frontera-de-sinaloa.png?w=1113&amp;ssl=1 1113w\" alt=\"Operaci\u00f3n Frontera Norte: suman mil 199 detenidos y mil 136 armas aseguradas - operacion-frontera-de-sinaloa-1024x517\" width=\"800\" height=\"404\" data-recalc-dims=\"1\" \/><\/a><figcaption id=\"figcaption_attachment_1695771\" class=\"wp-caption-text\">Operaci\u00f3n Frontera en Sinaloa. Foto de SSPC<\/figcaption><\/figure>\n<p>Tan solo este 6 de marzo se tuvieron los siguientes resultados:<\/p>\n<article id=\"post-1695768\" class=\"post article-layout container-fluid post-1695768 type-post status-publish format-standard has-post-thumbnail hentry category-estados category-nacional tag-armas-aseguradas tag-detenidos tag-operacion-frontera\" data-postid=\"1695768\" data-slug=\"\/nacional\/operacion-frontera-norte-suman-mil-199-detenidos-mil-136-armas-aseguradas\/\" data-post-id=\"1695768\" data-meta=\"{&quot;id&quot;:&quot;1695768&quot;,&quot;infinitescroll_off&quot;:&quot;false&quot;,&quot;exclude_adunits&quot;:[],&quot;hide_adx&quot;:&quot;false&quot;,&quot;hide_ads&quot;:&quot;false&quot;,&quot;canal&quot;:[&quot;Estados&quot;,&quot;Nacional&quot;],&quot;tags&quot;:[&quot;armas-aseguradas&quot;,&quot;detenidos&quot;,&quot;operacion-frontera&quot;],&quot;seo&quot;:&quot;Operaci\\u00f3n Frontera Norte: suman mil 199 detenidos y mil 136 armas aseguradas&quot;}\" data-is-tracking=\"true\" data-scroll-index=\"0\">\n<div class=\"row\">\n<div class=\"entry-content entry-grid mx-auto col-12 col-lg-12 col-xl-10\">\n<div class=\"entry-grid__content-area2 entry-main-text\">\n<div class=\"row\">\n<div class=\"col-12 col-lg-8\">\n<div class=\"article-content\">\n<p><strong>Baja California<\/strong><br \/>\nSe detuvo a nueve personas y se aseguraron un arma corta, cuatro veh\u00edculos y un inmueble.<\/p>\n<p><strong>Chihuahua<\/strong><br \/>\nSe detuvo a una persona y se aseguraron un arma corta, dos cargadores, 10 cartuchos, 10 kg de mariguana y un veh\u00edculo.<\/p>\n<p><strong>Sinaloa<\/strong><br \/>\nSe detuvo a tres personas, se aseguraron tres armas, tres cargadores, 37 cartuchos, 50 pastillas de fentanilo y tres inmuebles.<\/p>\n<p>En El Rosario, se aseguraron dos armas largas, 36 cargadores, cartuchos de diversos calibres, 31 artefactos explosivos improvisados, dos drones, equipo t\u00e1ctico diverso y cargadores para equipos de comunicaci\u00f3n.<\/p>\n<p><strong>Sonora<\/strong><br \/>\nEn el Centro de Reinserci\u00f3n Social de Caborca, se aseguraron 61 armas blancas, tres celulares, un disco duro, 15 frascos de vidrio, 16 encendedores, tres insecticidas, 17 gorras, 18 cinturones, 10 barajas y cuatro botes de aerosol.<\/p>\n<p>En General Plutarco El\u00edas Calles, se aseguraron tres armas largas, 24 cargadores, 156 cartuchos y dos chalecos t\u00e1cticos.<\/p>\n<p><strong>Tamaulipas<\/strong><br \/>\nEn Matamoros, se aseguraron 10 armas de fuego, 9 cargadores, 358 cartuchos y un veh\u00edculo.<\/p>\n<p>En Ciudad Mier, se aseguraron cuatro armas largas, 78 cargadores y mil 515 cartuchos.<\/p>\n<p>Con informaci\u00f3n de L\u00f3pez-D\u00f3riga Digital<\/p>\n<\/div>\n<\/div>\n<div class=\"col-12 col-lg-4 d-none d-lg-block\">\n<div class=\"sidebar-content-area\">\n<div id=\"ros-box-a-67cb364cc6979\" class=\"ad-container dfp-ad-unit ad-custom ad-boxbanner ad-slot\" data-ad-type=\"custom\" data-slot=\"ros-box-a\" data-ad-setup=\"{&quot;postID&quot;:1695768,&quot;css&quot;:&quot;ad-boxbanner&quot;,&quot;canRefresh&quot;:true,&quot;mappings&quot;:{&quot;sizes&quot;:[[300,250],[300,600]],&quot;desktop&quot;:[[300,250],[300,600]],&quot;mobile&quot;:[],&quot;all&quot;:[]},&quot;infinitescroll&quot;:false}\" data-ad-loaded=\"1\" data-google-query-id=\"CPqMw_HO-IsDFZeFpgQdT-IwjA\"><\/div>\n<\/div>\n<\/div>\n<\/div>\n<\/div>\n<\/div>\n<\/div>\n<\/article>\n<article id=\"post-1695844\" class=\"post article-layout container-fluid post-1695844 type-post status-publish format-standard has-post-thumbnail hentry category-mexico category-nacional tag-maestros tag-claudia-sheinbaum tag-cnte tag-ley-del-issste tag-pedro-hernandez-morales\" data-postid=\"1695844\" data-slug=\"\/nacional\/cnte-marcha-cdmx-reforma-ley-issste\/\" data-post-id=\"1695844\" data-meta=\"{&quot;id&quot;:&quot;1695844&quot;,&quot;infinitescroll_off&quot;:&quot;false&quot;,&quot;exclude_adunits&quot;:[],&quot;hide_adx&quot;:&quot;false&quot;,&quot;hide_ads&quot;:&quot;false&quot;,&quot;canal&quot;:[&quot;M\\u00e9xico&quot;,&quot;Nacional&quot;],&quot;tags&quot;:[&quot;maestros&quot;,&quot;claudia-sheinbaum&quot;,&quot;cnte&quot;,&quot;ley-del-issste&quot;,&quot;pedro-hernandez-morales&quot;],&quot;seo&quot;:&quot;CNTE marcha en la CDMX contra reforma a la Ley del ISSSTE&quot;}\" data-scroll-index=\"1\" data-is-visible=\"true\" data-is-tracking=\"true\">\n<div class=\"row\">\n<div class=\"entry-content entry-grid mx-auto col-12 col-lg-12 col-xl-10\">\n<div class=\"entry-grid__content-area entry-main-text\"><\/div>\n<\/div>\n<\/div>\n<\/article>\n<\/div>\n<\/div>\n<\/div>\n<\/div>\n<\/div>\n<\/div>\n","protected":false},"excerpt":{"rendered":"<p>Estos son los m\u00e1s recientes resultados de la Operaci\u00f3n Frontera Norte para reforzar la seguridad en la zona fronteriza. La\u00a0Operaci\u00f3n Frontera Norte, activa desde el 5 de febrero pasado, suma\u00a0mil 199 personas detenidas\u00a0y\u00a0mil 136 armas de fuego aseguradas. La operaci\u00f3n se cre\u00f3 para\u00a0reforzar\u00a0la\u00a0seguridad\u00a0en la\u00a0zona\u00a0fronteriza\u00a0y\u00a0evitar\u00a0el\u00a0tr\u00e1fico de drogas,\u00a0personas\u00a0y\u00a0armas de fuego. Operaci\u00f3n Frontera en Sinaloa. Foto de SSPC Tan solo este 6 de marzo se tuvieron los siguientes resultados: Baja California Se detuvo a nueve personas y se aseguraron un arma corta, cuatro veh\u00edculos y un inmueble. Chihuahua Se detuvo a una persona y se aseguraron un arma corta, dos cargadores, 10 cartuchos, [&hellip;]<\/p>\n","protected":false},"author":3,"featured_media":115808,"comment_status":"open","ping_status":"open","sticky":false,"template":"","format":"standard","meta":{"_jetpack_newsletter_access":"","_jetpack_dont_email_post_to_subs":false,"_jetpack_newsletter_tier_id":0,"_jetpack_memberships_contains_paywalled_content":false,"_jetpack_feature_clip_id":0,"_jetpack_memberships_contains_paid_content":false,"footnotes":"","jetpack_publicize_message":"","jetpack_publicize_feature_enabled":true,"jetpack_social_post_already_shared":true,"jetpack_social_options":{"image_generator_settings":{"template":"highway","default_image_id":0,"font":"","enabled":false},"version":2},"jetpack_post_was_ever_published":false},"categories":[75,72],"tags":[],"class_list":["post-115804","post","type-post","status-publish","format-standard","has-post-thumbnail","hentry","category-nacional","category-portada","post--single"],"jetpack_publicize_connections":[],"jetpack_featured_media_url":"https:\/\/ovelanalista.com\/wp-content\/uploads\/2025\/03\/operacion-frontera-sinaloa.webp","jetpack_sharing_enabled":true,"_links":{"self":[{"href":"https:\/\/ovelanalista.com\/index.php?rest_route=\/wp\/v2\/posts\/115804","targetHints":{"allow":["GET"]}}],"collection":[{"href":"https:\/\/ovelanalista.com\/index.php?rest_route=\/wp\/v2\/posts"}],"about":[{"href":"https:\/\/ovelanalista.com\/index.php?rest_route=\/wp\/v2\/types\/post"}],"author":[{"embeddable":true,"href":"https:\/\/ovelanalista.com\/index.php?rest_route=\/wp\/v2\/users\/3"}],"replies":[{"embeddable":true,"href":"https:\/\/ovelanalista.com\/index.php?rest_route=%2Fwp%2Fv2%2Fcomments&post=115804"}],"version-history":[{"count":1,"href":"https:\/\/ovelanalista.com\/index.php?rest_route=\/wp\/v2\/posts\/115804\/revisions"}],"predecessor-version":[{"id":115809,"href":"https:\/\/ovelanalista.com\/index.php?rest_route=\/wp\/v2\/posts\/115804\/revisions\/115809"}],"wp:featuredmedia":[{"embeddable":true,"href":"https:\/\/ovelanalista.com\/index.php?rest_route=\/wp\/v2\/media\/115808"}],"wp:attachment":[{"href":"https:\/\/ovelanalista.com\/index.php?rest_route=%2Fwp%2Fv2%2Fmedia&parent=115804"}],"wp:term":[{"taxonomy":"category","embeddable":true,"href":"https:\/\/ovelanalista.com\/index.php?rest_route=%2Fwp%2Fv2%2Fcategories&post=115804"},{"taxonomy":"post_tag","embeddable":true,"href":"https:\/\/ovelanalista.com\/index.php?rest_route=%2Fwp%2Fv2%2Ftags&post=115804"}],"curies":[{"name":"wp","href":"https:\/\/api.w.org\/{rel}","templated":true}]}}