{"id":115807,"date":"2025-03-07T13:15:58","date_gmt":"2025-03-07T20:15:58","guid":{"rendered":"https:\/\/ovelanalista.com\/?p=115807"},"modified":"2025-03-07T11:41:34","modified_gmt":"2025-03-07T18:41:34","slug":"matan-a-siete-en-panteon-de-apaseo-el-grande","status":"publish","type":"post","link":"https:\/\/ovelanalista.com\/?p=115807","title":{"rendered":"Matan a siete en pante\u00f3n de Apaseo El Grande"},"content":{"rendered":"<p>El gobierno municipal inform\u00f3 que se lleva a cabo un operativo coordinado entre autoridades de los tres niveles de gobierno.<\/p>\n<p>En\u00a0<strong>Apaseo El Grande<\/strong>, en\u00a0<strong>Guanajuato<\/strong>, siete personas fueron asesinadas en un pante\u00f3n de la comunidad de San Jos\u00e9 Agua Azul.<\/p>\n<p>De acuerdo con primeros reportes, los hechos se registraron alrededor de las 21:00 h sobre la calle de\u00a0<strong>Hidalgo<\/strong>.<\/p>\n<p>Las autoridades confirmaron que las v\u00edctimas mortales de esta agresi\u00f3n fueron seis\u00a0<strong>hombres<\/strong>\u00a0y una mujer. Ademas, varias personas resultaron heridas, por lo que fueron trasladadas a\u00a0<strong>hospitales<\/strong>.<\/p>\n<p>El gobierno municipal inform\u00f3 que se lleva a cabo un operativo coordinado entre autoridades de los tres niveles de gobierno.<\/p>\n<p>Con informaci\u00f3n de L\u00f3pez-D\u00f3riga Digital<\/p>\n<div class=\"teads-inread sm-screen\">\n<div class=\"teads-ui-components-adchoices\"><\/div>\n<\/div>\n","protected":false},"excerpt":{"rendered":"<p>El gobierno municipal inform\u00f3 que se lleva a cabo un operativo coordinado entre autoridades de los tres niveles de gobierno. En\u00a0Apaseo El Grande, en\u00a0Guanajuato, siete personas fueron asesinadas en un pante\u00f3n de la comunidad de San Jos\u00e9 Agua Azul. De acuerdo con primeros reportes, los hechos se registraron alrededor de las 21:00 h sobre la calle de\u00a0Hidalgo. Las autoridades confirmaron que las v\u00edctimas mortales de esta agresi\u00f3n fueron seis\u00a0hombres\u00a0y una mujer. Ademas, varias personas resultaron heridas, por lo que fueron trasladadas a\u00a0hospitales. El gobierno municipal inform\u00f3 que se lleva a cabo un operativo coordinado entre autoridades de los tres niveles [&hellip;]<\/p>\n","protected":false},"author":3,"featured_media":115810,"comment_status":"open","ping_status":"open","sticky":false,"template":"","format":"standard","meta":{"_jetpack_newsletter_access":"","_jetpack_dont_email_post_to_subs":false,"_jetpack_newsletter_tier_id":0,"_jetpack_memberships_contains_paywalled_content":false,"_jetpack_feature_clip_id":0,"_jetpack_memberships_contains_paid_content":false,"footnotes":"","jetpack_publicize_message":"","jetpack_publicize_feature_enabled":true,"jetpack_social_post_already_shared":true,"jetpack_social_options":{"image_generator_settings":{"template":"highway","default_image_id":0,"font":"","enabled":false},"version":2},"jetpack_post_was_ever_published":false},"categories":[75,72],"tags":[],"class_list":["post-115807","post","type-post","status-publish","format-standard","has-post-thumbnail","hentry","category-nacional","category-portada","post--single"],"jetpack_publicize_connections":[],"jetpack_featured_media_url":"https:\/\/ovelanalista.com\/wp-content\/uploads\/2025\/03\/balas-casquillos-violencia-balacera-disparos-armas.webp","jetpack_sharing_enabled":true,"_links":{"self":[{"href":"https:\/\/ovelanalista.com\/index.php?rest_route=\/wp\/v2\/posts\/115807","targetHints":{"allow":["GET"]}}],"collection":[{"href":"https:\/\/ovelanalista.com\/index.php?rest_route=\/wp\/v2\/posts"}],"about":[{"href":"https:\/\/ovelanalista.com\/index.php?rest_route=\/wp\/v2\/types\/post"}],"author":[{"embeddable":true,"href":"https:\/\/ovelanalista.com\/index.php?rest_route=\/wp\/v2\/users\/3"}],"replies":[{"embeddable":true,"href":"https:\/\/ovelanalista.com\/index.php?rest_route=%2Fwp%2Fv2%2Fcomments&post=115807"}],"version-history":[{"count":1,"href":"https:\/\/ovelanalista.com\/index.php?rest_route=\/wp\/v2\/posts\/115807\/revisions"}],"predecessor-version":[{"id":115812,"href":"https:\/\/ovelanalista.com\/index.php?rest_route=\/wp\/v2\/posts\/115807\/revisions\/115812"}],"wp:featuredmedia":[{"embeddable":true,"href":"https:\/\/ovelanalista.com\/index.php?rest_route=\/wp\/v2\/media\/115810"}],"wp:attachment":[{"href":"https:\/\/ovelanalista.com\/index.php?rest_route=%2Fwp%2Fv2%2Fmedia&parent=115807"}],"wp:term":[{"taxonomy":"category","embeddable":true,"href":"https:\/\/ovelanalista.com\/index.php?rest_route=%2Fwp%2Fv2%2Fcategories&post=115807"},{"taxonomy":"post_tag","embeddable":true,"href":"https:\/\/ovelanalista.com\/index.php?rest_route=%2Fwp%2Fv2%2Ftags&post=115807"}],"curies":[{"name":"wp","href":"https:\/\/api.w.org\/{rel}","templated":true}]}}