{"id":115811,"date":"2025-03-07T13:30:05","date_gmt":"2025-03-07T20:30:05","guid":{"rendered":"https:\/\/ovelanalista.com\/?p=115811"},"modified":"2025-03-07T12:03:49","modified_gmt":"2025-03-07T19:03:49","slug":"sicarios-matan-a-tres-personas-en-veracruz","status":"publish","type":"post","link":"https:\/\/ovelanalista.com\/?p=115811","title":{"rendered":"Sicarios matan a tres personas en Veracruz"},"content":{"rendered":"<p>De acuerdo con fuentes policiales, el ataque ocurri\u00f3 en un barrio de la comunidad de Villa Allende del municipio de Coatzacoalcos, Veracruz.<\/p>\n<p>Tres personas muertas y una m\u00e1s herida dej\u00f3 un ataque armado contra los ocupantes de una vivienda en\u00a0<strong>Veracruz<\/strong>, informaron este jueves fuerzas de seguridad.<\/p>\n<p>Desde finales de febrero hasta este jueves hay al menos\u00a0<strong>diez personas asesinadas por comandos armados<\/strong>\u00a0que irrumpieron en comercios o en casas en distintas regiones del estado.<\/p>\n<p>De acuerdo con fuentes policiales, el nuevo ataque ocurri\u00f3 en un barrio de la comunidad de<strong>\u00a0Villa Allende del municipio de Coatzacoalcos<\/strong>, un puerto del sur de Veracruz.<\/p>\n<p>Testigos y primeras versiones indican que los hombres armados ingresaron a la casa habitaci\u00f3n y dispararon a los residentes, dejando un saldo de tres muertos, entre ellos un conocido empresario de la zona.<\/p>\n<p>El 25 de febrero, tres personas murieron y una m\u00e1s qued\u00f3 herida de gravedad, cuando sujetos armados ingresaron a un taller automotriz en el\u00a0<strong>municipio de Perote,<\/strong>\u00a0regi\u00f3n monta\u00f1osa central.<\/p>\n<p>Y el 28 de ese mismo mes, cuatro muertos dej\u00f3 un ataque armado en otro taller automotriz del puerto de Coatzacoalcos, donde los sicarios lograron huir a pesar del fuerte operativo de seguridad implementado por agentes del\u00a0<strong>Ej\u00e9rcito mexicano, la Guardia Nacional y la Polic\u00eda Estatal.<\/strong><\/p>\n<p>Veracruz ha sufrido en los \u00faltimos a\u00f1os la violencia relacionada con la operaci\u00f3n de\u00a0<strong>carteles de la droga,<\/strong>\u00a0las cuales diversificaron sus actividades al secuestro, tr\u00e1fico de migrantes y cobro de piso, es decir, la extorsi\u00f3n a docenas de sectores de la sociedad civil.<\/p>\n<p>Con informaci\u00f3n de EFE.<\/p>\n","protected":false},"excerpt":{"rendered":"<p>De acuerdo con fuentes policiales, el ataque ocurri\u00f3 en un barrio de la comunidad de Villa Allende del municipio de Coatzacoalcos, Veracruz. Tres personas muertas y una m\u00e1s herida dej\u00f3 un ataque armado contra los ocupantes de una vivienda en\u00a0Veracruz, informaron este jueves fuerzas de seguridad. Desde finales de febrero hasta este jueves hay al menos\u00a0diez personas asesinadas por comandos armados\u00a0que irrumpieron en comercios o en casas en distintas regiones del estado. De acuerdo con fuentes policiales, el nuevo ataque ocurri\u00f3 en un barrio de la comunidad de\u00a0Villa Allende del municipio de Coatzacoalcos, un puerto del sur de Veracruz. Testigos [&hellip;]<\/p>\n","protected":false},"author":3,"featured_media":115814,"comment_status":"open","ping_status":"open","sticky":false,"template":"","format":"standard","meta":{"_jetpack_newsletter_access":"","_jetpack_dont_email_post_to_subs":false,"_jetpack_newsletter_tier_id":0,"_jetpack_memberships_contains_paywalled_content":false,"_jetpack_feature_clip_id":0,"_jetpack_memberships_contains_paid_content":false,"footnotes":"","jetpack_publicize_message":"","jetpack_publicize_feature_enabled":true,"jetpack_social_post_already_shared":true,"jetpack_social_options":{"image_generator_settings":{"template":"highway","default_image_id":0,"font":"","enabled":false},"version":2},"jetpack_post_was_ever_published":false},"categories":[75,72],"tags":[],"class_list":["post-115811","post","type-post","status-publish","format-standard","has-post-thumbnail","hentry","category-nacional","category-portada","post--single"],"jetpack_publicize_connections":[],"jetpack_featured_media_url":"https:\/\/ovelanalista.com\/wp-content\/uploads\/2025\/03\/balas-casquillos-violencia-balacera-disparos-armas-1.webp","jetpack_sharing_enabled":true,"_links":{"self":[{"href":"https:\/\/ovelanalista.com\/index.php?rest_route=\/wp\/v2\/posts\/115811","targetHints":{"allow":["GET"]}}],"collection":[{"href":"https:\/\/ovelanalista.com\/index.php?rest_route=\/wp\/v2\/posts"}],"about":[{"href":"https:\/\/ovelanalista.com\/index.php?rest_route=\/wp\/v2\/types\/post"}],"author":[{"embeddable":true,"href":"https:\/\/ovelanalista.com\/index.php?rest_route=\/wp\/v2\/users\/3"}],"replies":[{"embeddable":true,"href":"https:\/\/ovelanalista.com\/index.php?rest_route=%2Fwp%2Fv2%2Fcomments&post=115811"}],"version-history":[{"count":1,"href":"https:\/\/ovelanalista.com\/index.php?rest_route=\/wp\/v2\/posts\/115811\/revisions"}],"predecessor-version":[{"id":115815,"href":"https:\/\/ovelanalista.com\/index.php?rest_route=\/wp\/v2\/posts\/115811\/revisions\/115815"}],"wp:featuredmedia":[{"embeddable":true,"href":"https:\/\/ovelanalista.com\/index.php?rest_route=\/wp\/v2\/media\/115814"}],"wp:attachment":[{"href":"https:\/\/ovelanalista.com\/index.php?rest_route=%2Fwp%2Fv2%2Fmedia&parent=115811"}],"wp:term":[{"taxonomy":"category","embeddable":true,"href":"https:\/\/ovelanalista.com\/index.php?rest_route=%2Fwp%2Fv2%2Fcategories&post=115811"},{"taxonomy":"post_tag","embeddable":true,"href":"https:\/\/ovelanalista.com\/index.php?rest_route=%2Fwp%2Fv2%2Ftags&post=115811"}],"curies":[{"name":"wp","href":"https:\/\/api.w.org\/{rel}","templated":true}]}}