{"id":115821,"date":"2025-03-07T15:00:42","date_gmt":"2025-03-07T22:00:42","guid":{"rendered":"https:\/\/ovelanalista.com\/?p=115821"},"modified":"2025-03-07T12:29:55","modified_gmt":"2025-03-07T19:29:55","slug":"el-sistema-de-justicia-en-mexico-castiga-mas-a-las-mujeres-advierte-experta","status":"publish","type":"post","link":"https:\/\/ovelanalista.com\/?p=115821","title":{"rendered":"El sistema de justicia en M\u00e9xico castiga m\u00e1s a las mujeres, advierte experta"},"content":{"rendered":"<p>El 5.7% de la poblaci\u00f3n carcelaria en M\u00e9xico son mujeres, lo que equivale a 13 mil 297 de un total de 233 mil 277 presos.<\/p>\n<p>La falta de perspectiva de g\u00e9nero en los centros penitenciarios y los vicios del sistema de justicia en M\u00e9xico afectan de manera desproporcionada a las mujeres, que representan un 5% de la poblaci\u00f3n en c\u00e1rceles, pero casi la mitad carece de sentencia, advirti\u00f3 este jueves la directora ejecutiva de la organizaci\u00f3n\u00a0<strong>La Cana, Raquel Aguirre.<\/strong><\/p>\n<p>Aunque solo el 5.7 % de la<strong>\u00a0poblaci\u00f3n carcelaria en M\u00e9xico<\/strong>\u00a0son mujeres, 13\u00a0 mil 297 de un total de 233 mil 277, -seg\u00fan el \u00faltimo censo poblacional-, \u201cen ellas recaen fuertemente las grandes problem\u00e1ticas de los centros penitenciarios, como la sobrepoblaci\u00f3n y la falta de una defensa de calidad\u201d, apunt\u00f3 Aguirre en el marco del\u00a0<strong>8M.<\/strong><\/p>\n<p>Por ejemplo, se\u00f1al\u00f3, a las mujeres se les sentencia en promedio seis a\u00f1os m\u00e1s por el mismo delito, seg\u00fan un estudio de la\u00a0<strong>Comisi\u00f3n Nacional de Derechos Humanos (CNDH)<\/strong>\u00a0de 2022.<\/p>\n<blockquote><p>\u201cPor este estigma en donde, pues no solo cometiste un delito, sino tambi\u00e9n rompiste con tu rol de mujer, ama de casa, cuidadora de lugar del hogar, y entonces se les imponen penas m\u00e1s severas\u201d, expuso Aguirre.<\/p><\/blockquote>\n<p>Adem\u00e1s,<strong>\u00a08 de cada 10 mujeres son abandonadas en los primeros dos a\u00f1os de reclusi\u00f3n,<\/strong>\u00a0mientras que 8 de cada 10 hombres reciben visitas principalmente de mujeres, de acuerdo con la CNDH.<\/p>\n<p>Aguirre advirti\u00f3 adem\u00e1s que las mujeres tienen menos acceso a una defensa de calidad, un gran reto del sistema penitenciario en general.<\/p>\n<blockquote><p>\u201cPartiendo de la base que la pobreza se criminaliza, la mayor\u00eda de las personas que est\u00e1n en la c\u00e1rcel tienen defensor p\u00fablico y si llegan a tener defensor privado, por lo general son de estos defensores en donde les pagas una vez y desaparecen\u201d, coment\u00f3 cofundadora de la ONG desde hace 9 a\u00f1os apoya la reinserci\u00f3n de mujeres dentro y fuera de las c\u00e1rceles.<\/p><\/blockquote>\n<p>Sumado a ello, muchos defensores p\u00fablicos est\u00e1n saturados de trabajo y llegan a tener de 50 a 300 asuntos al mismo tiempo, agreg\u00f3.<\/p>\n<blockquote><p>\u201cEso es algo que las mujeres sufren todav\u00eda en mayor medida porque llega muy poca defensa a las mujeres\u201d, indic\u00f3 la tambi\u00e9n directora del Proyecto Libertad de la ONG para defender a personas inocentes.<\/p><\/blockquote>\n<p>La abogada a\u00f1adi\u00f3 que un 46.9 % de las mujeres privadas de la libertad en las c\u00e1rceles no cuentan con una sentencia, frente al 36.7 % de los hombres, seg\u00fan el censo oficial de 2023.<\/p>\n<blockquote><p>\u201cSiempre digo que de la poblaci\u00f3n vulnerable (\u2026), un escal\u00f3n abajo est\u00e1 la poblaci\u00f3n penitenciaria y un escal\u00f3n abajo est\u00e1n las mujeres\u201d, dijo.<\/p><\/blockquote>\n<p>La abogada cuestion\u00f3 que actualmente\u00a0<strong>se juzgue con perspectiva de g\u00e9ner<\/strong>o en M\u00e9xico, pese a los protocolos que ha elaborado la\u00a0<strong>Suprema Corte<\/strong>\u00a0y las recomendaciones internacionales en la materia.<\/p>\n<p>Asimismo, consider\u00f3 que la poblaci\u00f3n penitenciaria ser\u00e1 la m\u00e1s afectada con la reforma al\u00a0<strong>Poder Judicial,<\/strong>\u00a0que \u201cva a traer consigo un rezago enorme\u201d, mayor a\u00fan que el que ya gener\u00f3 el paro judicial de unas semanas en protesta por la modificaci\u00f3n legal para reelegir jueces en M\u00e9xico en junio pr\u00f3ximo.<\/p>\n<p>Con informaci\u00f3n de EFE.<\/p>\n","protected":false},"excerpt":{"rendered":"<p>El 5.7% de la poblaci\u00f3n carcelaria en M\u00e9xico son mujeres, lo que equivale a 13 mil 297 de un total de 233 mil 277 presos. La falta de perspectiva de g\u00e9nero en los centros penitenciarios y los vicios del sistema de justicia en M\u00e9xico afectan de manera desproporcionada a las mujeres, que representan un 5% de la poblaci\u00f3n en c\u00e1rceles, pero casi la mitad carece de sentencia, advirti\u00f3 este jueves la directora ejecutiva de la organizaci\u00f3n\u00a0La Cana, Raquel Aguirre. Aunque solo el 5.7 % de la\u00a0poblaci\u00f3n carcelaria en M\u00e9xico\u00a0son mujeres, 13\u00a0 mil 297 de un total de 233 mil 277, [&hellip;]<\/p>\n","protected":false},"author":3,"featured_media":115823,"comment_status":"open","ping_status":"open","sticky":false,"template":"","format":"standard","meta":{"_jetpack_newsletter_access":"","_jetpack_dont_email_post_to_subs":false,"_jetpack_newsletter_tier_id":0,"_jetpack_memberships_contains_paywalled_content":false,"_jetpack_feature_clip_id":0,"_jetpack_memberships_contains_paid_content":false,"footnotes":"","jetpack_publicize_message":"","jetpack_publicize_feature_enabled":true,"jetpack_social_post_already_shared":true,"jetpack_social_options":{"image_generator_settings":{"template":"highway","default_image_id":0,"font":"","enabled":false},"version":2},"jetpack_post_was_ever_published":false},"categories":[75,72],"tags":[],"class_list":["post-115821","post","type-post","status-publish","format-standard","has-post-thumbnail","hentry","category-nacional","category-portada","post--single"],"jetpack_publicize_connections":[],"jetpack_featured_media_url":"https:\/\/ovelanalista.com\/wp-content\/uploads\/2025\/03\/7193877516f45d2b7de778c4a3a55c32cadb37f2w.webp","jetpack_sharing_enabled":true,"_links":{"self":[{"href":"https:\/\/ovelanalista.com\/index.php?rest_route=\/wp\/v2\/posts\/115821","targetHints":{"allow":["GET"]}}],"collection":[{"href":"https:\/\/ovelanalista.com\/index.php?rest_route=\/wp\/v2\/posts"}],"about":[{"href":"https:\/\/ovelanalista.com\/index.php?rest_route=\/wp\/v2\/types\/post"}],"author":[{"embeddable":true,"href":"https:\/\/ovelanalista.com\/index.php?rest_route=\/wp\/v2\/users\/3"}],"replies":[{"embeddable":true,"href":"https:\/\/ovelanalista.com\/index.php?rest_route=%2Fwp%2Fv2%2Fcomments&post=115821"}],"version-history":[{"count":1,"href":"https:\/\/ovelanalista.com\/index.php?rest_route=\/wp\/v2\/posts\/115821\/revisions"}],"predecessor-version":[{"id":115824,"href":"https:\/\/ovelanalista.com\/index.php?rest_route=\/wp\/v2\/posts\/115821\/revisions\/115824"}],"wp:featuredmedia":[{"embeddable":true,"href":"https:\/\/ovelanalista.com\/index.php?rest_route=\/wp\/v2\/media\/115823"}],"wp:attachment":[{"href":"https:\/\/ovelanalista.com\/index.php?rest_route=%2Fwp%2Fv2%2Fmedia&parent=115821"}],"wp:term":[{"taxonomy":"category","embeddable":true,"href":"https:\/\/ovelanalista.com\/index.php?rest_route=%2Fwp%2Fv2%2Fcategories&post=115821"},{"taxonomy":"post_tag","embeddable":true,"href":"https:\/\/ovelanalista.com\/index.php?rest_route=%2Fwp%2Fv2%2Ftags&post=115821"}],"curies":[{"name":"wp","href":"https:\/\/api.w.org\/{rel}","templated":true}]}}