{"id":116345,"date":"2025-03-14T13:00:48","date_gmt":"2025-03-14T20:00:48","guid":{"rendered":"https:\/\/ovelanalista.com\/?p=116345"},"modified":"2025-03-14T11:09:30","modified_gmt":"2025-03-14T18:09:30","slug":"acusan-en-eeuu-a-seis-hombres-de-construir-semisumergibles-y-llevarlos-con-cocaina-a-zonas-del-cartel-de-sinaloa","status":"publish","type":"post","link":"https:\/\/ovelanalista.com\/?p=116345","title":{"rendered":"Acusan en EEUU a seis hombres de construir semisumergibles y llevarlos con coca\u00edna a zonas del C\u00e1rtel de Sinaloa"},"content":{"rendered":"<h2 class=\"article-subheadline left\">Los sujetos de origen colombiano son se\u00f1alados como l\u00edderes de una estructura criminal.<\/h2>\n<header class=\"article-header-wrapper\">\n<div class=\"article-header\">\n<div class=\"byline\">\n<p class=\"authors-name-txt-ctn\"><span class=\"author-name\">Luis Contreras<\/span><\/p>\n<\/div>\n<\/div>\n<\/header>\n<article class=\"article\">\n<div class=\"share-bar-article-date-container \">Un total de<b>\u00a0seis personas<\/b>\u00a0fueron acusadas en Estados Unidos por sus presuntos nexos con la\u00a0<b>fabricaci\u00f3n\u00a0<\/b>y\u00a0<b>env\u00edo\u00a0<\/b>de\u00a0<b>semisumergibles\u00a0<\/b>con coca\u00edna a zonas controladas por el <a title=\"\" href=\"https:\/\/www.infobae.com\/mexico\/2025\/03\/14\/acusan-en-eeuu-a-seis-hombres-de-construir-semisumergibles-y-llevarlos-con-cocaina-a-zonas-del-cartel-de-sinaloa\/\" target=\"_blank\" rel=\"noopener\"><b>C\u00e1rtel de Sinaloa<\/b><\/a>en territorio mexicano.<\/div>\n<\/article>\n<div><\/div>\n<div>El Distrito Este de\u00a0<b>Nueva York\u00a0<\/b>comparti\u00f3 el 13 de marzo la acusaci\u00f3n formal en contra de Elkin Armando Alomia Qui\u00f1ones; Diego Luis Obreg\u00f3n Aguirre; Edwin Obreg\u00f3n Castro; Juan Mat\u00edas Obreg\u00f3n Castro, alias\u00a0<i>Mauricio<\/i>; Rodrigo Obreg\u00f3n Saavedra, alias\u00a0<i>Don Ricky<\/i>\u00a0y Narjel Paredes, alias\u00a0<i>Nacho<\/i>.<\/div>\n<div><\/div>\n<div>Dichos sujetos, quiene son se\u00f1alados como\u00a0<b>l\u00edderes\u00a0<\/b>de una\u00a0<b>organizaci\u00f3n criminal mar\u00edtima<\/b>, fueron detenidos en\u00a0<a title=\"https:\/\/www.infobae.com\/mexico\/2025\/02\/09\/gustavo-petro-presidente-de-colombia-asegura-que-el-cartel-de-sinaloa-es-el-jefe-del-eln\/\" href=\"https:\/\/www.infobae.com\/mexico\/2025\/02\/09\/gustavo-petro-presidente-de-colombia-asegura-que-el-cartel-de-sinaloa-es-el-jefe-del-eln\/\" target=\"_blank\" rel=\"noopener noreferrer\" data-mrf-link=\"https:\/\/www.infobae.com\/mexico\/2025\/02\/09\/gustavo-petro-presidente-de-colombia-asegura-que-el-cartel-de-sinaloa-es-el-jefe-del-eln\/\">Colombia\u00a0<\/a>y EEUU pide que sean extraditados.<\/div>\n<div><\/div>\n<div>Se les relaciona con veh\u00edculos cargados con coca\u00edna que llegaban hasta M\u00e9xico. \u201cAntes de lanzar las embarcaciones cargadas de\u00a0<a title=\"https:\/\/www.infobae.com\/mexico\/2025\/03\/07\/golpe-al-narco-en-tamaulipas-le-arrebatan-mas-de-125-millones-de-pesos-en-cocaina\/\" href=\"https:\/\/www.infobae.com\/mexico\/2025\/03\/07\/golpe-al-narco-en-tamaulipas-le-arrebatan-mas-de-125-millones-de-pesos-en-cocaina\/\" target=\"_blank\" rel=\"noopener noreferrer\" data-mrf-link=\"https:\/\/www.infobae.com\/mexico\/2025\/03\/07\/golpe-al-narco-en-tamaulipas-le-arrebatan-mas-de-125-millones-de-pesos-en-cocaina\/\">coca\u00edna\u00a0<\/a>desde las\u00a0<b>costas del Pac\u00edfico de Colombia<\/b>\u00a0hacia zonas controladas por el\u00a0<b>C\u00e1rtel de Sinaloa<\/b>\u00a0en\u00a0<b>M\u00e9xico<\/b>\u201d, se puede leer en el informe.<\/div>\n<div><\/div>\n<div><img loading=\"lazy\" decoding=\"async\" class=\"aligncenter\" src=\"https:\/\/www.infobae.com\/resizer\/v2\/3E4QE4ZWAJHF3OR2N5NQRHAGKM.png?auth=fa478280f431b2bb67546ed866f8d1480b7aadc900eb5c19d8788c3fe8ffd563&amp;smart=true&amp;width=350&amp;height=197&amp;quality=85\" alt=\"Parte de lo compartido por\" width=\"581\" height=\"327\" \/><\/div>\n<div>\n<div class=\"headline-wrapper\">\n<h2 class=\"header headline-class-h2\">La t\u00e9cnica usada para rastrear y evadir a las autoridades<\/h2>\n<\/div>\n<div class=\"inline_2_DSK ad-wrapper ad-desktop\">\n<div class=\"dfpAd ad-inline\"><\/div>\n<\/div>\n<p class=\"paragraph\" data-mrf-recirculation=\"Links inline\">El registro de las autoridades indica que el proceso utilizado por los acusados comprend\u00eda diversas fases. Los integrantes de la organizaci\u00f3n criminal buscaron\u00a0<b>inversionistas\u00a0<\/b>para\u00a0<b>financiar\u00a0<\/b>el cargamento de\u00a0<b>coca\u00edna<\/b>, as\u00ed como la construcci\u00f3n de\u00a0<b>semisumergibles<\/b>.<\/p>\n<p class=\"paragraph\" data-mrf-recirculation=\"Links inline\">Posteriormente contactaron con\u00a0<b>ingenieros\u00a0<\/b>y\u00a0<b>trabajadores de la construcci\u00f3n<\/b>\u00a0para lograr la fabricaci\u00f3n de las unidades, las cuales ten\u00edan la capacidad de llevar miles de kilogramos de coca\u00edna.<\/p>\n<p class=\"paragraph\" data-mrf-recirculation=\"Links inline\">Incluso hicieron uso de\u00a0<b>contravigilancia<\/b>\u00a0<b>en el mar<\/b>\u00a0a trav\u00e9s de colocar, de manera estrat\u00e9gica,\u00a0<b>barcos pesqueros<\/b>\u00a0que viajaban en la misma ruta asignada a los semisumergibles. Lo anterior permit\u00eda identificar la presencia de elementos de seguridad en las inmediaciones.<\/p>\n<div class=\"visual__image image-full-width\"><picture><source srcset=\"https:\/\/www.infobae.com\/resizer\/v2\/X2V5ONR4WBGFTCCOWQIZHHVAHU.jpg?auth=675ac6c0b64fa4e0fc52a3de4a03a30c798c7640807407933132c32d20c06d86&amp;smart=true&amp;width=1200&amp;height=675&amp;quality=85\" media=\"(min-width: 1200px)\" \/><source srcset=\"https:\/\/www.infobae.com\/resizer\/v2\/X2V5ONR4WBGFTCCOWQIZHHVAHU.jpg?auth=675ac6c0b64fa4e0fc52a3de4a03a30c798c7640807407933132c32d20c06d86&amp;smart=true&amp;width=992&amp;height=558&amp;quality=85\" media=\"(min-width: 1000px)\" \/><source srcset=\"https:\/\/www.infobae.com\/resizer\/v2\/X2V5ONR4WBGFTCCOWQIZHHVAHU.jpg?auth=675ac6c0b64fa4e0fc52a3de4a03a30c798c7640807407933132c32d20c06d86&amp;smart=true&amp;width=768&amp;height=432&amp;quality=85\" media=\"(min-width: 768px)\" \/><source srcset=\"https:\/\/www.infobae.com\/resizer\/v2\/X2V5ONR4WBGFTCCOWQIZHHVAHU.jpg?auth=675ac6c0b64fa4e0fc52a3de4a03a30c798c7640807407933132c32d20c06d86&amp;smart=true&amp;width=577&amp;height=325&amp;quality=85\" media=\"(min-width: 580px)\" \/><source srcset=\"https:\/\/www.infobae.com\/resizer\/v2\/X2V5ONR4WBGFTCCOWQIZHHVAHU.jpg?auth=675ac6c0b64fa4e0fc52a3de4a03a30c798c7640807407933132c32d20c06d86&amp;smart=true&amp;width=420&amp;height=236&amp;quality=85\" media=\"(min-width: 350px)\" \/><source srcset=\"https:\/\/www.infobae.com\/resizer\/v2\/X2V5ONR4WBGFTCCOWQIZHHVAHU.jpg?auth=675ac6c0b64fa4e0fc52a3de4a03a30c798c7640807407933132c32d20c06d86&amp;smart=true&amp;width=350&amp;height=197&amp;quality=85\" media=\"(min-width: 80px)\" \/><\/picture>\n<div style=\"width: 1930px\" class=\"wp-caption alignnone\"><img loading=\"lazy\" decoding=\"async\" class=\"global-image\" src=\"https:\/\/www.infobae.com\/resizer\/v2\/X2V5ONR4WBGFTCCOWQIZHHVAHU.jpg?auth=675ac6c0b64fa4e0fc52a3de4a03a30c798c7640807407933132c32d20c06d86&amp;smart=true&amp;width=350&amp;height=197&amp;quality=85\" alt=\"El C\u00e1rtel de Sinaloa ha\" width=\"1920\" height=\"1080\" \/><p class=\"wp-caption-text\">El C\u00e1rtel de Sinaloa ha logrado llegar al pa\u00eds sudamericano (Jes\u00fas \u00c1viles\/Infobae M\u00e9xico)<\/p><\/div>\n<\/div>\n<p class=\"paragraph\" data-mrf-recirculation=\"Links inline\">La droga era enviada desde Colombia hasta Centroam\u00e9rica y llegaba a M\u00e9xico, en sitio bajo el control del grupo criminal mexicano, seg\u00fan puede leerse en el reporte publicado en el sitio web del<b>\u00a0Departamento de Justicia<\/b>.<\/p>\n<p class=\"paragraph\" data-mrf-recirculation=\"Links inline\">Los agentes de EEUU lograron asegurar m\u00e1s de 5 mil kilogramos de coca\u00edna en dos acciones: una registrada el 27 de<b>\u00a0junio de 2023<\/b>\u00a0y otra el 7 de\u00a0<b>octubre\u00a0<\/b>del mismo a\u00f1o. En ambos casos fueron asegurados semisumergibles al parecer fabricados por los sujetos ahora acusados.<\/p>\n<div class=\"headline-wrapper\">\n<h2 class=\"header headline-class-h2\">L\u00edder criminal colombiano se declara culpable en EEUU de enviar droga al C\u00e1rtel de Sinaloa<\/h2>\n<\/div>\n<p class=\"paragraph\" data-mrf-recirculation=\"Links inline\">Cabe recordar que en diciembre de 2023 N\u00e9stor Hugo G\u00f3mez Garc\u00eda, un hombre apodado\u00a0<i>Sim\u00f3n\u00a0<\/i>y\/o\u00a0<i>Guavita<\/i>, se declar\u00f3 culpable de conspiraci\u00f3n para distribuir coca\u00edna en veh\u00edculos semisumergibles que ten\u00edan como destino miembros del C\u00e1rtel de Sinaloa en\u00a0<b>Oaxaca<\/b>,\u00a0<a title=\"https:\/\/www.infobae.com\/mexico\/2023\/12\/20\/cartel-de-sinaloa-lider-criminal-colombiano-enviaba-semisumergibles-con-droga-al-grupo-mexicano\/\" href=\"https:\/\/www.infobae.com\/mexico\/2023\/12\/20\/cartel-de-sinaloa-lider-criminal-colombiano-enviaba-semisumergibles-con-droga-al-grupo-mexicano\/\" target=\"_blank\" rel=\"noopener noreferrer\" data-mrf-link=\"https:\/\/www.infobae.com\/mexico\/2023\/12\/20\/cartel-de-sinaloa-lider-criminal-colombiano-enviaba-semisumergibles-con-droga-al-grupo-mexicano\/\">M\u00e9xico<\/a>. En dicha ocasi\u00f3n fue planteada una condena m\u00ednima de 10 a\u00f1os asta cadena perpetua.<\/p>\n<\/div>\n<div><\/div>\n<div>Con informaci\u00f3n de Infobae<\/div>\n","protected":false},"excerpt":{"rendered":"<p>Los sujetos de origen colombiano son se\u00f1alados como l\u00edderes de una estructura criminal. Luis Contreras Un total de\u00a0seis personas\u00a0fueron acusadas en Estados Unidos por sus presuntos nexos con la\u00a0fabricaci\u00f3n\u00a0y\u00a0env\u00edo\u00a0de\u00a0semisumergibles\u00a0con coca\u00edna a zonas controladas por el C\u00e1rtel de Sinaloaen territorio mexicano. El Distrito Este de\u00a0Nueva York\u00a0comparti\u00f3 el 13 de marzo la acusaci\u00f3n formal en contra de Elkin Armando Alomia Qui\u00f1ones; Diego Luis Obreg\u00f3n Aguirre; Edwin Obreg\u00f3n Castro; Juan Mat\u00edas Obreg\u00f3n Castro, alias\u00a0Mauricio; Rodrigo Obreg\u00f3n Saavedra, alias\u00a0Don Ricky\u00a0y Narjel Paredes, alias\u00a0Nacho. Dichos sujetos, quiene son se\u00f1alados como\u00a0l\u00edderes\u00a0de una\u00a0organizaci\u00f3n criminal mar\u00edtima, fueron detenidos en\u00a0Colombia\u00a0y EEUU pide que sean extraditados. Se les relaciona con [&hellip;]<\/p>\n","protected":false},"author":3,"featured_media":116347,"comment_status":"open","ping_status":"open","sticky":false,"template":"","format":"standard","meta":{"_jetpack_newsletter_access":"","_jetpack_dont_email_post_to_subs":false,"_jetpack_newsletter_tier_id":0,"_jetpack_memberships_contains_paywalled_content":false,"_jetpack_feature_clip_id":0,"_jetpack_memberships_contains_paid_content":false,"footnotes":"","jetpack_publicize_message":"","jetpack_publicize_feature_enabled":true,"jetpack_social_post_already_shared":true,"jetpack_social_options":{"image_generator_settings":{"template":"highway","default_image_id":0,"font":"","enabled":false},"version":2},"jetpack_post_was_ever_published":false},"categories":[90,72],"tags":[],"class_list":["post-116345","post","type-post","status-publish","format-standard","has-post-thumbnail","hentry","category-estatal","category-portada","post--single"],"jetpack_publicize_connections":[],"jetpack_featured_media_url":"https:\/\/ovelanalista.com\/wp-content\/uploads\/2025\/03\/Captura-de-Pantalla-2025-03-14-a-las-11.08.42.png","jetpack_sharing_enabled":true,"_links":{"self":[{"href":"https:\/\/ovelanalista.com\/index.php?rest_route=\/wp\/v2\/posts\/116345","targetHints":{"allow":["GET"]}}],"collection":[{"href":"https:\/\/ovelanalista.com\/index.php?rest_route=\/wp\/v2\/posts"}],"about":[{"href":"https:\/\/ovelanalista.com\/index.php?rest_route=\/wp\/v2\/types\/post"}],"author":[{"embeddable":true,"href":"https:\/\/ovelanalista.com\/index.php?rest_route=\/wp\/v2\/users\/3"}],"replies":[{"embeddable":true,"href":"https:\/\/ovelanalista.com\/index.php?rest_route=%2Fwp%2Fv2%2Fcomments&post=116345"}],"version-history":[{"count":1,"href":"https:\/\/ovelanalista.com\/index.php?rest_route=\/wp\/v2\/posts\/116345\/revisions"}],"predecessor-version":[{"id":116348,"href":"https:\/\/ovelanalista.com\/index.php?rest_route=\/wp\/v2\/posts\/116345\/revisions\/116348"}],"wp:featuredmedia":[{"embeddable":true,"href":"https:\/\/ovelanalista.com\/index.php?rest_route=\/wp\/v2\/media\/116347"}],"wp:attachment":[{"href":"https:\/\/ovelanalista.com\/index.php?rest_route=%2Fwp%2Fv2%2Fmedia&parent=116345"}],"wp:term":[{"taxonomy":"category","embeddable":true,"href":"https:\/\/ovelanalista.com\/index.php?rest_route=%2Fwp%2Fv2%2Fcategories&post=116345"},{"taxonomy":"post_tag","embeddable":true,"href":"https:\/\/ovelanalista.com\/index.php?rest_route=%2Fwp%2Fv2%2Ftags&post=116345"}],"curies":[{"name":"wp","href":"https:\/\/api.w.org\/{rel}","templated":true}]}}