{"id":116351,"date":"2025-03-14T14:00:24","date_gmt":"2025-03-14T21:00:24","guid":{"rendered":"https:\/\/ovelanalista.com\/?p=116351"},"modified":"2025-03-14T13:44:01","modified_gmt":"2025-03-14T20:44:01","slug":"hallan-en-nl-a-menor-guatemalteca-reportada-como-desaparecida-buscaba-llegar-a-ee-uu","status":"publish","type":"post","link":"https:\/\/ovelanalista.com\/?p=116351","title":{"rendered":"Hallan en NL a menor guatemalteca reportada como desaparecida; buscaba llegar a EE.UU."},"content":{"rendered":"<p>Una adolescente reportada como desaparecida en Guatemala fue hallada en Monterrey cuando buscaba llegar a EE.UU.<\/p>\n<p>Autoridades mexicanas encontraron en\u00a0<strong>Monterrey<\/strong>, Nuevo Le\u00f3n, a una\u00a0<strong>adolescente<\/strong>\u00a0de\u00a0<strong>Guatemala<\/strong>\u00a0de 16 a\u00f1os que ten\u00eda un\u00a0<strong>reporte de desaparici\u00f3n<\/strong>\u00a0en su pa\u00eds desde hace casi un a\u00f1o y que buscaba migrar sola a Estados Unidos.<\/p>\n<div id=\"standard_2\" class=\"st-placement standard_2 inArticle\">\n<div class=\"st-adunit-inarticle st-inarticle-slot\">\n<div class=\"st-adunit st-adunit-tagged st-reset st-show\">\n<div class=\"st-adunit-ad st-reset\">\n<div>\n<div class=\"st-display-render st-reset open 587x330\">\n<div class=\"x-to-close st-reset\">\n<p>Miembros de la Polic\u00eda Municipal de Monterrey se percataron de la presencia de\u00a0<strong>Joseline \u2018N\u2019<\/strong>\u00a0cuando realizaban recorridos de prevenci\u00f3n por calles de la\u00a0<strong>colonia Bella Vista<\/strong>.<\/p>\n<div class=\"fb-post\" data-href=\"https:\/\/www.facebook.com\/SSPCMonterrey\/posts\/1033012798874802?ref=embed_post\" data-width=\"552\" style=\"background-color: #fff; display: inline-block;\"><\/div>\n<p>De acuerdo con la Secretar\u00eda de Seguridad municipal, al entrevistar a la joven revel\u00f3 que sali\u00f3 de Guatemala con el sue\u00f1o de\u00a0<strong>llegar<\/strong>\u00a0a\u00a0<strong>Estados<\/strong>\u00a0<strong>Unidos<\/strong>, pero que no hab\u00eda podido lograrlo.<\/p>\n<p>Detall\u00f3 que ten\u00eda una semana en la ciudad y al no conocer a nadie sali\u00f3 a deambular por las calles.<\/p>\n<p>Los polic\u00edas municipales verificaron la informaci\u00f3n disponible sobre la joven y encontraron que ten\u00eda un reporte de b\u00fasqueda desde el 26 de junio del a\u00f1o pasado, cuando sali\u00f3 de su pueblo Chichipate, en el municipio Puerto Barrio, en Guatemala.<\/p>\n<p>Las autoridades llevaron a la adolescente a las instalaciones de la Polic\u00eda de Monterrey para su valoraci\u00f3n m\u00e9dica y para que recibiera atenci\u00f3n en la Unidad de Atenci\u00f3n a V\u00edctimas de Violencia Familiar y de G\u00e9nero.<\/p>\n<p>Posteriormente,\u00a0<strong>la entregaron<\/strong>\u00a0a personal del\u00a0<strong>Instituto Nacional de Migraci\u00f3n<\/strong>\u00a0para los tr\u00e1mites correspondientes para\u00a0<strong>retornarla<\/strong>\u00a0a\u00a0<strong>Guatemala<\/strong>.<\/p>\n<p>M\u00e9xico report\u00f3 84 mil 927 migrantes menores de edad no acompa\u00f1ados en el primer semestre de 2024, de los que 81 mil 955 son de Am\u00e9rica, un incremento mayor al 129 por ciento interanual.<\/p>\n<p>Con informaci\u00f3n de EFE<\/p>\n<div class=\"teads-inread sm-screen\">\n<div class=\"teads-ui-components-adchoices\"><\/div>\n<\/div>\n<\/div>\n<\/div>\n<\/div>\n<\/div>\n<\/div>\n<\/div>\n<\/div>\n","protected":false},"excerpt":{"rendered":"<p>Una adolescente reportada como desaparecida en Guatemala fue hallada en Monterrey cuando buscaba llegar a EE.UU. Autoridades mexicanas encontraron en\u00a0Monterrey, Nuevo Le\u00f3n, a una\u00a0adolescente\u00a0de\u00a0Guatemala\u00a0de 16 a\u00f1os que ten\u00eda un\u00a0reporte de desaparici\u00f3n\u00a0en su pa\u00eds desde hace casi un a\u00f1o y que buscaba migrar sola a Estados Unidos. Miembros de la Polic\u00eda Municipal de Monterrey se percataron de la presencia de\u00a0Joseline \u2018N\u2019\u00a0cuando realizaban recorridos de prevenci\u00f3n por calles de la\u00a0colonia Bella Vista. De acuerdo con la Secretar\u00eda de Seguridad municipal, al entrevistar a la joven revel\u00f3 que sali\u00f3 de Guatemala con el sue\u00f1o de\u00a0llegar\u00a0a\u00a0Estados\u00a0Unidos, pero que no hab\u00eda podido lograrlo. Detall\u00f3 que [&hellip;]<\/p>\n","protected":false},"author":3,"featured_media":116352,"comment_status":"open","ping_status":"open","sticky":false,"template":"","format":"standard","meta":{"_jetpack_newsletter_access":"","_jetpack_dont_email_post_to_subs":false,"_jetpack_newsletter_tier_id":0,"_jetpack_memberships_contains_paywalled_content":false,"_jetpack_feature_clip_id":0,"_jetpack_memberships_contains_paid_content":false,"footnotes":"","jetpack_publicize_message":"","jetpack_publicize_feature_enabled":true,"jetpack_social_post_already_shared":true,"jetpack_social_options":{"image_generator_settings":{"template":"highway","default_image_id":0,"font":"","enabled":false},"version":2},"jetpack_post_was_ever_published":false},"categories":[75,72],"tags":[],"class_list":["post-116351","post","type-post","status-publish","format-standard","has-post-thumbnail","hentry","category-nacional","category-portada","post--single"],"jetpack_publicize_connections":[],"jetpack_featured_media_url":"https:\/\/ovelanalista.com\/wp-content\/uploads\/2025\/03\/localizacion-en-monterrey-de-menor-guatemalteca-reportada-como-desaparecida.jpg","jetpack_sharing_enabled":true,"_links":{"self":[{"href":"https:\/\/ovelanalista.com\/index.php?rest_route=\/wp\/v2\/posts\/116351","targetHints":{"allow":["GET"]}}],"collection":[{"href":"https:\/\/ovelanalista.com\/index.php?rest_route=\/wp\/v2\/posts"}],"about":[{"href":"https:\/\/ovelanalista.com\/index.php?rest_route=\/wp\/v2\/types\/post"}],"author":[{"embeddable":true,"href":"https:\/\/ovelanalista.com\/index.php?rest_route=\/wp\/v2\/users\/3"}],"replies":[{"embeddable":true,"href":"https:\/\/ovelanalista.com\/index.php?rest_route=%2Fwp%2Fv2%2Fcomments&post=116351"}],"version-history":[{"count":1,"href":"https:\/\/ovelanalista.com\/index.php?rest_route=\/wp\/v2\/posts\/116351\/revisions"}],"predecessor-version":[{"id":116353,"href":"https:\/\/ovelanalista.com\/index.php?rest_route=\/wp\/v2\/posts\/116351\/revisions\/116353"}],"wp:featuredmedia":[{"embeddable":true,"href":"https:\/\/ovelanalista.com\/index.php?rest_route=\/wp\/v2\/media\/116352"}],"wp:attachment":[{"href":"https:\/\/ovelanalista.com\/index.php?rest_route=%2Fwp%2Fv2%2Fmedia&parent=116351"}],"wp:term":[{"taxonomy":"category","embeddable":true,"href":"https:\/\/ovelanalista.com\/index.php?rest_route=%2Fwp%2Fv2%2Fcategories&post=116351"},{"taxonomy":"post_tag","embeddable":true,"href":"https:\/\/ovelanalista.com\/index.php?rest_route=%2Fwp%2Fv2%2Ftags&post=116351"}],"curies":[{"name":"wp","href":"https:\/\/api.w.org\/{rel}","templated":true}]}}