{"id":116357,"date":"2025-03-14T14:30:56","date_gmt":"2025-03-14T21:30:56","guid":{"rendered":"https:\/\/ovelanalista.com\/?p=116357"},"modified":"2025-03-14T13:53:39","modified_gmt":"2025-03-14T20:53:39","slug":"decomisan-mil-100-toneladas-de-motos-scooters-y-bicicletas-electricas-en-la-cuauhtemoc","status":"publish","type":"post","link":"https:\/\/ovelanalista.com\/?p=116357","title":{"rendered":"Decomisan mil 100 toneladas de motos, scooters y bicicletas el\u00e9ctricas en la Cuauht\u00e9moc"},"content":{"rendered":"<p>Los veh\u00edculos el\u00e9ctricos extranjeros fueron decomisados en dos locales de la CDMX al no acreditarse su legal procedencia.<\/p>\n<p>Autoridades de la Ciudad de M\u00e9xico decomisaron\u00a0<strong>mil 139 toneladas<\/strong>\u00a0de\u00a0<strong>motocicletas<\/strong>,\u00a0<strong>patines<\/strong>\u00a0y\u00a0<strong>bicicletas el\u00e9ctricas<\/strong>\u00a0de\u00a0<strong>procedencia extranjera<\/strong>.<\/p>\n<p>El decomiso se llev\u00f3 a cabo en la\u00a0<strong>colonia Centro<\/strong>\u00a0de la\u00a0<strong>alcald\u00eda Cuauht\u00e9moc<\/strong>, como parte de un\u00a0<a href=\"https:\/\/www.ssc.cdmx.gob.mx\/comunicacion\/nota\/CC6-14-03-2025\" target=\"_blank\" rel=\"noopener noreferrer\">operativo federal y local<\/a>.<\/p>\n<p>Personal de la Secretar\u00eda de Seguridad Ciudadana (SSC) capitalina, de la Secretar\u00eda de Marina y de la Secretar\u00eda de Administraci\u00f3n y Finanzas aseguraron en una primera diligencia\u00a0<strong>203 veh\u00edculos el\u00e9ctricos<\/strong>\u00a0en un local sobre\u00a0<strong>Eje Central L\u00e1zaro C\u00e1rdenas<\/strong>.<\/p>\n<p>Una segunda diligencia se llev\u00f3 a cabo sobre la\u00a0<strong>calle Rep\u00fablica de Uruguay<\/strong>, donde se aseguraron 300 unidades el\u00e9ctricas.<\/p>\n<p><img decoding=\"async\" src=\"https:\/\/lopezdoriga.com\/wp-content\/uploads\/2025\/03\/aseguramiento-de-vehiculos-electricos-de-procedencia-extranjera-irregular-en-cdmx-1024x576.jpeg\" alt=\"Decomisan mil 100 toneladas de motos, scooters y bicicletas el\u00e9ctricas en la Cuauht\u00e9moc - aseguramiento-de-vehiculos-electricos-de-procedencia-extranjera-irregular-en-cdmx-1024x576\" \/><\/p>\n<p>El decomiso procedi\u00f3 porque\u00a0<strong>no se acredit\u00f3 la procedencia legal<\/strong>\u00a0de los veh\u00edculos, con un valor de al menos\u00a0<strong>17 millones de pesos<\/strong>.<\/p>\n<p>Los objetos fueron puestos a disposici\u00f3n de la autoridad competente, en tanto que los comercios fueron cerrados, sellados y bajo resguardo policial.<\/p>\n<p>Con informaci\u00f3n de L\u00f3pez-D\u00f3riga Digital<\/p>\n","protected":false},"excerpt":{"rendered":"<p>Los veh\u00edculos el\u00e9ctricos extranjeros fueron decomisados en dos locales de la CDMX al no acreditarse su legal procedencia. Autoridades de la Ciudad de M\u00e9xico decomisaron\u00a0mil 139 toneladas\u00a0de\u00a0motocicletas,\u00a0patines\u00a0y\u00a0bicicletas el\u00e9ctricas\u00a0de\u00a0procedencia extranjera. El decomiso se llev\u00f3 a cabo en la\u00a0colonia Centro\u00a0de la\u00a0alcald\u00eda Cuauht\u00e9moc, como parte de un\u00a0operativo federal y local. Personal de la Secretar\u00eda de Seguridad Ciudadana (SSC) capitalina, de la Secretar\u00eda de Marina y de la Secretar\u00eda de Administraci\u00f3n y Finanzas aseguraron en una primera diligencia\u00a0203 veh\u00edculos el\u00e9ctricos\u00a0en un local sobre\u00a0Eje Central L\u00e1zaro C\u00e1rdenas. Una segunda diligencia se llev\u00f3 a cabo sobre la\u00a0calle Rep\u00fablica de Uruguay, donde se aseguraron 300 unidades el\u00e9ctricas. [&hellip;]<\/p>\n","protected":false},"author":3,"featured_media":116358,"comment_status":"open","ping_status":"open","sticky":false,"template":"","format":"standard","meta":{"_jetpack_newsletter_access":"","_jetpack_dont_email_post_to_subs":false,"_jetpack_newsletter_tier_id":0,"_jetpack_memberships_contains_paywalled_content":false,"_jetpack_feature_clip_id":0,"_jetpack_memberships_contains_paid_content":false,"footnotes":"","jetpack_publicize_message":"","jetpack_publicize_feature_enabled":true,"jetpack_social_post_already_shared":true,"jetpack_social_options":{"image_generator_settings":{"template":"highway","default_image_id":0,"font":"","enabled":false},"version":2},"jetpack_post_was_ever_published":false},"categories":[90,72],"tags":[],"class_list":["post-116357","post","type-post","status-publish","format-standard","has-post-thumbnail","hentry","category-estatal","category-portada","post--single"],"jetpack_publicize_connections":[],"jetpack_featured_media_url":"https:\/\/ovelanalista.com\/wp-content\/uploads\/2025\/03\/aseguramiento-de-vehiculos-electricos-de-procedencia-extranjera-irregular.jpeg","jetpack_sharing_enabled":true,"_links":{"self":[{"href":"https:\/\/ovelanalista.com\/index.php?rest_route=\/wp\/v2\/posts\/116357","targetHints":{"allow":["GET"]}}],"collection":[{"href":"https:\/\/ovelanalista.com\/index.php?rest_route=\/wp\/v2\/posts"}],"about":[{"href":"https:\/\/ovelanalista.com\/index.php?rest_route=\/wp\/v2\/types\/post"}],"author":[{"embeddable":true,"href":"https:\/\/ovelanalista.com\/index.php?rest_route=\/wp\/v2\/users\/3"}],"replies":[{"embeddable":true,"href":"https:\/\/ovelanalista.com\/index.php?rest_route=%2Fwp%2Fv2%2Fcomments&post=116357"}],"version-history":[{"count":1,"href":"https:\/\/ovelanalista.com\/index.php?rest_route=\/wp\/v2\/posts\/116357\/revisions"}],"predecessor-version":[{"id":116360,"href":"https:\/\/ovelanalista.com\/index.php?rest_route=\/wp\/v2\/posts\/116357\/revisions\/116360"}],"wp:featuredmedia":[{"embeddable":true,"href":"https:\/\/ovelanalista.com\/index.php?rest_route=\/wp\/v2\/media\/116358"}],"wp:attachment":[{"href":"https:\/\/ovelanalista.com\/index.php?rest_route=%2Fwp%2Fv2%2Fmedia&parent=116357"}],"wp:term":[{"taxonomy":"category","embeddable":true,"href":"https:\/\/ovelanalista.com\/index.php?rest_route=%2Fwp%2Fv2%2Fcategories&post=116357"},{"taxonomy":"post_tag","embeddable":true,"href":"https:\/\/ovelanalista.com\/index.php?rest_route=%2Fwp%2Fv2%2Ftags&post=116357"}],"curies":[{"name":"wp","href":"https:\/\/api.w.org\/{rel}","templated":true}]}}