{"id":116361,"date":"2025-03-14T14:45:11","date_gmt":"2025-03-14T21:45:11","guid":{"rendered":"https:\/\/ovelanalista.com\/?p=116361"},"modified":"2025-03-14T13:57:03","modified_gmt":"2025-03-14T20:57:03","slug":"detienen-a-policias-en-veracruz-por-asesinato-de-padre-buscador","status":"publish","type":"post","link":"https:\/\/ovelanalista.com\/?p=116361","title":{"rendered":"Detienen a polic\u00edas en Veracruz por asesinato de padre buscador"},"content":{"rendered":"<p>Autoridades detuvieron a dos polic\u00edas de Poza Rica por la muerte del padre buscador Magdaleno P\u00e9rez, a quien golpearon.<\/p>\n<p>Dos\u00a0<strong>polic\u00edas municipales<\/strong>\u00a0fueron\u00a0<strong>detenidos<\/strong>\u00a0en Veracruz por el\u00a0<strong>asesinato<\/strong>\u00a0de un\u00a0<strong>padre<\/strong>\u00a0<strong>buscador<\/strong>.<\/p>\n<p>La Fiscal\u00eda General del Estado (FGE) inform\u00f3 la aprehensi\u00f3n de\u00a0<strong>Edgar Jes\u00fas N.<\/strong>\u00a0y\u00a0<strong>Yordanka Janeth N.<\/strong>, elementos de la Polic\u00eda Municipal de Poza Rica.<\/p>\n<div class=\"fb-post\" data-href=\"https:\/\/www.facebook.com\/fgeveracruz\/posts\/pfbid02org4d5Lh5mDKEu8SzypHCczT9tNPxvcrchtoXREu9jppd836voeC9x56DRrYqkAQl?ref=embed_post\" data-width=\"552\" style=\"background-color: #fff; display: inline-block;\"><\/div>\n<p>Ambos son se\u00f1alados de\u00a0<strong>homicidio doloso calificado<\/strong>\u00a0en agravio de\u00a0<strong>Magdaleno P\u00e9rez Santes<\/strong>, integrante del colectivo de b\u00fasqueda Mar\u00eda Herrera.<\/p>\n<p>El 9 de marzo, el padre buscador fue\u00a0<strong>detenido<\/strong>\u00a0y trasladado a la comandancia de Poza Rica, donde fue\u00a0<strong>golpeado<\/strong>\u00a0por los polic\u00edas Edgar y Yordanka.<\/p>\n<p>Al d\u00eda siguiente fue liberado, pero\u00a0<strong>muri\u00f3<\/strong>\u00a0tras llegar a su\u00a0<strong>casa<\/strong>\u00a0en Papantla, derivado de las\u00a0<strong>lesiones<\/strong>.<\/p>\n<p><strong>Magdaleno P\u00e9rez buscaba<\/strong>\u00a0a su\u00a0<strong>hija Diana Paloma<\/strong>, quien desapareci\u00f3 en noviembre de 2019 cuando se dirig\u00eda a la escuela.<\/p>\n<p>A la par de la b\u00fasqueda de su hija, se dedicaba a lavar coches a domicilio.<\/p>\n<blockquote><p>Era una gran persona, un luchador incansable buscando a su hija, el compromiso que nos queda es seguir luchando en honor a \u00e9l. Siempre estaba muy activo\u2026 son momentos muy dif\u00edciles\u201d, refiri\u00f3 Maricel Torres, l\u00edder del colectivo Mar\u00eda Herrera.<\/p><\/blockquote>\n<p>El Consejo Estatal Ciudadano de Veracruz denunci\u00f3 que no estaban claros los motivos de la detenci\u00f3n del padre buscador.<\/p>\n<p>Con informaci\u00f3n de L\u00f3pez-D\u00f3riga Digital y El Pa\u00eds<\/p>\n","protected":false},"excerpt":{"rendered":"<p>Autoridades detuvieron a dos polic\u00edas de Poza Rica por la muerte del padre buscador Magdaleno P\u00e9rez, a quien golpearon. Dos\u00a0polic\u00edas municipales\u00a0fueron\u00a0detenidos\u00a0en Veracruz por el\u00a0asesinato\u00a0de un\u00a0padre\u00a0buscador. La Fiscal\u00eda General del Estado (FGE) inform\u00f3 la aprehensi\u00f3n de\u00a0Edgar Jes\u00fas N.\u00a0y\u00a0Yordanka Janeth N., elementos de la Polic\u00eda Municipal de Poza Rica. Ambos son se\u00f1alados de\u00a0homicidio doloso calificado\u00a0en agravio de\u00a0Magdaleno P\u00e9rez Santes, integrante del colectivo de b\u00fasqueda Mar\u00eda Herrera. El 9 de marzo, el padre buscador fue\u00a0detenido\u00a0y trasladado a la comandancia de Poza Rica, donde fue\u00a0golpeado\u00a0por los polic\u00edas Edgar y Yordanka. Al d\u00eda siguiente fue liberado, pero\u00a0muri\u00f3\u00a0tras llegar a su\u00a0casa\u00a0en Papantla, derivado de las\u00a0lesiones. Magdaleno [&hellip;]<\/p>\n","protected":false},"author":3,"featured_media":116363,"comment_status":"open","ping_status":"open","sticky":false,"template":"","format":"standard","meta":{"_jetpack_newsletter_access":"","_jetpack_dont_email_post_to_subs":false,"_jetpack_newsletter_tier_id":0,"_jetpack_memberships_contains_paywalled_content":false,"_jetpack_feature_clip_id":0,"_jetpack_memberships_contains_paid_content":false,"footnotes":"","jetpack_publicize_message":"","jetpack_publicize_feature_enabled":true,"jetpack_social_post_already_shared":true,"jetpack_social_options":{"image_generator_settings":{"template":"highway","default_image_id":0,"font":"","enabled":false},"version":2},"jetpack_post_was_ever_published":false},"categories":[75,72],"tags":[],"class_list":["post-116361","post","type-post","status-publish","format-standard","has-post-thumbnail","hentry","category-nacional","category-portada","post--single"],"jetpack_publicize_connections":[],"jetpack_featured_media_url":"https:\/\/ovelanalista.com\/wp-content\/uploads\/2025\/03\/magdaleno-perez-padre-buscador-de-veracruz.jpg","jetpack_sharing_enabled":true,"_links":{"self":[{"href":"https:\/\/ovelanalista.com\/index.php?rest_route=\/wp\/v2\/posts\/116361","targetHints":{"allow":["GET"]}}],"collection":[{"href":"https:\/\/ovelanalista.com\/index.php?rest_route=\/wp\/v2\/posts"}],"about":[{"href":"https:\/\/ovelanalista.com\/index.php?rest_route=\/wp\/v2\/types\/post"}],"author":[{"embeddable":true,"href":"https:\/\/ovelanalista.com\/index.php?rest_route=\/wp\/v2\/users\/3"}],"replies":[{"embeddable":true,"href":"https:\/\/ovelanalista.com\/index.php?rest_route=%2Fwp%2Fv2%2Fcomments&post=116361"}],"version-history":[{"count":1,"href":"https:\/\/ovelanalista.com\/index.php?rest_route=\/wp\/v2\/posts\/116361\/revisions"}],"predecessor-version":[{"id":116364,"href":"https:\/\/ovelanalista.com\/index.php?rest_route=\/wp\/v2\/posts\/116361\/revisions\/116364"}],"wp:featuredmedia":[{"embeddable":true,"href":"https:\/\/ovelanalista.com\/index.php?rest_route=\/wp\/v2\/media\/116363"}],"wp:attachment":[{"href":"https:\/\/ovelanalista.com\/index.php?rest_route=%2Fwp%2Fv2%2Fmedia&parent=116361"}],"wp:term":[{"taxonomy":"category","embeddable":true,"href":"https:\/\/ovelanalista.com\/index.php?rest_route=%2Fwp%2Fv2%2Fcategories&post=116361"},{"taxonomy":"post_tag","embeddable":true,"href":"https:\/\/ovelanalista.com\/index.php?rest_route=%2Fwp%2Fv2%2Ftags&post=116361"}],"curies":[{"name":"wp","href":"https:\/\/api.w.org\/{rel}","templated":true}]}}