{"id":116362,"date":"2025-03-14T15:00:26","date_gmt":"2025-03-14T22:00:26","guid":{"rendered":"https:\/\/ovelanalista.com\/?p=116362"},"modified":"2025-03-14T13:58:49","modified_gmt":"2025-03-14T20:58:49","slug":"sheinbaum-destaca-a-mexico-como-ejemplo-de-paridad-de-genero-a-nivel-internacional","status":"publish","type":"post","link":"https:\/\/ovelanalista.com\/?p=116362","title":{"rendered":"Sheinbaum destaca a M\u00e9xico como ejemplo de paridad de g\u00e9nero a nivel internacional"},"content":{"rendered":"<p>La presidenta Sheinbaum encabez\u00f3 la inauguraci\u00f3n de la Conferencia Mundial de Mujeres Parlamentarias de la Uni\u00f3n Interparlamentaria.<\/p>\n<p>La presidenta de\u00a0<strong>M\u00e9xico,\u00a0<a href=\"https:\/\/x.com\/Claudiashein\" target=\"_blank\" rel=\"noopener noreferrer\">Claudia<\/a>\u00a0Sheinbaum Pardo<\/strong>, destac\u00f3 al pa\u00eds como ejemplo internacional de\u00a0<strong>paridad de g\u00e9nero<\/strong>\u00a0en\u00a0<strong>cargos p\u00fablicos<\/strong>\u00a0y pidi\u00f3 a las\u00a0<strong>mujeres<\/strong>\u00a0del mundo que no solo se\u00a0<strong>luche<\/strong>\u00a0por la\u00a0<strong>equidad<\/strong>\u00a0sino tambi\u00e9n contra el \u201cclasismo, machismo y cualquier forma de discriminaci\u00f3n\u201d.<\/p>\n<blockquote><p>Como\u00a0<strong>mujeres parlamentarias<\/strong>\u00a0y como mujeres participantes de la vida p\u00fablica, las conmino a que este grito de igualdad por la paridad sea un grito general en contra del clasismo, en contra del racismo, en contra del machismo y de cualquier forma de discriminaci\u00f3n\u201d, apunt\u00f3 en la inauguraci\u00f3n de la Conferencia Mundial de Mujeres Parlamentarias de la\u00a0<strong>Uni\u00f3n Interparlamentaria<\/strong>\u00a0(<strong>UIP<\/strong>).<\/p><\/blockquote>\n<p>En su discurso, la gobernante mexicana destac\u00f3 la importancia de la paridad no solo en los parlamentos, sino en cualquier espacio de la vida p\u00fablica y el conocimiento de los derechos de las mujeres en \u201ctoda su amplitud\u201d.<\/p>\n<p>\u201cEso quiere decir la paridad. Nuestro pa\u00eds, en efecto, es ejemplo internacional. Hay paridad en los congresos, no solamente federales, sino estatales. En septiembre, a partir de septiembre, habr\u00e1 paridad en el Poder Judicial de nuestro pa\u00eds\u201d, presumi\u00f3.<\/p>\n<p>Se\u00f1al\u00f3 que en M\u00e9xico, 13 de las 32 entidades del pa\u00eds las gobiernan mujeres y en la legislaci\u00f3n \u201cmuy pronto habr\u00e1 paridad\u201d tambi\u00e9n en los partidos pol\u00edticos y presidencias municipales.<\/p>\n<p><iframe loading=\"lazy\" title=\"Discurso de la presidenta Claudia Sheinbaum en la Conferencia Mundial de Mujeres Parlamentarias\" width=\"1200\" height=\"675\" src=\"https:\/\/www.youtube.com\/embed\/0x6mduOMyKU?feature=oembed\" frameborder=\"0\" allow=\"accelerometer; autoplay; clipboard-write; encrypted-media; gyroscope; picture-in-picture; web-share\" referrerpolicy=\"strict-origin-when-cross-origin\" allowfullscreen><\/iframe><\/p>\n<p>Apunt\u00f3 que, como lo dijo en su campa\u00f1a presidencial y tras su llegada al poder \u201cllegaron todas\u201d incluyendo a mujeres de grupos ind\u00edgenas, afrodescendientes, amas de casa, trabajadoras del hogar, polic\u00edas, \u201csoldadas\u201d, abogadas, ingenieras, maestras, doctoras.<\/p>\n<p>Asimismo, pidi\u00f3 no olvidar que la lucha de las mujeres es parte necesaria \u201cde la lucha por los derechos y por la justicia\u201d.<\/p>\n<p>Por ello, enumer\u00f3 las iniciativas de reforma constitucional que ha promovido para elevar \u201cal m\u00e1s alto rango\u201d la igualdad sustantiva, el derecho a una vida libre de violencia y salario igual por trabajo igual que el de los hombres, asegur\u00f3.<\/p>\n<p>Sin embargo, Sheinbaum Pardo apunt\u00f3 que es importante que \u201ctoda esta letra sea una realidad y se convierta en derechos\u201d, por lo que destac\u00f3 que este primer a\u00f1o de su mandato lo declar\u00f3 como el a\u00f1o de la mujer ind\u00edgena, pues hist\u00f3ricamente esta poblaci\u00f3n ha sufrido discriminaci\u00f3n en M\u00e9xico y el mundo entero.<\/p>\n<blockquote><p>Es una forma de colocar a la figura femenina, la m\u00e1s olvidada, la m\u00e1s discriminada, como protagonista de un pasado que le hab\u00eda sido negado\u201d, zanj\u00f3.<\/p><\/blockquote>\n<h3>Avance significativo<\/h3>\n<p>Por su parte,\u00a0<strong>Tulia Jackson<\/strong>, presidenta de la UIP y presidenta de la Asamblea Nacional de la Rep\u00fablica Unida de Tanzania, celebr\u00f3 la elecci\u00f3n de Sheinbaum como primera mujer presidenta de M\u00e9xico, pues asegur\u00f3 que en el pa\u00eds \u201chan puesto un gran ejemplo en relaci\u00f3n con la paridad de g\u00e9nero y la pol\u00edtica en general\u201d.<\/p>\n<p>Se\u00f1al\u00f3 que Latinoam\u00e9rica ha demostrado un \u201cextraordinario avance\u201d en relaci\u00f3n con la igualdad de g\u00e9nero, pues actualmente la regi\u00f3n tiene el promedio m\u00e1s elevado de esca\u00f1os parlamentarios que ocupan las mujeres con un 35.4 por ciento.<\/p>\n<p>\u201cEste es un testamento del poder de nuestra visi\u00f3n, compartida, quiero decir, de un mundo m\u00e1s equitativo de la cooperaci\u00f3n interparlamentaria para avanzar en las democracias inclusivas y representativas\u201d, apunt\u00f3.<\/p>\n<p>Sin embargo, expres\u00f3 su preocupaci\u00f3n por la fragilidad de los progresos equitativos y del arraigo de estructuras patriarcales en gran parte del mundo.<\/p>\n<blockquote><p>Estos retos, se\u00f1oras y se\u00f1ores, nos recuerdan que nuestro trabajo dista mucho de haber acabado, de haber terminado\u201d, advirti\u00f3.<\/p><\/blockquote>\n<p>Finalmente, dijo que la paridad no puede existir de manera aislada pues se requieren instituciones sensibles a cuestiones de g\u00e9nero y espacios estructurados para que haya una participaci\u00f3n plena y equitativa y precis\u00f3 que este es un momento para mostrar que la paridad no es negociable.<\/p>\n<p>\u201cQue la lucha por la igualdad de g\u00e9nero no es nada m\u00e1s un pretexto, sino que es la esencia misma de la democracia y del desarrollo sostenible, que nuestro compromiso con estas metas no conoce l\u00edmite alguno. Aspiremos a un mundo donde la paridad no sea una excepci\u00f3n, sino una norma\u201d, se\u00f1al\u00f3.<\/p>\n<p>Con informaci\u00f3n de EFE<\/p>\n","protected":false},"excerpt":{"rendered":"<p>La presidenta Sheinbaum encabez\u00f3 la inauguraci\u00f3n de la Conferencia Mundial de Mujeres Parlamentarias de la Uni\u00f3n Interparlamentaria. La presidenta de\u00a0M\u00e9xico,\u00a0Claudia\u00a0Sheinbaum Pardo, destac\u00f3 al pa\u00eds como ejemplo internacional de\u00a0paridad de g\u00e9nero\u00a0en\u00a0cargos p\u00fablicos\u00a0y pidi\u00f3 a las\u00a0mujeres\u00a0del mundo que no solo se\u00a0luche\u00a0por la\u00a0equidad\u00a0sino tambi\u00e9n contra el \u201cclasismo, machismo y cualquier forma de discriminaci\u00f3n\u201d. Como\u00a0mujeres parlamentarias\u00a0y como mujeres participantes de la vida p\u00fablica, las conmino a que este grito de igualdad por la paridad sea un grito general en contra del clasismo, en contra del racismo, en contra del machismo y de cualquier forma de discriminaci\u00f3n\u201d, apunt\u00f3 en la inauguraci\u00f3n de la Conferencia Mundial [&hellip;]<\/p>\n","protected":false},"author":3,"featured_media":116365,"comment_status":"open","ping_status":"open","sticky":false,"template":"","format":"standard","meta":{"_jetpack_newsletter_access":"","_jetpack_dont_email_post_to_subs":false,"_jetpack_newsletter_tier_id":0,"_jetpack_memberships_contains_paywalled_content":false,"_jetpack_feature_clip_id":0,"_jetpack_memberships_contains_paid_content":false,"footnotes":"","jetpack_publicize_message":"","jetpack_publicize_feature_enabled":true,"jetpack_social_post_already_shared":true,"jetpack_social_options":{"image_generator_settings":{"template":"highway","default_image_id":0,"font":"","enabled":false},"version":2},"jetpack_post_was_ever_published":false},"categories":[75,72],"tags":[],"class_list":["post-116362","post","type-post","status-publish","format-standard","has-post-thumbnail","hentry","category-nacional","category-portada","post--single"],"jetpack_publicize_connections":[],"jetpack_featured_media_url":"https:\/\/ovelanalista.com\/wp-content\/uploads\/2025\/03\/sheinbaum-mujeres-parlamentarias-uip-1.jpg","jetpack_sharing_enabled":true,"_links":{"self":[{"href":"https:\/\/ovelanalista.com\/index.php?rest_route=\/wp\/v2\/posts\/116362","targetHints":{"allow":["GET"]}}],"collection":[{"href":"https:\/\/ovelanalista.com\/index.php?rest_route=\/wp\/v2\/posts"}],"about":[{"href":"https:\/\/ovelanalista.com\/index.php?rest_route=\/wp\/v2\/types\/post"}],"author":[{"embeddable":true,"href":"https:\/\/ovelanalista.com\/index.php?rest_route=\/wp\/v2\/users\/3"}],"replies":[{"embeddable":true,"href":"https:\/\/ovelanalista.com\/index.php?rest_route=%2Fwp%2Fv2%2Fcomments&post=116362"}],"version-history":[{"count":1,"href":"https:\/\/ovelanalista.com\/index.php?rest_route=\/wp\/v2\/posts\/116362\/revisions"}],"predecessor-version":[{"id":116367,"href":"https:\/\/ovelanalista.com\/index.php?rest_route=\/wp\/v2\/posts\/116362\/revisions\/116367"}],"wp:featuredmedia":[{"embeddable":true,"href":"https:\/\/ovelanalista.com\/index.php?rest_route=\/wp\/v2\/media\/116365"}],"wp:attachment":[{"href":"https:\/\/ovelanalista.com\/index.php?rest_route=%2Fwp%2Fv2%2Fmedia&parent=116362"}],"wp:term":[{"taxonomy":"category","embeddable":true,"href":"https:\/\/ovelanalista.com\/index.php?rest_route=%2Fwp%2Fv2%2Fcategories&post=116362"},{"taxonomy":"post_tag","embeddable":true,"href":"https:\/\/ovelanalista.com\/index.php?rest_route=%2Fwp%2Fv2%2Ftags&post=116362"}],"curies":[{"name":"wp","href":"https:\/\/api.w.org\/{rel}","templated":true}]}}