{"id":116366,"date":"2025-03-14T15:30:33","date_gmt":"2025-03-14T22:30:33","guid":{"rendered":"https:\/\/ovelanalista.com\/?p=116366"},"modified":"2025-03-14T14:01:25","modified_gmt":"2025-03-14T21:01:25","slug":"denuncian-abuso-sexual-en-tecmilenio-de-monterrey-estudiantes-protestan","status":"publish","type":"post","link":"https:\/\/ovelanalista.com\/?p=116366","title":{"rendered":"Denuncian abuso sexual en TecMilenio de Monterrey; estudiantes protestan"},"content":{"rendered":"<p>Estudiantes de un TecMilenio de Monterrey exigieron justicia por el presunto abuso sexual a un alumno con TDAH.<\/p>\n<p>Estudiantes de la\u00a0<strong>Prepa TecMilenio<\/strong>, campus Las Torres de\u00a0<strong>Monterrey<\/strong>, Nuevo Le\u00f3n, se manifestaron este viernes por un presunto\u00a0<strong>abuso sexual<\/strong>\u00a0ocurrido al interior del plantel.<\/p>\n<blockquote class=\"twitter-tweet\" data-width=\"550\" data-dnt=\"true\">\n<p lang=\"es\" dir=\"ltr\">Video del momento en que estudiantes de preparatoria Tecmilenio Las Torres protestaron masivamente frente a las oficinas de los directivos del plantel, por la presunta agresi\u00f3n que sufri\u00f3 uno de sus compa\u00f1eros.<a href=\"https:\/\/twitter.com\/hashtag\/Monterrey?src=hash&amp;ref_src=twsrc%5Etfw\">#Monterrey<\/a> <a href=\"https:\/\/t.co\/0xRxSb845n\">pic.twitter.com\/0xRxSb845n<\/a><\/p>\n<p>&mdash; Jes\u00fas Rub\u00e9n Pe\u00f1a (@revistacodigo21) <a href=\"https:\/\/twitter.com\/revistacodigo21\/status\/1900577631512265209?ref_src=twsrc%5Etfw\">March 14, 2025<\/a><\/p><\/blockquote>\n<p><script async src=\"https:\/\/platform.twitter.com\/widgets.js\" charset=\"utf-8\"><\/script><\/p>\n<p>Se acusa que un estudiante de nombre\u00a0<strong>Adri\u00e1n<\/strong>\u00a0fue v\u00edctima de\u00a0<strong>violaci\u00f3n<\/strong>\u00a0la tarde del 11 de marzo, al interior de unos de los\u00a0<strong>ba\u00f1os<\/strong>, por parte de al menos\u00a0<strong>cinco<\/strong>\u00a0<strong>compa\u00f1eros<\/strong>.<\/p>\n<p>El\u00a0<strong>principal agresor<\/strong>\u00a0fue identificado como\u00a0<strong>Leonardo<\/strong>.<\/p>\n<p>El caso desat\u00f3 mayor indignaci\u00f3n porque Adri\u00e1n, mejor conocido como \u2018<strong>Rudy<\/strong>\u2018, est\u00e1\u00a0<strong>diagnosticado<\/strong>\u00a0con Trastorno por D\u00e9ficit de Atenci\u00f3n e Hiperactividad (<strong>TDAH<\/strong>).<\/p>\n<p>Alumnos de TecMilenio detallaron que tras denunciar los hechos ante las\u00a0<strong>autoridades educativas<\/strong>\u00a0estas\u00a0<strong>protegieron<\/strong>\u00a0al\u00a0<strong>presunto<\/strong>\u00a0<strong>agresor<\/strong>, adem\u00e1s de que suspendieron a \u2018Rudy\u2019 por haber golpeado a uno de los implicados.<\/p>\n<p>Este viernes,\u00a0<strong>estudiantes protestaron<\/strong>\u00a0dentro de la preparatoria con carteles y al grito de consignas para que se haga\u00a0<strong>justicia<\/strong>.<\/p>\n<p>https:\/\/x.com\/stonebarka\/status\/1900587446590480788?ref_src=twsrc%5Etfw%7Ctwcamp%5Etweetembed%7Ctwterm%5E1900587446590480788%7Ctwgr%5Ed48a7b9ea921a881c0f40aa1bebc2ef3b5eb797c%7Ctwcon%5Es1_c10&#038;ref_url=https%3A%2F%2Flopezdoriga.com%2Fnacional%2Fdenuncian-abuso-sexual-tecmilenio-monterrey-estudiantes-protestan%2F<\/p>\n<p><strong>Elementos<\/strong>\u00a0de la\u00a0<strong>Agencia Estatal de Investigaciones<\/strong>\u00a0se presentaron en el plantel, pero\u00a0<strong>se les neg\u00f3 el acceso<\/strong>, supuestamente por \u00f3rdenes de la directora.<\/p>\n<p>Con informaci\u00f3n de L\u00f3pez-D\u00f3riga Digital y Milenio<\/p>\n","protected":false},"excerpt":{"rendered":"<p>Estudiantes de un TecMilenio de Monterrey exigieron justicia por el presunto abuso sexual a un alumno con TDAH. Estudiantes de la\u00a0Prepa TecMilenio, campus Las Torres de\u00a0Monterrey, Nuevo Le\u00f3n, se manifestaron este viernes por un presunto\u00a0abuso sexual\u00a0ocurrido al interior del plantel. Video del momento en que estudiantes de preparatoria Tecmilenio Las Torres protestaron masivamente frente a las oficinas de los directivos del plantel, por la presunta agresi\u00f3n que sufri\u00f3 uno de sus compa\u00f1eros.#Monterrey pic.twitter.com\/0xRxSb845n &mdash; Jes\u00fas Rub\u00e9n Pe\u00f1a (@revistacodigo21) March 14, 2025 Se acusa que un estudiante de nombre\u00a0Adri\u00e1n\u00a0fue v\u00edctima de\u00a0violaci\u00f3n\u00a0la tarde del 11 de marzo, al interior de unos de [&hellip;]<\/p>\n","protected":false},"author":3,"featured_media":116369,"comment_status":"open","ping_status":"open","sticky":false,"template":"","format":"standard","meta":{"_jetpack_newsletter_access":"","_jetpack_dont_email_post_to_subs":false,"_jetpack_newsletter_tier_id":0,"_jetpack_memberships_contains_paywalled_content":false,"_jetpack_feature_clip_id":0,"_jetpack_memberships_contains_paid_content":false,"footnotes":"","jetpack_publicize_message":"","jetpack_publicize_feature_enabled":true,"jetpack_social_post_already_shared":true,"jetpack_social_options":{"image_generator_settings":{"template":"highway","default_image_id":0,"font":"","enabled":false},"version":2},"jetpack_post_was_ever_published":false},"categories":[75,72],"tags":[],"class_list":["post-116366","post","type-post","status-publish","format-standard","has-post-thumbnail","hentry","category-nacional","category-portada","post--single"],"jetpack_publicize_connections":[],"jetpack_featured_media_url":"https:\/\/ovelanalista.com\/wp-content\/uploads\/2025\/03\/protesta-en-prepa-tecmilenio-de-monterrey-por-presunto-abuso-sexual.jpeg","jetpack_sharing_enabled":true,"_links":{"self":[{"href":"https:\/\/ovelanalista.com\/index.php?rest_route=\/wp\/v2\/posts\/116366","targetHints":{"allow":["GET"]}}],"collection":[{"href":"https:\/\/ovelanalista.com\/index.php?rest_route=\/wp\/v2\/posts"}],"about":[{"href":"https:\/\/ovelanalista.com\/index.php?rest_route=\/wp\/v2\/types\/post"}],"author":[{"embeddable":true,"href":"https:\/\/ovelanalista.com\/index.php?rest_route=\/wp\/v2\/users\/3"}],"replies":[{"embeddable":true,"href":"https:\/\/ovelanalista.com\/index.php?rest_route=%2Fwp%2Fv2%2Fcomments&post=116366"}],"version-history":[{"count":1,"href":"https:\/\/ovelanalista.com\/index.php?rest_route=\/wp\/v2\/posts\/116366\/revisions"}],"predecessor-version":[{"id":116370,"href":"https:\/\/ovelanalista.com\/index.php?rest_route=\/wp\/v2\/posts\/116366\/revisions\/116370"}],"wp:featuredmedia":[{"embeddable":true,"href":"https:\/\/ovelanalista.com\/index.php?rest_route=\/wp\/v2\/media\/116369"}],"wp:attachment":[{"href":"https:\/\/ovelanalista.com\/index.php?rest_route=%2Fwp%2Fv2%2Fmedia&parent=116366"}],"wp:term":[{"taxonomy":"category","embeddable":true,"href":"https:\/\/ovelanalista.com\/index.php?rest_route=%2Fwp%2Fv2%2Fcategories&post=116366"},{"taxonomy":"post_tag","embeddable":true,"href":"https:\/\/ovelanalista.com\/index.php?rest_route=%2Fwp%2Fv2%2Ftags&post=116366"}],"curies":[{"name":"wp","href":"https:\/\/api.w.org\/{rel}","templated":true}]}}