{"id":117139,"date":"2025-03-27T12:50:21","date_gmt":"2025-03-27T19:50:21","guid":{"rendered":"https:\/\/ovelanalista.com\/?p=117139"},"modified":"2025-03-27T09:35:57","modified_gmt":"2025-03-27T16:35:57","slug":"fiscalia-detiene-en-sinaloa-a-jasiel-beltran-quien-tiene-una-solicitud-de-extradicion-de-eu","status":"publish","type":"post","link":"https:\/\/ovelanalista.com\/?p=117139","title":{"rendered":"Fiscal\u00eda detiene en Sinaloa a \u2018Jasiel Beltr\u00e1n\u2019 quien tiene una solicitud de extradici\u00f3n de EU"},"content":{"rendered":"<p><span class=\"f4_article-info__excerpt entry-summary\">Autoridades capturaron a Jes\u00fas Guadalupe Alcal\u00e1 Reyes, alias &#8216;Jasiel Beltr\u00e1n Reyes&#8217;, quien cuenta con una solicitud de extradici\u00f3n y est\u00e1 relacionado con los delitos de asociaci\u00f3n delictuosa y tr\u00e1fico de narc\u00f3ticos.<\/span><\/p>\n<p>Agentes de la Agencia de Investigaci\u00f3n Criminal (AIC) de la Fiscal\u00eda General de la Rep\u00fablica (FGR) detuvieron en la ciudad de Culiac\u00e1n, capital del estado de Sinaloa, noroeste de M\u00e9xico, a Jes\u00fas Guadalupe \u2018N\u2019, quien cuenta con una solicitud de extradici\u00f3n por parte del Gobierno de Estados Unidos.<\/p>\n<p>En un comunicado conjunto la FGR y las Secretar\u00edas de la Defensa Nacional (SEDENA), de Marina (SEMAR), de Seguridad y Protecci\u00f3n Ciudadana (SSPC) y la Guardia Nacional (GN) informaron este mi\u00e9rcoles que la detenci\u00f3n del sujeto se dio como \u201cresultado del intercambio de informaci\u00f3n binacional entre M\u00e9xico y Estados Unidos con el objetivo de detener a generadores de violencia.<\/p>\n<p>Se apunt\u00f3 que los agentes capturaron a Jes\u00fas Guadalupe Alcal\u00e1 Reyes, alias \u2018Jasiel Beltr\u00e1n Reyes\u2019, quien cuenta con una solicitud de extradici\u00f3n y est\u00e1 relacionado con los delitos de asociaci\u00f3n delictuosa y tr\u00e1fico de narc\u00f3ticos.<\/p>\n<p>\u201cDicha persona es requerida por el Departamento de Seguridad Nacional de Estados Unidos (DHS) y el Servicio de Inmigraci\u00f3n y Control de Aduanas (ICE)\u201d, indic\u00f3 la nota.<\/p>\n<h2 id=\"h-detencion-de-jasiel-beltran\" class=\"wp-block-heading\">Detenci\u00f3n de \u2018Jasiel Beltran\u2019<\/h2>\n<p>Relataron que la detenci\u00f3n del sujeto se dio tras ubicarlo en el municipio de Culiac\u00e1n, su zona de movilidad y con la informaci\u00f3n obtenida se cumplieron vigilancias m\u00f3viles y discretas en una conocida vialidad, donde se localiz\u00f3 al individuo y tras verificar su identidad fue detenido.<\/p>\n<p>A Alcal\u00e1 Reyes los agentes le informaron el motivo de su detenci\u00f3n, sus derechos constitucionales y fue puesto a disposici\u00f3n del agente del Ministerio P\u00fablico correspondiente, quien definir\u00e1 su situaci\u00f3n legal.<\/p>\n<p>La \u2018Operaci\u00f3n Frontera Norte\u2019 de M\u00e9xico, acordada con Estados Unidos, sum\u00f3 hasta ayer 1,748 detenidos, incluyendo capos buscados por el Bur\u00f3 Federal de Investigaciones (FBI), una semana antes del fin de la pausa de los aranceles del presidente estadounidense, Donald Trump.<\/p>\n<p>En estas siete semanas del operativo, que consiste en el despliegue de 10,000 agentes de la Guardia Nacional en el l\u00edmite con Estados Unidos para que Trump pausase los aranceles del 25%, tambi\u00e9n se han confiscado 1,562 armas de fuego, 129.2 kilogramos de fentanilo y 952,695 pastillas de esta droga sint\u00e9tica.<\/p>\n<p>Adem\u00e1s, de 195 inmuebles, 1,431 veh\u00edculos, 233,212 cartuchos y 7,884 cargadores.<\/p>\n<p>Sobre Sinaloa, estado del noroeste del pa\u00eds que padece la pugna interna del cartel por el arresto en julio pasado del capo Ismael \u2018El Mayo\u2019 Zambada, Harfuch inform\u00f3 del arresto de 1,080 personas, el aseguramiento de 1.1 millones de pastillas de fentanilo y la destrucci\u00f3n de 68 laboratorios desde el inicio del Gobierno, el pasado 1 de octubre.<\/p>\n<p><em>Con informaci\u00f3n de EFE.<\/em><\/p>\n","protected":false},"excerpt":{"rendered":"<p>Autoridades capturaron a Jes\u00fas Guadalupe Alcal\u00e1 Reyes, alias &#8216;Jasiel Beltr\u00e1n Reyes&#8217;, quien cuenta con una solicitud de extradici\u00f3n y est\u00e1 relacionado con los delitos de asociaci\u00f3n delictuosa y tr\u00e1fico de narc\u00f3ticos. Agentes de la Agencia de Investigaci\u00f3n Criminal (AIC) de la Fiscal\u00eda General de la Rep\u00fablica (FGR) detuvieron en la ciudad de Culiac\u00e1n, capital del estado de Sinaloa, noroeste de M\u00e9xico, a Jes\u00fas Guadalupe \u2018N\u2019, quien cuenta con una solicitud de extradici\u00f3n por parte del Gobierno de Estados Unidos. En un comunicado conjunto la FGR y las Secretar\u00edas de la Defensa Nacional (SEDENA), de Marina (SEMAR), de Seguridad y Protecci\u00f3n [&hellip;]<\/p>\n","protected":false},"author":3,"featured_media":117143,"comment_status":"open","ping_status":"open","sticky":false,"template":"","format":"standard","meta":{"_jetpack_newsletter_access":"","_jetpack_dont_email_post_to_subs":false,"_jetpack_newsletter_tier_id":0,"_jetpack_memberships_contains_paywalled_content":false,"_jetpack_feature_clip_id":0,"_jetpack_memberships_contains_paid_content":false,"footnotes":"","jetpack_publicize_message":"","jetpack_publicize_feature_enabled":true,"jetpack_social_post_already_shared":true,"jetpack_social_options":{"image_generator_settings":{"template":"highway","default_image_id":0,"font":"","enabled":false},"version":2},"jetpack_post_was_ever_published":false},"categories":[90,72],"tags":[],"class_list":["post-117139","post","type-post","status-publish","format-standard","has-post-thumbnail","hentry","category-estatal","category-portada","post--single"],"jetpack_publicize_connections":[],"jetpack_featured_media_url":"https:\/\/ovelanalista.com\/wp-content\/uploads\/2025\/03\/lebaron-3.webp","jetpack_sharing_enabled":true,"_links":{"self":[{"href":"https:\/\/ovelanalista.com\/index.php?rest_route=\/wp\/v2\/posts\/117139","targetHints":{"allow":["GET"]}}],"collection":[{"href":"https:\/\/ovelanalista.com\/index.php?rest_route=\/wp\/v2\/posts"}],"about":[{"href":"https:\/\/ovelanalista.com\/index.php?rest_route=\/wp\/v2\/types\/post"}],"author":[{"embeddable":true,"href":"https:\/\/ovelanalista.com\/index.php?rest_route=\/wp\/v2\/users\/3"}],"replies":[{"embeddable":true,"href":"https:\/\/ovelanalista.com\/index.php?rest_route=%2Fwp%2Fv2%2Fcomments&post=117139"}],"version-history":[{"count":1,"href":"https:\/\/ovelanalista.com\/index.php?rest_route=\/wp\/v2\/posts\/117139\/revisions"}],"predecessor-version":[{"id":117144,"href":"https:\/\/ovelanalista.com\/index.php?rest_route=\/wp\/v2\/posts\/117139\/revisions\/117144"}],"wp:featuredmedia":[{"embeddable":true,"href":"https:\/\/ovelanalista.com\/index.php?rest_route=\/wp\/v2\/media\/117143"}],"wp:attachment":[{"href":"https:\/\/ovelanalista.com\/index.php?rest_route=%2Fwp%2Fv2%2Fmedia&parent=117139"}],"wp:term":[{"taxonomy":"category","embeddable":true,"href":"https:\/\/ovelanalista.com\/index.php?rest_route=%2Fwp%2Fv2%2Fcategories&post=117139"},{"taxonomy":"post_tag","embeddable":true,"href":"https:\/\/ovelanalista.com\/index.php?rest_route=%2Fwp%2Fv2%2Ftags&post=117139"}],"curies":[{"name":"wp","href":"https:\/\/api.w.org\/{rel}","templated":true}]}}