{"id":117169,"date":"2025-03-28T11:38:04","date_gmt":"2025-03-28T18:38:04","guid":{"rendered":"https:\/\/ovelanalista.com\/?p=117169"},"modified":"2025-03-28T11:38:04","modified_gmt":"2025-03-28T18:38:04","slug":"jornada-de-terror-se-vivio-el-jueves-en-culiacan","status":"publish","type":"post","link":"https:\/\/ovelanalista.com\/?p=117169","title":{"rendered":"Jornada de terror se vivi\u00f3 el jueves en Culiac\u00e1n"},"content":{"rendered":"<p>En el blanco por Fernando Zepeda H.<\/p>\n<p>*Jornada de terror se vivi\u00f3 el jueves en Culiac\u00e1n<br \/>\n*Balaceras entre civiles armados arrojaron seis personas muertas, temor por lo menos ocho colonias de la capital del estado<br \/>\n*El incendio del teatro universitario la noche del mi\u00e9rcoles, desat\u00f3 toda una ola de especulaciones. La UAS pidi\u00f3 no especular y exigi\u00f3 una investigaci\u00f3n<br \/>\n*Tambi\u00e9n en Mazatl\u00e1n rugieron las armas, matan a dos j\u00f3venes y otros dos entre ellos un menor resultaron lesionados en la colonia Rinc\u00f3n de Ur\u00edas<br \/>\n*El tema de los presuntos fraudes inmobiliarios lleg\u00f3 al Cabildo el d\u00eda de ayer. Afectan la imagen de Mazatl\u00e1n, dijo el regidor Parada<br \/>\n*La alcaldesa Estrella Palacios gira instrucciones para que la comisi\u00f3n de urbanismo, ecolog\u00eda y obras publicas investigue el tema de las inmobiliarias<br \/>\n*La Comisi\u00f3n de Elecciones de la UAS, aval\u00f3 el registro de dos de los cuatro aspirantes a la rector\u00eda. Madue\u00f1a y la maestra Diaz ser\u00e1n los contendientes<br \/>\n*Garc\u00eda Harfuch recibe buenos comentarios de los jefes del FBI y CIA luego de un encuentro entre ellos sobre el tema de los carteles mexicanos<\/p>\n<p>Jueves violento en Culiac\u00e1n.\u00a0Seis personas asesinadas. Enfrentamientos violentos entre civiles armados cimbraron a por lo menos seis colonias de la capital del estado. Un numero no estimado de heridos que comenzaron a recibirse en instituciones m\u00e9dicas. Para quienes aseguran que la violencia va cediendo, ah\u00ed tuvieron su respuesta. La noche del mi\u00e9rcoles marco lo que venia para Culiac\u00e1n. El incendio del Teatro universitario de la UAS cimbro a la comunidad universitaria. Para muchos la violencia que se vive desde el 9 de septiembre lleg\u00f3 a atentar contra un s\u00edmbolo de la cultura sinaloense.<\/p>\n<p class=\"google-auto-placed ap_container\"><ins class=\"adsbygoogle adsbygoogle-noablate\" data-ad-format=\"auto\" data-ad-client=\"ca-pub-9910594364950115\" data-adsbygoogle-status=\"done\" data-ad-status=\"filled\"><\/p>\n<div id=\"aswift_2_host\"><iframe loading=\"lazy\" id=\"aswift_2\" tabindex=\"0\" title=\"Advertisement\" src=\"https:\/\/googleads.g.doubleclick.net\/pagead\/ads?client=ca-pub-9910594364950115&amp;output=html&amp;h=280&amp;adk=1815668751&amp;adf=685041095&amp;pi=t.aa~a.1611398833~i.7~rp.4&amp;w=696&amp;abgtt=9&amp;fwrn=4&amp;fwrnh=100&amp;lmt=1743187016&amp;num_ads=1&amp;rafmt=1&amp;armr=3&amp;sem=mc&amp;pwprc=6662563290&amp;ad_type=text_image&amp;format=696x280&amp;url=https%3A%2F%2Fsinaloaenlinea.com%2Fen-el-blanco-por-fernando-zepeda-h-338%2F&amp;fwr=0&amp;pra=3&amp;rh=174&amp;rw=696&amp;rpe=1&amp;resp_fmts=3&amp;wgl=1&amp;fa=27&amp;uach=WyJtYWNPUyIsIjExLjcuMTAiLCJ4ODYiLCIiLCIxMzQuMC42OTk4LjE2NiIsbnVsbCwwLG51bGwsIjY0IixbWyJDaHJvbWl1bSIsIjEzNC4wLjY5OTguMTY2Il0sWyJOb3Q6QS1CcmFuZCIsIjI0LjAuMC4wIl0sWyJHb29nbGUgQ2hyb21lIiwiMTM0LjAuNjk5OC4xNjYiXV0sMF0.&amp;dt=1743187016533&amp;bpp=2&amp;bdt=1136&amp;idt=-M&amp;shv=r20250327&amp;mjsv=m202503250101&amp;ptt=9&amp;saldr=aa&amp;abxe=1&amp;cookie=ID%3Dc983ed29e4b86913%3AT%3D1721666790%3ART%3D1743186690%3AS%3DALNI_MY5rl-oOrlkUst218ZvHlLjS8OCXQ&amp;gpic=UID%3D00000e8949ffbeb1%3AT%3D1721666790%3ART%3D1743186690%3AS%3DALNI_Mb_sa4HVbWC_B7Lx5BE7UWabkbB5g&amp;eo_id_str=ID%3D0798135c2e3c5908%3AT%3D1737389406%3ART%3D1743186690%3AS%3DAA-AfjYBqWpNvLicxANDKAZKLddH&amp;prev_fmts=0x0%2C1200x280&amp;nras=3&amp;correlator=7723660017328&amp;frm=20&amp;pv=1&amp;u_tz=-420&amp;u_his=1&amp;u_h=900&amp;u_w=1440&amp;u_ah=900&amp;u_aw=1440&amp;u_cd=24&amp;u_sd=2&amp;dmc=8&amp;adx=186&amp;ady=2200&amp;biw=1440&amp;bih=779&amp;scr_x=0&amp;scr_y=0&amp;eid=31090664%2C95333412%2C95344789%2C95356499%2C95356506%2C95355301%2C95356787%2C95356807%2C95356929&amp;oid=2&amp;pvsid=3363098672389598&amp;tmod=2045626388&amp;uas=0&amp;nvt=1&amp;fc=1408&amp;brdim=0%2C0%2C0%2C0%2C1440%2C0%2C1440%2C900%2C1440%2C779&amp;vis=1&amp;rsz=%7C%7Cs%7C&amp;abl=NS&amp;cms=2&amp;fu=128&amp;bc=31&amp;bz=1&amp;td=1&amp;tdf=2&amp;psd=W251bGwsbnVsbCxudWxsLDNd&amp;nt=1&amp;pgls=CAA.&amp;ifi=3&amp;uci=a!3&amp;btvi=1&amp;fsb=1&amp;dtd=27\" name=\"aswift_2\" width=\"696\" height=\"280\" frameborder=\"0\" marginwidth=\"0\" marginheight=\"0\" scrolling=\"no\" sandbox=\"allow-forms allow-popups allow-popups-to-escape-sandbox allow-same-origin allow-scripts allow-top-navigation-by-user-activation\" data-google-container-id=\"a!3\" aria-label=\"Advertisement\" data-google-query-id=\"CLvUsNe1rYwDFdapjggdUWAXpw\" data-load-complete=\"true\" data-mce-fragment=\"1\"><\/iframe><\/div>\n<p><\/ins><\/p>\n<p><img loading=\"lazy\" decoding=\"async\" class=\"alignright size-large wp-image-197713 td-animation-stack-type0-2\" src=\"https:\/\/sinaloaenlinea.com\/wp-content\/uploads\/2025\/03\/487086478_1097291689094529_6401860533676956484_n-1024x576.jpg\" sizes=\"auto, (max-width: 696px) 100vw, 696px\" srcset=\"https:\/\/sinaloaenlinea.com\/wp-content\/uploads\/2025\/03\/487086478_1097291689094529_6401860533676956484_n-1024x576.jpg 1024w, https:\/\/sinaloaenlinea.com\/wp-content\/uploads\/2025\/03\/487086478_1097291689094529_6401860533676956484_n-300x169.jpg 300w, https:\/\/sinaloaenlinea.com\/wp-content\/uploads\/2025\/03\/487086478_1097291689094529_6401860533676956484_n-768x432.jpg 768w, https:\/\/sinaloaenlinea.com\/wp-content\/uploads\/2025\/03\/487086478_1097291689094529_6401860533676956484_n-1536x864.jpg 1536w, https:\/\/sinaloaenlinea.com\/wp-content\/uploads\/2025\/03\/487086478_1097291689094529_6401860533676956484_n-747x420.jpg 747w, https:\/\/sinaloaenlinea.com\/wp-content\/uploads\/2025\/03\/487086478_1097291689094529_6401860533676956484_n-150x84.jpg 150w, https:\/\/sinaloaenlinea.com\/wp-content\/uploads\/2025\/03\/487086478_1097291689094529_6401860533676956484_n-696x392.jpg 696w, https:\/\/sinaloaenlinea.com\/wp-content\/uploads\/2025\/03\/487086478_1097291689094529_6401860533676956484_n-1068x601.jpg 1068w, https:\/\/sinaloaenlinea.com\/wp-content\/uploads\/2025\/03\/487086478_1097291689094529_6401860533676956484_n.jpg 1600w\" alt=\"\" width=\"696\" height=\"392\" \/><\/p>\n<p>El teatro qued\u00f3 consumido en llamas. De inmediato la UAS public\u00f3 su posicionamiento y exigencia para que el hecho sea investigado y aclarado. Pero tambi\u00e9n apunto que no se de paso a las especulaciones. Expresi\u00f3n tard\u00eda cuando ya muchos comenzaban a recordar las diferencias que hasta hace poco se ten\u00edan con el Gobierno del Estado y que llevaron a proceso a varios de los funcionarios universitarios. Entre ellos a un Rector en activo Jes\u00fas Madue\u00f1a y otro exrector Juan Eulogio Guerra.<\/p>\n<p class=\"google-auto-placed ap_container\"><ins class=\"adsbygoogle adsbygoogle-noablate\" data-ad-format=\"auto\" data-ad-client=\"ca-pub-9910594364950115\" data-adsbygoogle-status=\"done\" data-ad-status=\"filled\"><\/p>\n<div id=\"aswift_3_host\"><iframe loading=\"lazy\" id=\"aswift_3\" tabindex=\"0\" title=\"Advertisement\" src=\"https:\/\/googleads.g.doubleclick.net\/pagead\/ads?client=ca-pub-9910594364950115&amp;output=html&amp;h=280&amp;adk=1815668751&amp;adf=2042958175&amp;pi=t.aa~a.1611398833~i.11~rp.4&amp;w=696&amp;abgtt=9&amp;fwrn=4&amp;fwrnh=100&amp;lmt=1743187016&amp;num_ads=1&amp;rafmt=1&amp;armr=3&amp;sem=mc&amp;pwprc=6662563290&amp;ad_type=text_image&amp;format=696x280&amp;url=https%3A%2F%2Fsinaloaenlinea.com%2Fen-el-blanco-por-fernando-zepeda-h-338%2F&amp;fwr=0&amp;pra=3&amp;rh=174&amp;rw=696&amp;rpe=1&amp;resp_fmts=3&amp;wgl=1&amp;fa=27&amp;uach=WyJtYWNPUyIsIjExLjcuMTAiLCJ4ODYiLCIiLCIxMzQuMC42OTk4LjE2NiIsbnVsbCwwLG51bGwsIjY0IixbWyJDaHJvbWl1bSIsIjEzNC4wLjY5OTguMTY2Il0sWyJOb3Q6QS1CcmFuZCIsIjI0LjAuMC4wIl0sWyJHb29nbGUgQ2hyb21lIiwiMTM0LjAuNjk5OC4xNjYiXV0sMF0.&amp;dt=1743187016533&amp;bpp=2&amp;bdt=1137&amp;idt=-M&amp;shv=r20250327&amp;mjsv=m202503250101&amp;ptt=9&amp;saldr=aa&amp;abxe=1&amp;cookie=ID%3Dc983ed29e4b86913%3AT%3D1721666790%3ART%3D1743186690%3AS%3DALNI_MY5rl-oOrlkUst218ZvHlLjS8OCXQ&amp;gpic=UID%3D00000e8949ffbeb1%3AT%3D1721666790%3ART%3D1743186690%3AS%3DALNI_Mb_sa4HVbWC_B7Lx5BE7UWabkbB5g&amp;eo_id_str=ID%3D0798135c2e3c5908%3AT%3D1737389406%3ART%3D1743186690%3AS%3DAA-AfjYBqWpNvLicxANDKAZKLddH&amp;prev_fmts=0x0%2C1200x280%2C696x280&amp;nras=4&amp;correlator=7723660017328&amp;frm=20&amp;pv=1&amp;u_tz=-420&amp;u_his=1&amp;u_h=900&amp;u_w=1440&amp;u_ah=900&amp;u_aw=1440&amp;u_cd=24&amp;u_sd=2&amp;dmc=8&amp;adx=186&amp;ady=3167&amp;biw=1440&amp;bih=779&amp;scr_x=0&amp;scr_y=0&amp;eid=31090664%2C95333412%2C95344789%2C95356499%2C95356506%2C95355301%2C95356787%2C95356807%2C95356929&amp;oid=2&amp;pvsid=3363098672389598&amp;tmod=2045626388&amp;uas=0&amp;nvt=1&amp;fc=1408&amp;brdim=0%2C0%2C0%2C0%2C1440%2C0%2C1440%2C900%2C1440%2C779&amp;vis=1&amp;rsz=%7C%7Cs%7C&amp;abl=NS&amp;fu=128&amp;bc=31&amp;bz=1&amp;td=1&amp;tdf=2&amp;psd=W251bGwsbnVsbCxudWxsLDNd&amp;nt=1&amp;pgls=CAA.&amp;ifi=4&amp;uci=a!4&amp;btvi=2&amp;fsb=1&amp;dtd=54\" name=\"aswift_3\" width=\"696\" height=\"280\" frameborder=\"0\" marginwidth=\"0\" marginheight=\"0\" scrolling=\"no\" sandbox=\"allow-forms allow-popups allow-popups-to-escape-sandbox allow-same-origin allow-scripts allow-top-navigation-by-user-activation\" data-google-container-id=\"a!4\" aria-label=\"Advertisement\" data-google-query-id=\"CKmKsde1rYwDFRO-jggdhqoIuw\" data-load-complete=\"true\" data-mce-fragment=\"1\"><\/iframe><\/div>\n<p><\/ins><\/p>\n<p><img loading=\"lazy\" decoding=\"async\" class=\"alignright size-large wp-image-197716 td-animation-stack-type0-2\" src=\"https:\/\/sinaloaenlinea.com\/wp-content\/uploads\/2025\/03\/486340075_1079712367527449_7176048494039882620_n-1024x576.jpg\" sizes=\"auto, (max-width: 696px) 100vw, 696px\" srcset=\"https:\/\/sinaloaenlinea.com\/wp-content\/uploads\/2025\/03\/486340075_1079712367527449_7176048494039882620_n-1024x576.jpg 1024w, https:\/\/sinaloaenlinea.com\/wp-content\/uploads\/2025\/03\/486340075_1079712367527449_7176048494039882620_n-300x169.jpg 300w, https:\/\/sinaloaenlinea.com\/wp-content\/uploads\/2025\/03\/486340075_1079712367527449_7176048494039882620_n-768x432.jpg 768w, https:\/\/sinaloaenlinea.com\/wp-content\/uploads\/2025\/03\/486340075_1079712367527449_7176048494039882620_n-1536x864.jpg 1536w, https:\/\/sinaloaenlinea.com\/wp-content\/uploads\/2025\/03\/486340075_1079712367527449_7176048494039882620_n-747x420.jpg 747w, https:\/\/sinaloaenlinea.com\/wp-content\/uploads\/2025\/03\/486340075_1079712367527449_7176048494039882620_n-150x84.jpg 150w, https:\/\/sinaloaenlinea.com\/wp-content\/uploads\/2025\/03\/486340075_1079712367527449_7176048494039882620_n-696x392.jpg 696w, https:\/\/sinaloaenlinea.com\/wp-content\/uploads\/2025\/03\/486340075_1079712367527449_7176048494039882620_n-1068x601.jpg 1068w, https:\/\/sinaloaenlinea.com\/wp-content\/uploads\/2025\/03\/486340075_1079712367527449_7176048494039882620_n.jpg 1600w\" alt=\"\" width=\"696\" height=\"392\" \/><\/p>\n<p>La jornada violenta del jueves dio cuenta de tres personas muertas abatidas a balazos en la colonia Siete Gotas. Otro muerto en la colonia 21 de Marzo y uno mas en la Lazaro C\u00e1rdenas. En la colonia 10 de Mayo una pareja de estadounidenses present\u00f3 lesiones de bala y fueron conducidos a recibir atenci\u00f3n medica a un hospital. En la colonia Huizaches se detonaron armas de fuego cerca de una secundaria. Aho los militares encontraron un veh\u00edculo en cuyo interior hab\u00eda artefactos explosivos. Con todos estos hechos violentos, el Gobierno del Estado insiste en mantener el operativo de rescate a la actividad nocturna de Culiac\u00e1n, que apenas parece que mejora cuando reaparece la violencia entre los grupos de criminales.<\/p>\n<p class=\"google-auto-placed ap_container\"><ins class=\"adsbygoogle adsbygoogle-noablate\" data-ad-format=\"auto\" data-ad-client=\"ca-pub-9910594364950115\" data-adsbygoogle-status=\"done\" data-ad-status=\"filled\"><\/p>\n<div id=\"aswift_4_host\"><iframe loading=\"lazy\" id=\"aswift_4\" tabindex=\"0\" title=\"Advertisement\" src=\"https:\/\/googleads.g.doubleclick.net\/pagead\/ads?client=ca-pub-9910594364950115&amp;output=html&amp;h=280&amp;adk=1815668751&amp;adf=934986640&amp;pi=t.aa~a.1611398833~i.15~rp.4&amp;w=696&amp;abgtt=9&amp;fwrn=4&amp;fwrnh=100&amp;lmt=1743187016&amp;num_ads=1&amp;rafmt=1&amp;armr=3&amp;sem=mc&amp;pwprc=6662563290&amp;ad_type=text_image&amp;format=696x280&amp;url=https%3A%2F%2Fsinaloaenlinea.com%2Fen-el-blanco-por-fernando-zepeda-h-338%2F&amp;fwr=0&amp;pra=3&amp;rh=174&amp;rw=696&amp;rpe=1&amp;resp_fmts=3&amp;wgl=1&amp;fa=27&amp;uach=WyJtYWNPUyIsIjExLjcuMTAiLCJ4ODYiLCIiLCIxMzQuMC42OTk4LjE2NiIsbnVsbCwwLG51bGwsIjY0IixbWyJDaHJvbWl1bSIsIjEzNC4wLjY5OTguMTY2Il0sWyJOb3Q6QS1CcmFuZCIsIjI0LjAuMC4wIl0sWyJHb29nbGUgQ2hyb21lIiwiMTM0LjAuNjk5OC4xNjYiXV0sMF0.&amp;dt=1743187016533&amp;bpp=1&amp;bdt=1137&amp;idt=1&amp;shv=r20250327&amp;mjsv=m202503250101&amp;ptt=9&amp;saldr=aa&amp;abxe=1&amp;cookie=ID%3Dc983ed29e4b86913%3AT%3D1721666790%3ART%3D1743186690%3AS%3DALNI_MY5rl-oOrlkUst218ZvHlLjS8OCXQ&amp;gpic=UID%3D00000e8949ffbeb1%3AT%3D1721666790%3ART%3D1743186690%3AS%3DALNI_Mb_sa4HVbWC_B7Lx5BE7UWabkbB5g&amp;eo_id_str=ID%3D0798135c2e3c5908%3AT%3D1737389406%3ART%3D1743186690%3AS%3DAA-AfjYBqWpNvLicxANDKAZKLddH&amp;prev_fmts=0x0%2C1200x280%2C696x280%2C696x280&amp;nras=5&amp;correlator=7723660017328&amp;frm=20&amp;pv=1&amp;u_tz=-420&amp;u_his=1&amp;u_h=900&amp;u_w=1440&amp;u_ah=900&amp;u_aw=1440&amp;u_cd=24&amp;u_sd=2&amp;dmc=8&amp;adx=186&amp;ady=4225&amp;biw=1440&amp;bih=779&amp;scr_x=0&amp;scr_y=0&amp;eid=31090664%2C95333412%2C95344789%2C95356499%2C95356506%2C95355301%2C95356787%2C95356807%2C95356929&amp;oid=2&amp;pvsid=3363098672389598&amp;tmod=2045626388&amp;uas=0&amp;nvt=1&amp;fc=1408&amp;brdim=0%2C0%2C0%2C0%2C1440%2C0%2C1440%2C900%2C1440%2C779&amp;vis=1&amp;rsz=%7C%7Cs%7C&amp;abl=NS&amp;fu=128&amp;bc=31&amp;bz=1&amp;td=1&amp;tdf=2&amp;psd=W251bGwsbnVsbCxudWxsLDNd&amp;nt=1&amp;pgls=CAA.&amp;ifi=5&amp;uci=a!5&amp;btvi=3&amp;fsb=1&amp;dtd=61\" name=\"aswift_4\" width=\"696\" height=\"280\" frameborder=\"0\" marginwidth=\"0\" marginheight=\"0\" scrolling=\"no\" sandbox=\"allow-forms allow-popups allow-popups-to-escape-sandbox allow-same-origin allow-scripts allow-top-navigation-by-user-activation\" data-google-container-id=\"a!5\" aria-label=\"Advertisement\" data-google-query-id=\"CPjTsde1rYwDFUWgjggdcaMSow\" data-load-complete=\"true\" data-mce-fragment=\"1\"><\/iframe><\/div>\n<p><\/ins><\/p>\n<p>En Mazatl\u00e1n dos muertos dos heridos.\u00a0Sujetos armados abrieron fuego contra cuatro j\u00f3venes que se encontraban platicando en una esquina de las calles de la colonia Rinc\u00f3n de Ur\u00edas. Ah\u00ed en el lugar fallecieron dos de los agredidos y otros dos se reportaron como lesionados. Entre ellos se dice de un menor de edad con apenas 14 a\u00f1os. Del estado de salud de los lesionados poco se sabe. Pero al parecer no est\u00e1n reportados como graves. La agresi\u00f3n la cometieron seg\u00fan testigos unos civiles que viajaban a bordo de motocicletas. Apenas se dieron los hechos, se presentaron militares, polic\u00edas estatales y municipales para comenzar la investigaci\u00f3n.<\/p>\n<p class=\"google-auto-placed ap_container\"><ins class=\"adsbygoogle adsbygoogle-noablate\" data-ad-format=\"auto\" data-ad-client=\"ca-pub-9910594364950115\" data-adsbygoogle-status=\"done\" data-ad-status=\"filled\"><\/p>\n<div id=\"aswift_5_host\"><iframe loading=\"lazy\" id=\"aswift_5\" tabindex=\"0\" title=\"Advertisement\" src=\"https:\/\/googleads.g.doubleclick.net\/pagead\/ads?client=ca-pub-9910594364950115&amp;output=html&amp;h=280&amp;adk=1815668751&amp;adf=968506316&amp;pi=t.aa~a.1611398833~i.17~rp.4&amp;w=696&amp;abgtt=9&amp;fwrn=4&amp;fwrnh=100&amp;lmt=1743187017&amp;num_ads=1&amp;rafmt=1&amp;armr=3&amp;sem=mc&amp;pwprc=6662563290&amp;ad_type=text_image&amp;format=696x280&amp;url=https%3A%2F%2Fsinaloaenlinea.com%2Fen-el-blanco-por-fernando-zepeda-h-338%2F&amp;fwr=0&amp;pra=3&amp;rh=174&amp;rw=696&amp;rpe=1&amp;resp_fmts=3&amp;wgl=1&amp;fa=27&amp;uach=WyJtYWNPUyIsIjExLjcuMTAiLCJ4ODYiLCIiLCIxMzQuMC42OTk4LjE2NiIsbnVsbCwwLG51bGwsIjY0IixbWyJDaHJvbWl1bSIsIjEzNC4wLjY5OTguMTY2Il0sWyJOb3Q6QS1CcmFuZCIsIjI0LjAuMC4wIl0sWyJHb29nbGUgQ2hyb21lIiwiMTM0LjAuNjk5OC4xNjYiXV0sMF0.&amp;dt=1743187016538&amp;bpp=1&amp;bdt=1142&amp;idt=1&amp;shv=r20250327&amp;mjsv=m202503250101&amp;ptt=9&amp;saldr=aa&amp;abxe=1&amp;cookie=ID%3Dc983ed29e4b86913%3AT%3D1721666790%3ART%3D1743187016%3AS%3DALNI_MY5rl-oOrlkUst218ZvHlLjS8OCXQ&amp;gpic=UID%3D00000e8949ffbeb1%3AT%3D1721666790%3ART%3D1743187016%3AS%3DALNI_Mb_sa4HVbWC_B7Lx5BE7UWabkbB5g&amp;eo_id_str=ID%3D0798135c2e3c5908%3AT%3D1737389406%3ART%3D1743187016%3AS%3DAA-AfjYBqWpNvLicxANDKAZKLddH&amp;prev_fmts=0x0%2C1200x280%2C696x280%2C696x280%2C696x280%2C1005x124&amp;nras=7&amp;correlator=7723660017328&amp;frm=20&amp;pv=1&amp;u_tz=-420&amp;u_his=1&amp;u_h=900&amp;u_w=1440&amp;u_ah=900&amp;u_aw=1440&amp;u_cd=24&amp;u_sd=2&amp;dmc=8&amp;adx=186&amp;ady=4849&amp;biw=1440&amp;bih=779&amp;scr_x=0&amp;scr_y=273&amp;eid=31090664%2C95333412%2C95344789%2C95356499%2C95356506%2C95355301%2C95356787%2C95356807%2C95356929&amp;oid=2&amp;psts=AOrYGsklvLuhnOhNlk2Dt0mMuJwURvb-GqKF0XtrQD_o20B4cCcJx7N3AF_AuxICSD6K6Of_1r8D0JTiHwobgRdGkrTyWOg%2CAOrYGsnkW8YsVi95nfSs7DF_E8bws6TWJ6bGvYJKXXBm609ebPx93TnwruQV603X673CHXGDLPl7wY22mZF9UhLOCgR8B5BsP8q0qcuTQxe8QyfPnscBng%2CAOrYGslEjifvNN413IJetGvfrZ0esbDTr9S5vBXfx_gFOpXTv5xTb6aLhoy7f3T2zQD2o_b2oethumXdrsqhQhdDm3ixXw4E%2CAOrYGsnuJ7BpZMBd7Fi9MifyFCa6kbVfJ17H3Gm4ZHkV3pFfp7liEgggz93H5By_WUQrrnA2SSQmiYduXXNw55tT5s1cNPuq%2CAOrYGsmD18EUy7fRKwjqWIfogLEcSaRZzBT8-_guUMkZs_ezjrarQWYVLyMYJ4gwGOn-byzP1dgxAEOGKu3Bz8bJR-oIJLH7&amp;pvsid=3363098672389598&amp;tmod=2045626388&amp;uas=0&amp;nvt=1&amp;fc=1408&amp;brdim=0%2C0%2C0%2C0%2C1440%2C0%2C1440%2C900%2C1440%2C779&amp;vis=1&amp;rsz=%7C%7Cs%7C&amp;abl=NS&amp;fu=128&amp;bc=31&amp;bz=1&amp;td=1&amp;tdf=2&amp;psd=W251bGwsbnVsbCxudWxsLDNd&amp;nt=1&amp;pgls=CAA.&amp;ifi=6&amp;uci=a!6&amp;btvi=5&amp;fsb=1&amp;dtd=742\" name=\"aswift_5\" width=\"696\" height=\"280\" frameborder=\"0\" marginwidth=\"0\" marginheight=\"0\" scrolling=\"no\" sandbox=\"allow-forms allow-popups allow-popups-to-escape-sandbox allow-same-origin allow-scripts allow-top-navigation-by-user-activation\" data-google-container-id=\"a!6\" aria-label=\"Advertisement\" data-google-query-id=\"CLvv29e1rYwDFX2YjggdbWoJiQ\" data-load-complete=\"true\" data-mce-fragment=\"1\"><\/iframe><\/div>\n<p><\/ins><\/p>\n<p>Abordan tema de fraudes inmobiliarios.\u00a0El regidor del PAN Felipe Parada aprovecho la reuni\u00f3n de Cabildo que se llevo a cabo ayer para poner en la mesa las denuncias que en manifestaciones publicas se\u00f1alan la existencia de presuntos fraudes cometidos por los desarrrolladores inmobiliarios en Mazatl\u00e1n. Sin tocar el fondo del tema, Parada propuso que el Ayuntamiento ordene una revisi\u00f3n de este tema. Que sea la Comisi\u00f3n de Urbanismo, Ecolog\u00eda y Obras Publicas quien se aboque a una investigaci\u00f3n. Y es que el tema est\u00e1 provocando un da\u00f1o a la imagen tur\u00edstica de Mazatl\u00e1n.<\/p>\n<p class=\"google-auto-placed ap_container\"><ins class=\"adsbygoogle adsbygoogle-noablate\" data-ad-format=\"auto\" data-ad-client=\"ca-pub-9910594364950115\" data-adsbygoogle-status=\"done\" data-ad-status=\"filled\"><\/p>\n<div id=\"aswift_6_host\"><iframe loading=\"lazy\" id=\"aswift_6\" tabindex=\"0\" title=\"Advertisement\" src=\"https:\/\/googleads.g.doubleclick.net\/pagead\/ads?client=ca-pub-9910594364950115&amp;output=html&amp;h=280&amp;adk=1815668751&amp;adf=610438971&amp;pi=t.aa~a.1611398833~i.19~rp.4&amp;w=696&amp;abgtt=9&amp;fwrn=4&amp;fwrnh=100&amp;lmt=1743187018&amp;num_ads=1&amp;rafmt=1&amp;armr=3&amp;sem=mc&amp;pwprc=6662563290&amp;ad_type=text_image&amp;format=696x280&amp;url=https%3A%2F%2Fsinaloaenlinea.com%2Fen-el-blanco-por-fernando-zepeda-h-338%2F&amp;fwr=0&amp;pra=3&amp;rh=174&amp;rw=696&amp;rpe=1&amp;resp_fmts=3&amp;wgl=1&amp;fa=27&amp;uach=WyJtYWNPUyIsIjExLjcuMTAiLCJ4ODYiLCIiLCIxMzQuMC42OTk4LjE2NiIsbnVsbCwwLG51bGwsIjY0IixbWyJDaHJvbWl1bSIsIjEzNC4wLjY5OTguMTY2Il0sWyJOb3Q6QS1CcmFuZCIsIjI0LjAuMC4wIl0sWyJHb29nbGUgQ2hyb21lIiwiMTM0LjAuNjk5OC4xNjYiXV0sMF0.&amp;dt=1743187016543&amp;bpp=1&amp;bdt=1147&amp;idt=1&amp;shv=r20250327&amp;mjsv=m202503250101&amp;ptt=9&amp;saldr=aa&amp;abxe=1&amp;cookie=ID%3Dc983ed29e4b86913%3AT%3D1721666790%3ART%3D1743187016%3AS%3DALNI_MY5rl-oOrlkUst218ZvHlLjS8OCXQ&amp;gpic=UID%3D00000e8949ffbeb1%3AT%3D1721666790%3ART%3D1743187016%3AS%3DALNI_Mb_sa4HVbWC_B7Lx5BE7UWabkbB5g&amp;eo_id_str=ID%3D0798135c2e3c5908%3AT%3D1737389406%3ART%3D1743187016%3AS%3DAA-AfjYBqWpNvLicxANDKAZKLddH&amp;prev_fmts=0x0%2C1200x280%2C696x280%2C696x280%2C696x280%2C1005x124%2C696x280&amp;nras=8&amp;correlator=7723660017328&amp;frm=20&amp;pv=1&amp;u_tz=-420&amp;u_his=1&amp;u_h=900&amp;u_w=1440&amp;u_ah=900&amp;u_aw=1440&amp;u_cd=24&amp;u_sd=2&amp;dmc=8&amp;adx=186&amp;ady=5443&amp;biw=1440&amp;bih=779&amp;scr_x=0&amp;scr_y=799&amp;eid=31090664%2C95333412%2C95344789%2C95356499%2C95356506%2C95355301%2C95356787%2C95356807%2C95356929&amp;oid=2&amp;psts=AOrYGsklvLuhnOhNlk2Dt0mMuJwURvb-GqKF0XtrQD_o20B4cCcJx7N3AF_AuxICSD6K6Of_1r8D0JTiHwobgRdGkrTyWOg%2CAOrYGsnkW8YsVi95nfSs7DF_E8bws6TWJ6bGvYJKXXBm609ebPx93TnwruQV603X673CHXGDLPl7wY22mZF9UhLOCgR8B5BsP8q0qcuTQxe8QyfPnscBng%2CAOrYGslEjifvNN413IJetGvfrZ0esbDTr9S5vBXfx_gFOpXTv5xTb6aLhoy7f3T2zQD2o_b2oethumXdrsqhQhdDm3ixXw4E%2CAOrYGsnuJ7BpZMBd7Fi9MifyFCa6kbVfJ17H3Gm4ZHkV3pFfp7liEgggz93H5By_WUQrrnA2SSQmiYduXXNw55tT5s1cNPuq%2CAOrYGsmD18EUy7fRKwjqWIfogLEcSaRZzBT8-_guUMkZs_ezjrarQWYVLyMYJ4gwGOn-byzP1dgxAEOGKu3Bz8bJR-oIJLH7%2CAOrYGsm4Opv6ipMyaM4Azmbip8l63e7-0ISqOloDlJQgbfmyF2uSr5fdOrXIAm8VFQD4mdixkSfuQecAaKzepTvK6FNZLLfY&amp;pvsid=3363098672389598&amp;tmod=2045626388&amp;uas=0&amp;nvt=1&amp;fc=1408&amp;brdim=0%2C0%2C0%2C0%2C1440%2C0%2C1440%2C900%2C1440%2C779&amp;vis=1&amp;rsz=%7C%7Cs%7C&amp;abl=NS&amp;fu=128&amp;bc=31&amp;bz=1&amp;td=1&amp;tdf=2&amp;psd=W251bGwsbnVsbCxudWxsLDNd&amp;nt=1&amp;pgls=CAA.&amp;ifi=7&amp;uci=a!7&amp;btvi=6&amp;fsb=1&amp;dtd=1770\" name=\"aswift_6\" width=\"696\" height=\"280\" frameborder=\"0\" marginwidth=\"0\" marginheight=\"0\" scrolling=\"no\" sandbox=\"allow-forms allow-popups allow-popups-to-escape-sandbox allow-same-origin allow-scripts allow-top-navigation-by-user-activation\" data-google-container-id=\"a!7\" aria-label=\"Advertisement\" data-google-query-id=\"CJemmti1rYwDFRybjggd8VURjA\" data-load-complete=\"true\" data-mce-fragment=\"1\"><\/iframe><\/div>\n<p><\/ins><\/p>\n<p><img loading=\"lazy\" decoding=\"async\" class=\"alignright size-large wp-image-197690 td-animation-stack-type0-2\" src=\"https:\/\/sinaloaenlinea.com\/wp-content\/uploads\/2025\/03\/b2a00a34-49b1-4950-94d6-4d76548cdaa0-1024x768.jpeg\" sizes=\"auto, (max-width: 696px) 100vw, 696px\" srcset=\"https:\/\/sinaloaenlinea.com\/wp-content\/uploads\/2025\/03\/b2a00a34-49b1-4950-94d6-4d76548cdaa0-1024x768.jpeg 1024w, https:\/\/sinaloaenlinea.com\/wp-content\/uploads\/2025\/03\/b2a00a34-49b1-4950-94d6-4d76548cdaa0-300x225.jpeg 300w, https:\/\/sinaloaenlinea.com\/wp-content\/uploads\/2025\/03\/b2a00a34-49b1-4950-94d6-4d76548cdaa0-768x576.jpeg 768w, https:\/\/sinaloaenlinea.com\/wp-content\/uploads\/2025\/03\/b2a00a34-49b1-4950-94d6-4d76548cdaa0-1536x1152.jpeg 1536w, https:\/\/sinaloaenlinea.com\/wp-content\/uploads\/2025\/03\/b2a00a34-49b1-4950-94d6-4d76548cdaa0-2048x1536.jpeg 2048w, https:\/\/sinaloaenlinea.com\/wp-content\/uploads\/2025\/03\/b2a00a34-49b1-4950-94d6-4d76548cdaa0-560x420.jpeg 560w, https:\/\/sinaloaenlinea.com\/wp-content\/uploads\/2025\/03\/b2a00a34-49b1-4950-94d6-4d76548cdaa0-80x60.jpeg 80w, https:\/\/sinaloaenlinea.com\/wp-content\/uploads\/2025\/03\/b2a00a34-49b1-4950-94d6-4d76548cdaa0-150x113.jpeg 150w, https:\/\/sinaloaenlinea.com\/wp-content\/uploads\/2025\/03\/b2a00a34-49b1-4950-94d6-4d76548cdaa0-696x522.jpeg 696w, https:\/\/sinaloaenlinea.com\/wp-content\/uploads\/2025\/03\/b2a00a34-49b1-4950-94d6-4d76548cdaa0-1068x801.jpeg 1068w, https:\/\/sinaloaenlinea.com\/wp-content\/uploads\/2025\/03\/b2a00a34-49b1-4950-94d6-4d76548cdaa0-1920x1440.jpeg 1920w, https:\/\/sinaloaenlinea.com\/wp-content\/uploads\/2025\/03\/b2a00a34-49b1-4950-94d6-4d76548cdaa0-265x198.jpeg 265w\" alt=\"\" width=\"696\" height=\"522\" \/><\/p>\n<p>La alcaldesa Estrella Palacios le tom\u00f3 la palabra al regidor Parada y dio instrucciones ah\u00ed mismo a la regidora Alina Quintero Morales que encabeza esa comisi\u00f3n convoque a los integrantes de la misma y a la brevedad se revise el tema. Palacios lo primero que tendr\u00e1 que pedirle a la regidora titular de la Comisi\u00f3n de Urbanismo, Ecolog\u00eda y Obras P\u00fablicas, que cumpla con sus labores como regidora. Sus ausencias son constantes. La falta de convocatoria a los regidores que integran esa comisi\u00f3n es permanente. Y se entiende, porque la joven regidora es alumna de medicina.<\/p>\n<p class=\"google-auto-placed ap_container\"><ins class=\"adsbygoogle adsbygoogle-noablate\" data-ad-format=\"auto\" data-ad-client=\"ca-pub-9910594364950115\" data-adsbygoogle-status=\"done\" data-ad-status=\"filled\"><\/p>\n<div id=\"aswift_7_host\"><iframe loading=\"lazy\" id=\"aswift_7\" tabindex=\"0\" title=\"Advertisement\" src=\"https:\/\/googleads.g.doubleclick.net\/pagead\/ads?client=ca-pub-9910594364950115&amp;output=html&amp;h=280&amp;adk=1815668751&amp;adf=142138529&amp;pi=t.aa~a.1611398833~i.23~rp.4&amp;w=696&amp;abgtt=9&amp;fwrn=4&amp;fwrnh=100&amp;lmt=1743187021&amp;num_ads=1&amp;rafmt=1&amp;armr=3&amp;sem=mc&amp;pwprc=6662563290&amp;ad_type=text_image&amp;format=696x280&amp;url=https%3A%2F%2Fsinaloaenlinea.com%2Fen-el-blanco-por-fernando-zepeda-h-338%2F&amp;fwr=0&amp;pra=3&amp;rh=174&amp;rw=696&amp;rpe=1&amp;resp_fmts=3&amp;wgl=1&amp;fa=27&amp;uach=WyJtYWNPUyIsIjExLjcuMTAiLCJ4ODYiLCIiLCIxMzQuMC42OTk4LjE2NiIsbnVsbCwwLG51bGwsIjY0IixbWyJDaHJvbWl1bSIsIjEzNC4wLjY5OTguMTY2Il0sWyJOb3Q6QS1CcmFuZCIsIjI0LjAuMC4wIl0sWyJHb29nbGUgQ2hyb21lIiwiMTM0LjAuNjk5OC4xNjYiXV0sMF0.&amp;dt=1743187016548&amp;bpp=1&amp;bdt=1152&amp;idt=1&amp;shv=r20250327&amp;mjsv=m202503250101&amp;ptt=9&amp;saldr=aa&amp;abxe=1&amp;cookie=ID%3Dc983ed29e4b86913%3AT%3D1721666790%3ART%3D1743187016%3AS%3DALNI_MY5rl-oOrlkUst218ZvHlLjS8OCXQ&amp;gpic=UID%3D00000e8949ffbeb1%3AT%3D1721666790%3ART%3D1743187016%3AS%3DALNI_Mb_sa4HVbWC_B7Lx5BE7UWabkbB5g&amp;eo_id_str=ID%3D0798135c2e3c5908%3AT%3D1737389406%3ART%3D1743187016%3AS%3DAA-AfjYBqWpNvLicxANDKAZKLddH&amp;prev_fmts=0x0%2C1200x280%2C696x280%2C696x280%2C696x280%2C1005x124%2C696x280%2C696x280&amp;nras=9&amp;correlator=7723660017328&amp;frm=20&amp;pv=1&amp;u_tz=-420&amp;u_his=1&amp;u_h=900&amp;u_w=1440&amp;u_ah=900&amp;u_aw=1440&amp;u_cd=24&amp;u_sd=2&amp;dmc=8&amp;adx=186&amp;ady=6578&amp;biw=1440&amp;bih=779&amp;scr_x=0&amp;scr_y=1912&amp;eid=31090664%2C95333412%2C95344789%2C95356499%2C95356506%2C95355301%2C95356787%2C95356807%2C95356929&amp;oid=2&amp;psts=AOrYGsklvLuhnOhNlk2Dt0mMuJwURvb-GqKF0XtrQD_o20B4cCcJx7N3AF_AuxICSD6K6Of_1r8D0JTiHwobgRdGkrTyWOg%2CAOrYGsnkW8YsVi95nfSs7DF_E8bws6TWJ6bGvYJKXXBm609ebPx93TnwruQV603X673CHXGDLPl7wY22mZF9UhLOCgR8B5BsP8q0qcuTQxe8QyfPnscBng%2CAOrYGslEjifvNN413IJetGvfrZ0esbDTr9S5vBXfx_gFOpXTv5xTb6aLhoy7f3T2zQD2o_b2oethumXdrsqhQhdDm3ixXw4E%2CAOrYGsnuJ7BpZMBd7Fi9MifyFCa6kbVfJ17H3Gm4ZHkV3pFfp7liEgggz93H5By_WUQrrnA2SSQmiYduXXNw55tT5s1cNPuq%2CAOrYGsmD18EUy7fRKwjqWIfogLEcSaRZzBT8-_guUMkZs_ezjrarQWYVLyMYJ4gwGOn-byzP1dgxAEOGKu3Bz8bJR-oIJLH7%2CAOrYGsm4Opv6ipMyaM4Azmbip8l63e7-0ISqOloDlJQgbfmyF2uSr5fdOrXIAm8VFQD4mdixkSfuQecAaKzepTvK6FNZLLfY%2CAOrYGsllHZv31HnxE3r9cfnmaD_uYM0eF967hQ6WsXtrGQGx_UXl-U8ao9t-etnYw0kPJ7btcPQdeGMUhyVGSgW9qiXzig6z&amp;pvsid=3363098672389598&amp;tmod=2045626388&amp;uas=3&amp;nvt=1&amp;fc=1408&amp;brdim=0%2C0%2C0%2C0%2C1440%2C0%2C1440%2C900%2C1440%2C779&amp;vis=1&amp;rsz=%7C%7Cs%7C&amp;abl=NS&amp;cms=2&amp;fu=128&amp;bc=31&amp;bz=1&amp;td=1&amp;tdf=2&amp;psd=W251bGwsbnVsbCxudWxsLDNd&amp;nt=1&amp;pgls=CAA.&amp;ifi=8&amp;uci=a!8&amp;btvi=7&amp;fsb=1&amp;dtd=4583\" name=\"aswift_7\" width=\"696\" height=\"280\" frameborder=\"0\" marginwidth=\"0\" marginheight=\"0\" scrolling=\"no\" sandbox=\"allow-forms allow-popups allow-popups-to-escape-sandbox allow-same-origin allow-scripts allow-top-navigation-by-user-activation\" data-google-container-id=\"a!8\" aria-label=\"Advertisement\" data-google-query-id=\"CNfvxdm1rYwDFZ6Ijggdy6AQhw\" data-load-complete=\"true\" data-mce-fragment=\"1\"><\/iframe><\/div>\n<p><\/ins><\/p>\n<p>De cuatro quedaron dos.\u00a0Jes\u00fas Madue\u00f1a que busca reelegirse como Rector y la maestra Denisse Azucena Diaz aspirante a la rector\u00eda de la UAS, son los dos aspirantes que cumplieron con los requisitos, de acuerdo a la resoluci\u00f3n emitida por la Comisi\u00f3n de Elecciones de la universidad. A Jos\u00e9 Casimiro Zamora otro de los aspirantes la Comisi\u00f3n de Elecciones consider\u00f3 que \u201cno cumpli\u00f3 con los requisitos\u201d, al aplicarse los t\u00e9rminos de la convocatoria de que ser\u00edan \u00fanicamente mujeres las que estar\u00edan en condiciones de convertirse en candidatas.<\/p>\n<p><img loading=\"lazy\" decoding=\"async\" class=\"alignright size-large wp-image-156247 td-animation-stack-type0-2\" src=\"https:\/\/sinaloaenlinea.com\/wp-content\/uploads\/2023\/07\/Jesus-Maduena-Molina-y-Ruben-Rocha-Moya-3-1024x683.jpeg\" sizes=\"auto, (max-width: 696px) 100vw, 696px\" srcset=\"https:\/\/sinaloaenlinea.com\/wp-content\/uploads\/2023\/07\/Jesus-Maduena-Molina-y-Ruben-Rocha-Moya-3-1024x683.jpeg 1024w, https:\/\/sinaloaenlinea.com\/wp-content\/uploads\/2023\/07\/Jesus-Maduena-Molina-y-Ruben-Rocha-Moya-3-300x200.jpeg 300w, https:\/\/sinaloaenlinea.com\/wp-content\/uploads\/2023\/07\/Jesus-Maduena-Molina-y-Ruben-Rocha-Moya-3-768x512.jpeg 768w, https:\/\/sinaloaenlinea.com\/wp-content\/uploads\/2023\/07\/Jesus-Maduena-Molina-y-Ruben-Rocha-Moya-3-1536x1024.jpeg 1536w, https:\/\/sinaloaenlinea.com\/wp-content\/uploads\/2023\/07\/Jesus-Maduena-Molina-y-Ruben-Rocha-Moya-3-150x100.jpeg 150w, https:\/\/sinaloaenlinea.com\/wp-content\/uploads\/2023\/07\/Jesus-Maduena-Molina-y-Ruben-Rocha-Moya-3-696x464.jpeg 696w, https:\/\/sinaloaenlinea.com\/wp-content\/uploads\/2023\/07\/Jesus-Maduena-Molina-y-Ruben-Rocha-Moya-3-1068x712.jpeg 1068w, https:\/\/sinaloaenlinea.com\/wp-content\/uploads\/2023\/07\/Jesus-Maduena-Molina-y-Ruben-Rocha-Moya-3-630x420.jpeg 630w, https:\/\/sinaloaenlinea.com\/wp-content\/uploads\/2023\/07\/Jesus-Maduena-Molina-y-Ruben-Rocha-Moya-3.jpeg 1599w\" alt=\"\" width=\"696\" height=\"464\" \/><\/p>\n<p>Madue\u00f1a salvo el requisito pues busca la reelecci\u00f3n. Por lo que se refiere a Patricia Carmina Inzunza, su registro result\u00f3 extempor\u00e1neo. Lleg\u00f3 cuatro minutos despu\u00e9s de la hora del cierre. As\u00ed de estrictos se portaron con la doctora. Los dos, tanto Jos\u00e9 Casimiro como Patricia Carmina podr\u00e1n impugnar el rechazo a sus respectivos registros.<\/p>\n<p class=\"google-auto-placed ap_container\"><ins class=\"adsbygoogle adsbygoogle-noablate\" data-ad-format=\"auto\" data-ad-client=\"ca-pub-9910594364950115\" data-adsbygoogle-status=\"done\" data-ad-status=\"filled\"><\/p>\n<div id=\"aswift_8_host\"><iframe loading=\"lazy\" id=\"aswift_8\" tabindex=\"0\" title=\"Advertisement\" src=\"https:\/\/googleads.g.doubleclick.net\/pagead\/ads?client=ca-pub-9910594364950115&amp;output=html&amp;h=280&amp;adk=1815668751&amp;adf=2271604473&amp;pi=t.aa~a.1611398833~i.29~rp.4&amp;w=696&amp;abgtt=9&amp;fwrn=4&amp;fwrnh=100&amp;lmt=1743187023&amp;num_ads=1&amp;rafmt=1&amp;armr=3&amp;sem=mc&amp;pwprc=6662563290&amp;ad_type=text_image&amp;format=696x280&amp;url=https%3A%2F%2Fsinaloaenlinea.com%2Fen-el-blanco-por-fernando-zepeda-h-338%2F&amp;fwr=0&amp;pra=3&amp;rh=174&amp;rw=696&amp;rpe=1&amp;resp_fmts=3&amp;wgl=1&amp;fa=27&amp;uach=WyJtYWNPUyIsIjExLjcuMTAiLCJ4ODYiLCIiLCIxMzQuMC42OTk4LjE2NiIsbnVsbCwwLG51bGwsIjY0IixbWyJDaHJvbWl1bSIsIjEzNC4wLjY5OTguMTY2Il0sWyJOb3Q6QS1CcmFuZCIsIjI0LjAuMC4wIl0sWyJHb29nbGUgQ2hyb21lIiwiMTM0LjAuNjk5OC4xNjYiXV0sMF0.&amp;dt=1743187016553&amp;bpp=1&amp;bdt=1156&amp;idt=1&amp;shv=r20250327&amp;mjsv=m202503250101&amp;ptt=9&amp;saldr=aa&amp;abxe=1&amp;cookie=ID%3Dc983ed29e4b86913%3AT%3D1721666790%3ART%3D1743187016%3AS%3DALNI_MY5rl-oOrlkUst218ZvHlLjS8OCXQ&amp;gpic=UID%3D00000e8949ffbeb1%3AT%3D1721666790%3ART%3D1743187016%3AS%3DALNI_Mb_sa4HVbWC_B7Lx5BE7UWabkbB5g&amp;eo_id_str=ID%3D0798135c2e3c5908%3AT%3D1737389406%3ART%3D1743187016%3AS%3DAA-AfjYBqWpNvLicxANDKAZKLddH&amp;prev_fmts=0x0%2C1200x280%2C696x280%2C696x280%2C696x280%2C1005x124%2C696x280%2C696x280%2C696x280&amp;nras=10&amp;correlator=7723660017328&amp;frm=20&amp;pv=1&amp;u_tz=-420&amp;u_his=1&amp;u_h=900&amp;u_w=1440&amp;u_ah=900&amp;u_aw=1440&amp;u_cd=24&amp;u_sd=2&amp;dmc=8&amp;adx=186&amp;ady=7795&amp;biw=1440&amp;bih=779&amp;scr_x=0&amp;scr_y=3122&amp;eid=31090664%2C95333412%2C95344789%2C95356499%2C95356506%2C95355301%2C95356787%2C95356807%2C95356929&amp;oid=2&amp;psts=AOrYGsklvLuhnOhNlk2Dt0mMuJwURvb-GqKF0XtrQD_o20B4cCcJx7N3AF_AuxICSD6K6Of_1r8D0JTiHwobgRdGkrTyWOg%2CAOrYGsnkW8YsVi95nfSs7DF_E8bws6TWJ6bGvYJKXXBm609ebPx93TnwruQV603X673CHXGDLPl7wY22mZF9UhLOCgR8B5BsP8q0qcuTQxe8QyfPnscBng%2CAOrYGslEjifvNN413IJetGvfrZ0esbDTr9S5vBXfx_gFOpXTv5xTb6aLhoy7f3T2zQD2o_b2oethumXdrsqhQhdDm3ixXw4E%2CAOrYGsnuJ7BpZMBd7Fi9MifyFCa6kbVfJ17H3Gm4ZHkV3pFfp7liEgggz93H5By_WUQrrnA2SSQmiYduXXNw55tT5s1cNPuq%2CAOrYGsmD18EUy7fRKwjqWIfogLEcSaRZzBT8-_guUMkZs_ezjrarQWYVLyMYJ4gwGOn-byzP1dgxAEOGKu3Bz8bJR-oIJLH7%2CAOrYGsm4Opv6ipMyaM4Azmbip8l63e7-0ISqOloDlJQgbfmyF2uSr5fdOrXIAm8VFQD4mdixkSfuQecAaKzepTvK6FNZLLfY%2CAOrYGsllHZv31HnxE3r9cfnmaD_uYM0eF967hQ6WsXtrGQGx_UXl-U8ao9t-etnYw0kPJ7btcPQdeGMUhyVGSgW9qiXzig6z%2CAOrYGslf3zXNsb0jmKtpiTjt-mnBj9BxM0Mr-b_cH0Tas0pdqR81Vu_ukyHj9F5YBa4syX1r1fpT0q8jgbxgGFjNFvR-RAJt&amp;pvsid=3363098672389598&amp;tmod=2045626388&amp;uas=3&amp;nvt=1&amp;fc=1408&amp;brdim=0%2C0%2C0%2C0%2C1440%2C0%2C1440%2C900%2C1440%2C779&amp;vis=1&amp;rsz=%7C%7Cs%7C&amp;abl=NS&amp;fu=128&amp;bc=31&amp;bz=1&amp;td=1&amp;tdf=2&amp;psd=W251bGwsbnVsbCxudWxsLDNd&amp;nt=1&amp;pgls=CAA.&amp;ifi=9&amp;uci=a!9&amp;btvi=8&amp;fsb=1&amp;dtd=6594\" name=\"aswift_8\" width=\"696\" height=\"280\" frameborder=\"0\" marginwidth=\"0\" marginheight=\"0\" scrolling=\"no\" sandbox=\"allow-forms allow-popups allow-popups-to-escape-sandbox allow-same-origin allow-scripts allow-top-navigation-by-user-activation\" data-google-container-id=\"a!9\" aria-label=\"Advertisement\" data-google-query-id=\"CICnwdq1rYwDFZa0jggdol8OiQ\" data-load-complete=\"true\" data-mce-fragment=\"1\"><\/iframe><\/div>\n<p><\/ins><\/p>\n<p>Encuentro clave.\u00a0Omar Garc\u00eda Harfuch se reuni\u00f3 con jefes de la CIA y del FBI. El tema fue los carteles de la droga en M\u00e9xico. Un tema relevante para el Gobierno de Estados Unidos que le ha declarado la guerra a los carteles mexicanos catalogados ahora como organizaciones terroristas que amenazan su seguridad.<\/p>\n<p><img loading=\"lazy\" decoding=\"async\" class=\"alignright size-large wp-image-192187 td-animation-stack-type0-2\" src=\"https:\/\/sinaloaenlinea.com\/wp-content\/uploads\/2024\/12\/Omar-Garcia-Harfuch-Expansion-Politica-BF-1024x683.jpg\" sizes=\"auto, (max-width: 696px) 100vw, 696px\" srcset=\"https:\/\/sinaloaenlinea.com\/wp-content\/uploads\/2024\/12\/Omar-Garcia-Harfuch-Expansion-Politica-BF-1024x683.jpg 1024w, https:\/\/sinaloaenlinea.com\/wp-content\/uploads\/2024\/12\/Omar-Garcia-Harfuch-Expansion-Politica-BF-300x200.jpg 300w, https:\/\/sinaloaenlinea.com\/wp-content\/uploads\/2024\/12\/Omar-Garcia-Harfuch-Expansion-Politica-BF-768x512.jpg 768w, https:\/\/sinaloaenlinea.com\/wp-content\/uploads\/2024\/12\/Omar-Garcia-Harfuch-Expansion-Politica-BF-630x420.jpg 630w, https:\/\/sinaloaenlinea.com\/wp-content\/uploads\/2024\/12\/Omar-Garcia-Harfuch-Expansion-Politica-BF-150x100.jpg 150w, https:\/\/sinaloaenlinea.com\/wp-content\/uploads\/2024\/12\/Omar-Garcia-Harfuch-Expansion-Politica-BF-696x464.jpg 696w, https:\/\/sinaloaenlinea.com\/wp-content\/uploads\/2024\/12\/Omar-Garcia-Harfuch-Expansion-Politica-BF-1068x712.jpg 1068w, https:\/\/sinaloaenlinea.com\/wp-content\/uploads\/2024\/12\/Omar-Garcia-Harfuch-Expansion-Politica-BF.jpg 1200w\" alt=\"\" width=\"696\" height=\"464\" \/><\/p>\n<p>Garc\u00eda Harfuch, Secretario de Seguridad en M\u00e9xico no es ning\u00fan improvisado. Tiene carrera policial de a\u00f1os. Su experiencia se remonta al sexenio que encabez\u00f3 el panista Felipe Calder\u00f3n. Garc\u00eda Harfuch labor\u00f3 al lado de Genaro Garc\u00eda Luna, exsecretario de seguridad, procesado y encarcelado en Estados Unidos. Dio un salto como titular de seguridad en la Ciudad de M\u00e9xico cuando lo encabez\u00f3 Claudia Sheinbaum. Hoy Garc\u00eda Harfuch es el jefe policiaco del pa\u00eds con mayor influencia incluso que los militares. Los jefes tanto del FBU como de la CIA manifestaron p\u00fablicamente su satisfacci\u00f3n del encuentro con el tambi\u00e9n jefe policiaco de M\u00e9xico.<\/p>\n","protected":false},"excerpt":{"rendered":"<p>En el blanco por Fernando Zepeda H. *Jornada de terror se vivi\u00f3 el jueves en Culiac\u00e1n *Balaceras entre civiles armados arrojaron seis personas muertas, temor por lo menos ocho colonias de la capital del estado *El incendio del teatro universitario la noche del mi\u00e9rcoles, desat\u00f3 toda una ola de especulaciones. La UAS pidi\u00f3 no especular y exigi\u00f3 una investigaci\u00f3n *Tambi\u00e9n en Mazatl\u00e1n rugieron las armas, matan a dos j\u00f3venes y otros dos entre ellos un menor resultaron lesionados en la colonia Rinc\u00f3n de Ur\u00edas *El tema de los presuntos fraudes inmobiliarios lleg\u00f3 al Cabildo el d\u00eda de ayer. Afectan la [&hellip;]<\/p>\n","protected":false},"author":3,"featured_media":92500,"comment_status":"open","ping_status":"open","sticky":false,"template":"","format":"standard","meta":{"_jetpack_newsletter_access":"","_jetpack_dont_email_post_to_subs":false,"_jetpack_newsletter_tier_id":0,"_jetpack_memberships_contains_paywalled_content":false,"_jetpack_feature_clip_id":0,"_jetpack_memberships_contains_paid_content":false,"footnotes":"","jetpack_publicize_message":"","jetpack_publicize_feature_enabled":true,"jetpack_social_post_already_shared":true,"jetpack_social_options":{"image_generator_settings":{"template":"highway","default_image_id":0,"font":"","enabled":false},"version":2},"jetpack_post_was_ever_published":false},"categories":[79],"tags":[],"class_list":["post-117169","post","type-post","status-publish","format-standard","has-post-thumbnail","hentry","category-columnistas-nacionales","post--single"],"jetpack_publicize_connections":[],"jetpack_featured_media_url":"https:\/\/ovelanalista.com\/wp-content\/uploads\/2024\/03\/Fernando-Zepeda-Hurtado-300x150-1.png","jetpack_sharing_enabled":true,"_links":{"self":[{"href":"https:\/\/ovelanalista.com\/index.php?rest_route=\/wp\/v2\/posts\/117169","targetHints":{"allow":["GET"]}}],"collection":[{"href":"https:\/\/ovelanalista.com\/index.php?rest_route=\/wp\/v2\/posts"}],"about":[{"href":"https:\/\/ovelanalista.com\/index.php?rest_route=\/wp\/v2\/types\/post"}],"author":[{"embeddable":true,"href":"https:\/\/ovelanalista.com\/index.php?rest_route=\/wp\/v2\/users\/3"}],"replies":[{"embeddable":true,"href":"https:\/\/ovelanalista.com\/index.php?rest_route=%2Fwp%2Fv2%2Fcomments&post=117169"}],"version-history":[{"count":1,"href":"https:\/\/ovelanalista.com\/index.php?rest_route=\/wp\/v2\/posts\/117169\/revisions"}],"predecessor-version":[{"id":117170,"href":"https:\/\/ovelanalista.com\/index.php?rest_route=\/wp\/v2\/posts\/117169\/revisions\/117170"}],"wp:featuredmedia":[{"embeddable":true,"href":"https:\/\/ovelanalista.com\/index.php?rest_route=\/wp\/v2\/media\/92500"}],"wp:attachment":[{"href":"https:\/\/ovelanalista.com\/index.php?rest_route=%2Fwp%2Fv2%2Fmedia&parent=117169"}],"wp:term":[{"taxonomy":"category","embeddable":true,"href":"https:\/\/ovelanalista.com\/index.php?rest_route=%2Fwp%2Fv2%2Fcategories&post=117169"},{"taxonomy":"post_tag","embeddable":true,"href":"https:\/\/ovelanalista.com\/index.php?rest_route=%2Fwp%2Fv2%2Ftags&post=117169"}],"curies":[{"name":"wp","href":"https:\/\/api.w.org\/{rel}","templated":true}]}}