{"id":117179,"date":"2025-03-06T12:12:10","date_gmt":"2025-03-06T19:12:10","guid":{"rendered":"https:\/\/ovelanalista.com\/?p=117179"},"modified":"2025-03-28T12:23:58","modified_gmt":"2025-03-28T19:23:58","slug":"el-pueblo-de-ahome-ratifica-apoyo-a-la-presidenta-claudia-sheinbaum-gvl","status":"publish","type":"post","link":"https:\/\/ovelanalista.com\/?p=117179","title":{"rendered":"\u201cEl pueblo de Ahome ratifica apoyo a la Presidenta Claudia Sheinbaum\u201d: GVL."},"content":{"rendered":"<p><strong><em>*El Alcalde confirma su asistencia al z\u00f3calo de la CDMX para acompa\u00f1ar a la Presidenta en su convocatoria, y compartir el mensaje de unidad de los ahomenses para su Gobierno\u2026<\/em><\/strong><\/p>\n<p><strong><em>\u00a0<\/em><\/strong><\/p>\n<p><strong><em>\u00a0<\/em><\/strong><\/p>\n<p><strong>Los Mochis, Ahome, Sinaloa. A 06 de Marzo del 2025.-\u00a0<\/strong>El presidente municipal, Gerardo Octavio Vargas Landeros, ratific\u00f3 su apoyo a la Presidenta de M\u00e9xico Claudia Sheinbaum Pardo, en el tema de defender la soberan\u00eda nacional.<\/p>\n<p>&nbsp;<\/p>\n<p>\u201cY acudiremos a la CDMX para para mandar ese mensaje de respaldo\u201d, expres\u00f3 Gerardo Vargas.<\/p>\n<p>&nbsp;<\/p>\n<p>El Alcalde subray\u00f3 que tenemos Presidenta con mucha firmeza y car\u00e1cter. \u201cEs muy motivante como autoridad local apoyar a la Presidenta, soy claudista, porque es una mujer que nos conoce y nos representa\u201d.<\/p>\n<p>&nbsp;<\/p>\n<p>Vargas Landeros coment\u00f3 que el trato que Donald Trump ha dado a la Presidenta de M\u00e9xico, no de la altura de diplomacia que estamos acostumbrados, pero que ella ha hecho lo suficiente para dejar en claro que con M\u00e9xico no se juega.<\/p>\n<p>&nbsp;<\/p>\n<p>\u201cAl final de cuentas siempre hemos salido adelante, as\u00ed que el domingo habremos de estar en el z\u00f3calo de la CDMX, para apoyarla y mandar el mensaje de respaldo como ciudadanos y gobierno\u201d.<\/p>\n<p>&nbsp;<\/p>\n<p>Resalt\u00f3 que se trata de mandar al mundo un mensaje de fortaleza que tenemos como mexicanos, y que la Presidenta Claudia Sheinbaum no est\u00e1 sola, sino que tiene un pueblo entero que la respalda.<\/p>\n","protected":false},"excerpt":{"rendered":"<p>*El Alcalde confirma su asistencia al z\u00f3calo de la CDMX para acompa\u00f1ar a la Presidenta en su convocatoria, y compartir el mensaje de unidad de los ahomenses para su Gobierno\u2026 \u00a0 \u00a0 Los Mochis, Ahome, Sinaloa. A 06 de Marzo del 2025.-\u00a0El presidente municipal, Gerardo Octavio Vargas Landeros, ratific\u00f3 su apoyo a la Presidenta de M\u00e9xico Claudia Sheinbaum Pardo, en el tema de defender la soberan\u00eda nacional. &nbsp; \u201cY acudiremos a la CDMX para para mandar ese mensaje de respaldo\u201d, expres\u00f3 Gerardo Vargas. &nbsp; El Alcalde subray\u00f3 que tenemos Presidenta con mucha firmeza y car\u00e1cter. \u201cEs muy motivante como autoridad [&hellip;]<\/p>\n","protected":false},"author":3,"featured_media":117180,"comment_status":"open","ping_status":"open","sticky":false,"template":"","format":"standard","meta":{"_jetpack_newsletter_access":"","_jetpack_dont_email_post_to_subs":false,"_jetpack_newsletter_tier_id":0,"_jetpack_memberships_contains_paywalled_content":false,"_jetpack_feature_clip_id":0,"_jetpack_memberships_contains_paid_content":false,"footnotes":"","jetpack_publicize_message":"\u201cEl pueblo de Ahome ratifica apoyo a la Presidenta Claudia Sheinbaum\u201d: GVL.","jetpack_publicize_feature_enabled":true,"jetpack_social_post_already_shared":true,"jetpack_social_options":{"image_generator_settings":{"template":"highway","default_image_id":0,"font":"","enabled":false},"version":2},"jetpack_post_was_ever_published":false},"categories":[72,85],"tags":[],"class_list":["post-117179","post","type-post","status-publish","format-standard","has-post-thumbnail","hentry","category-portada","category-sinaloa-norte","post--single"],"jetpack_publicize_connections":[],"jetpack_featured_media_url":"https:\/\/ovelanalista.com\/wp-content\/uploads\/2025\/03\/Captura-de-Pantalla-2025-03-28-a-las-12.12.49.png","jetpack_sharing_enabled":true,"_links":{"self":[{"href":"https:\/\/ovelanalista.com\/index.php?rest_route=\/wp\/v2\/posts\/117179","targetHints":{"allow":["GET"]}}],"collection":[{"href":"https:\/\/ovelanalista.com\/index.php?rest_route=\/wp\/v2\/posts"}],"about":[{"href":"https:\/\/ovelanalista.com\/index.php?rest_route=\/wp\/v2\/types\/post"}],"author":[{"embeddable":true,"href":"https:\/\/ovelanalista.com\/index.php?rest_route=\/wp\/v2\/users\/3"}],"replies":[{"embeddable":true,"href":"https:\/\/ovelanalista.com\/index.php?rest_route=%2Fwp%2Fv2%2Fcomments&post=117179"}],"version-history":[{"count":1,"href":"https:\/\/ovelanalista.com\/index.php?rest_route=\/wp\/v2\/posts\/117179\/revisions"}],"predecessor-version":[{"id":117181,"href":"https:\/\/ovelanalista.com\/index.php?rest_route=\/wp\/v2\/posts\/117179\/revisions\/117181"}],"wp:featuredmedia":[{"embeddable":true,"href":"https:\/\/ovelanalista.com\/index.php?rest_route=\/wp\/v2\/media\/117180"}],"wp:attachment":[{"href":"https:\/\/ovelanalista.com\/index.php?rest_route=%2Fwp%2Fv2%2Fmedia&parent=117179"}],"wp:term":[{"taxonomy":"category","embeddable":true,"href":"https:\/\/ovelanalista.com\/index.php?rest_route=%2Fwp%2Fv2%2Fcategories&post=117179"},{"taxonomy":"post_tag","embeddable":true,"href":"https:\/\/ovelanalista.com\/index.php?rest_route=%2Fwp%2Fv2%2Ftags&post=117179"}],"curies":[{"name":"wp","href":"https:\/\/api.w.org\/{rel}","templated":true}]}}