{"id":117186,"date":"2025-03-14T12:33:01","date_gmt":"2025-03-14T19:33:01","guid":{"rendered":"https:\/\/ovelanalista.com\/?p=117186"},"modified":"2025-03-28T12:35:13","modified_gmt":"2025-03-28T19:35:13","slug":"ahome-implementa-senaleticas-movibles-en-zonas-escolares-para-mejorar-la-seguridad","status":"publish","type":"post","link":"https:\/\/ovelanalista.com\/?p=117186","title":{"rendered":"Ahome implementa se\u00f1al\u00e9ticas movibles en zonas escolares para mejorar la seguridad"},"content":{"rendered":"<p><strong><em>*Jos\u00e9 Alfredo Guti\u00e9rrez Rivera, Director de Tr\u00e1nsito de la SSyPC, inform\u00f3 que estas acciones buscan reducir el congestionamiento en las inmediaciones de las instituciones educativas\u2026<\/em><\/strong><\/p>\n<p><strong><em>\u00a0<\/em><\/strong><\/p>\n<p><strong>Los Mochis, Ahome, Sinaloa, a 14 de Marzo del 2025.-\u00a0<\/strong>Con el objetivo de reducir congestionamientos y mejorar la seguridad vial en las inmediaciones de las escuelas del municipio, la Direcci\u00f3n de Tr\u00e1nsito de la Secretar\u00eda de Seguridad y Protecci\u00f3n Ciudadana de Ahome ha lanzado un nuevo proyecto de se\u00f1al\u00e9ticas movibles. Jos\u00e9 Alfredo Guti\u00e9rrez Rivera, titular de la dependencia, hizo un llamado a las instituciones educativas a solicitar su instalaci\u00f3n y gestionar su uso.<\/p>\n<p>&nbsp;<\/p>\n<p>\u201cLa solicitud de nuestro Presidente Municipal, Gerardo Vargas Landeros, es encontrar soluciones para prevenir congestionamientos en las escuelas y reducir la velocidad de los veh\u00edculos en dichas zonas. Retomamos una propuesta que ya funcion\u00f3 en el pasado, y buscamos que las escuelas se encarguen de colocar y retirar las se\u00f1al\u00e9ticas en los momentos adecuados\u201d, explic\u00f3 Guti\u00e9rrez Rivera.<\/p>\n<p>&nbsp;<\/p>\n<p>El funcionario destac\u00f3 que estas se\u00f1al\u00e9ticas, de material resistente, se colocar\u00e1n en puntos estrat\u00e9gicos, como los cruces escolares, para reforzar las medidas preventivas y asegurar que los conductores respeten las indicaciones. \u201cEs una excelente propuesta, ya que, a pesar de contar con se\u00f1alamientos fijos, marcas en la vialidad y reductores de velocidad, algunos conductores no tienen la debida precauci\u00f3n. Este nuevo sistema busca reforzar la seguridad en los horarios de mayor flujo\u201d, agreg\u00f3.<\/p>\n<p>&nbsp;<\/p>\n<p>Con aproximadamente 270 escuelas en la zona urbana de Ahome, la demanda de presencia de agentes de tr\u00e1nsito y la solicitud de topes ha superado la capacidad operativa de la direcci\u00f3n. \u201cTodos quieren elementos de tr\u00e1nsito en sus escuelas, pero no contamos con el personal suficiente. Adem\u00e1s, los topes generan molestias a los conductores fuera del horario escolar. Con este sistema de se\u00f1alizaci\u00f3n movible, se podr\u00e1 mejorar la seguridad sin la necesidad de instalar reductores permanentes\u201d, coment\u00f3 Guti\u00e9rrez Rivera.<\/p>\n<p>&nbsp;<\/p>\n<p>El proyecto forma parte del programa de Educaci\u00f3n Vial y Prevenci\u00f3n en Las Escuelas, el cual tambi\u00e9n incluye la participaci\u00f3n de ni\u00f1os como polic\u00edas de tr\u00e1nsito y el programa de los Patrulleritos, con el prop\u00f3sito de fomentar la educaci\u00f3n vial desde temprana edad.<\/p>\n<p>&nbsp;<\/p>\n<p>\u201cVamos a iniciar con este proyecto y confiamos en su \u00e9xito, ya que en Ahome tenemos ciudadanos y conductores comprensivos. Estas se\u00f1al\u00e9ticas tienen validez oficial y quienes no respeten las indicaciones podr\u00e1n ser sancionados\u201d, concluy\u00f3 Guti\u00e9rrez Rivera.<\/p>\n<p>&nbsp;<\/p>\n<p>Las instituciones interesadas en participar en este programa pueden acercarse a la Direcci\u00f3n de Tr\u00e1nsito para solicitar la instalaci\u00f3n y capacitaci\u00f3n sobre el uso adecuado de las se\u00f1al\u00e9ticas movibles.<\/p>\n","protected":false},"excerpt":{"rendered":"<p>*Jos\u00e9 Alfredo Guti\u00e9rrez Rivera, Director de Tr\u00e1nsito de la SSyPC, inform\u00f3 que estas acciones buscan reducir el congestionamiento en las inmediaciones de las instituciones educativas\u2026 \u00a0 Los Mochis, Ahome, Sinaloa, a 14 de Marzo del 2025.-\u00a0Con el objetivo de reducir congestionamientos y mejorar la seguridad vial en las inmediaciones de las escuelas del municipio, la Direcci\u00f3n de Tr\u00e1nsito de la Secretar\u00eda de Seguridad y Protecci\u00f3n Ciudadana de Ahome ha lanzado un nuevo proyecto de se\u00f1al\u00e9ticas movibles. Jos\u00e9 Alfredo Guti\u00e9rrez Rivera, titular de la dependencia, hizo un llamado a las instituciones educativas a solicitar su instalaci\u00f3n y gestionar su uso. &nbsp; [&hellip;]<\/p>\n","protected":false},"author":3,"featured_media":117187,"comment_status":"open","ping_status":"open","sticky":false,"template":"","format":"standard","meta":{"_jetpack_newsletter_access":"","_jetpack_dont_email_post_to_subs":false,"_jetpack_newsletter_tier_id":0,"_jetpack_memberships_contains_paywalled_content":false,"_jetpack_feature_clip_id":0,"_jetpack_memberships_contains_paid_content":false,"footnotes":"","jetpack_publicize_message":"Ahome implementa se\u00f1al\u00e9ticas movibles en zonas escolares para mejorar la seguridad","jetpack_publicize_feature_enabled":true,"jetpack_social_post_already_shared":true,"jetpack_social_options":{"image_generator_settings":{"template":"highway","default_image_id":0,"font":"","enabled":false},"version":2},"jetpack_post_was_ever_published":false},"categories":[72,85],"tags":[],"class_list":["post-117186","post","type-post","status-publish","format-standard","has-post-thumbnail","hentry","category-portada","category-sinaloa-norte","post--single"],"jetpack_publicize_connections":[],"jetpack_featured_media_url":"https:\/\/ovelanalista.com\/wp-content\/uploads\/2025\/03\/transito.jpeg","jetpack_sharing_enabled":true,"_links":{"self":[{"href":"https:\/\/ovelanalista.com\/index.php?rest_route=\/wp\/v2\/posts\/117186","targetHints":{"allow":["GET"]}}],"collection":[{"href":"https:\/\/ovelanalista.com\/index.php?rest_route=\/wp\/v2\/posts"}],"about":[{"href":"https:\/\/ovelanalista.com\/index.php?rest_route=\/wp\/v2\/types\/post"}],"author":[{"embeddable":true,"href":"https:\/\/ovelanalista.com\/index.php?rest_route=\/wp\/v2\/users\/3"}],"replies":[{"embeddable":true,"href":"https:\/\/ovelanalista.com\/index.php?rest_route=%2Fwp%2Fv2%2Fcomments&post=117186"}],"version-history":[{"count":1,"href":"https:\/\/ovelanalista.com\/index.php?rest_route=\/wp\/v2\/posts\/117186\/revisions"}],"predecessor-version":[{"id":117188,"href":"https:\/\/ovelanalista.com\/index.php?rest_route=\/wp\/v2\/posts\/117186\/revisions\/117188"}],"wp:featuredmedia":[{"embeddable":true,"href":"https:\/\/ovelanalista.com\/index.php?rest_route=\/wp\/v2\/media\/117187"}],"wp:attachment":[{"href":"https:\/\/ovelanalista.com\/index.php?rest_route=%2Fwp%2Fv2%2Fmedia&parent=117186"}],"wp:term":[{"taxonomy":"category","embeddable":true,"href":"https:\/\/ovelanalista.com\/index.php?rest_route=%2Fwp%2Fv2%2Fcategories&post=117186"},{"taxonomy":"post_tag","embeddable":true,"href":"https:\/\/ovelanalista.com\/index.php?rest_route=%2Fwp%2Fv2%2Ftags&post=117186"}],"curies":[{"name":"wp","href":"https:\/\/api.w.org\/{rel}","templated":true}]}}