{"id":117205,"date":"2025-03-29T09:41:16","date_gmt":"2025-03-29T16:41:16","guid":{"rendered":"https:\/\/ovelanalista.com\/?p=117205"},"modified":"2025-03-29T09:41:16","modified_gmt":"2025-03-29T16:41:16","slug":"tiempo-de-mujeres-y-sector-salud-lo-sabe","status":"publish","type":"post","link":"https:\/\/ovelanalista.com\/?p=117205","title":{"rendered":"Tiempo de mujeres; y sector salud lo sabe"},"content":{"rendered":"<p><strong>CAF\u00c9 DE MA\u00d1ANA<\/strong><\/p>\n<p><strong>Por Jos\u00e9 Luis Enr\u00edquez Ambell<\/strong><\/p>\n<p>&nbsp;<\/p>\n<p>Una de las prioridades en las pol\u00edticas p\u00fablicas que a trav\u00e9s de la Secretaria de Salud o de los Servicios de Salud de Veracruz se implementa, es el garantizar y\/o prevenir a las mujeres por cuanto hace al c\u00e1ncer.<\/p>\n<p>A trav\u00e9s de programas y pol\u00edticas p\u00fablicas concretas es como se atienden estas tareas, y no hay que bajar la guardia como lo ha venido impulsando la Ingeniera Roc\u00edo Nahle, desde su campa\u00f1a a Gobernadora.<\/p>\n<p>Y es que esta enfermedad resulta ser uno de los problemas prioritarios para que se asegure el tratamiento a los pacientes, pues es de las principales afecciones de la salud en M\u00e9xico, e incluso, la OMS y los especialistas coinciden en que se trata del tipo de tumor maligno m\u00e1s frecuente,-\u201cC\u00e1ncer de Mama\u201d,- sobre todo en mujeres.<\/p>\n<p>El INEGI ha venido publicando que se estima que hay alrededor de 16,500 casos nuevos, y lo segmenta en la poblaci\u00f3n femenina de entre 35 y 54 a\u00f1os de edad. Tan solo en las mujeres de 20 a\u00f1os y m\u00e1s, el c\u00e1ncer de mama ocupa el segundo lugar de defunciones entre estos tumores malignos.<\/p>\n<p>Es de significar que la promocion y acciones que realiza el Dr. Valent\u00edn Herrera, titular de Salud en el Estado, con este programa para la<br \/>\ndetecci\u00f3n oportuna que hoy tienen todas las instituciones d\u00edgase el Imss, Imss Bienestar, Issste y Ssa federal para lo cual algunas cuentan ya con equipos especializados que van m\u00e1s all\u00e1 de un simple mastografo, es un avance muy importante, y es que hoy en d\u00eda la deteccteccion oportuna cuenta con otros medios m\u00e1s sofisticados pasa la atenci\u00f3n oportuna e inmediata.<\/p>\n<p>En estos tiempos un an\u00e1lisis general de sangre puede ser indicativo para detectar alguna actividad tumoral en el cuerpo humano, y aunque no determine su status, es un avance en t\u00e9rminos de detenci\u00f3n, atenci\u00f3n oportuna y<br \/>\nrevisi\u00f3n de factores que le rodean, al poder prevenir e identificar un problema que agobia al mundo sobre todo a las mujeres.<\/p>\n<p>Y ya que el Dr. Valent\u00edn Herrera ha iniciado con el abordaje que lleve a atajar el C\u00e1ncer de Mama \u2013 creo no har\u00eda mal \u2013 en combatirlo en coordinaci\u00f3n con los legisladores federales y locales de Veracruz en materia de presupuesto suficiente para las pacientes veracruzanas.<\/p>\n<p>Estamos en tiempo, considerando que est\u00e1 iniciando el sexenio en t\u00e9rminos de la revisi\u00f3n al Paquete Econ\u00f3mico para el ejercicio y de aqu\u00ed para adelante articularlo mucho mejor, y no solo alzar la voz y emitir discursos oficiales \u2013 como en el pasado \u2013 el 19 de octubre de cada a\u00f1o, en ocasi\u00f3n del \u201cD\u00eda Mundial de la Lucha contra el C\u00e1ncer de Mama\u201d.<\/p>\n<p>Este viernes se instal\u00f3 \u201cel Comit\u00e9 Estatal de Prevenci\u00f3n, Estudio y Seguimiento de la Morbilidad y Mortalidad del C\u00e1ncer en la Mujer\u201d, y con lo que la Secretar\u00eda de Salud impulsa acciones coordinadas para enfrentar esta enfermedad; el objetivo es mejorar la detecci\u00f3n temprana, el diagn\u00f3stico oportuno y el acceso a tratamientos integrales, pero no hacelo con presupuesto, la voluntad en poco habr\u00e1 de ayudar en la atenci\u00f3n y soluci\u00f3n oportunas, de ah\u00ed que la responsabilidad y con la sensibilidad del actual gobierno se esperan avances.<\/p>\n<p>Y por cierto, en este Comit\u00e9 participan el DIF Estatal, las secretar\u00edas de Marina, Defensa Nacional, PEMEX y la Facultad de Medicina de la Universidad Veracruzana. Todos y todo en favor de la mujer.<\/p>\n<p><strong>DE SOBREMESA<\/strong><\/p>\n<p>Y es que la conciencia en la sociedad,- entre hombres y mujeres de distintas edades,- sobre lo que es la enfermedad del c\u00e1ncer de mama y as\u00ed buscar fomentar la autoexploraci\u00f3n, las revisiones peri\u00f3dicas y los chequeos para poder detectarlo a tiempo y con tiempo, es una acci\u00f3n que requiere la participaci\u00f3n de todos.<\/p>\n<p><strong>UN CAF\u00c9 LECHERO LIGTH<\/strong><\/p>\n<p>De entrada, el sector salud en su conjunto y el universo de legisladoras y legisladores, tienen que impulsar pol\u00edticas p\u00fablicas con el mejor presupuesto posible, para que a partir del primer diagn\u00f3stico de c\u00e1ncer en la mujer, se inicie el tratamiento con cargo directo al sector salud. En momentos en los que se habla del IMSS Bienestar y la universalidad en la salud, o sea, es ahora o nunca al ser el tiempo de las mujeres. Dir\u00eda el alba\u00f1il; \u201cen concreto\u201d.<\/p>\n<p><strong>UN CAF\u00c9 CON PIQUETE<\/strong><\/p>\n<p>Y es que por si fuera poco, en materia del c\u00e1ncer de mama, en los recientes diez a\u00f1os se ha reportado un incremento en la incidencia de esta enfermedad, \u201cque tambi\u00e9n incluye a los hombres\u201d.<\/p>\n<p>Por edad al morir, son pocas las mujeres j\u00f3venes de 15 a 29 a\u00f1os que fallecen por c\u00e1ncer de mama (1%). El 13% tienen entre 30 a 44 a\u00f1os, y m\u00e1s de la tercera parte (38%) cuenta con una edad de entre 45 a 59 a\u00f1os; la mayor\u00eda fallece despu\u00e9s de los 59 a\u00f1os (48%).<\/p>\n<p><strong>UN CAFE DE OLLA DE BARRO<\/strong><\/p>\n<p>Sin olvidar el respeto a las diferentes creencias religiosas, se pueden recordar palabras de la Biblia que hablan de la importancia que el estado de \u00e1nimo tiene para luchar contra cualquier enfermedad: \u201cLa esperanza frustrada aflige al coraz\u00f3n; el deseo cumplido es un \u00e1rbol de vida\u201d.<\/p>\n<p>\u00a1ES CUANTO!<\/p>\n<p>enriquezambell@gmail.com;<br \/>\nenamjl62@gmail.com<\/p>\n","protected":false},"excerpt":{"rendered":"<p>CAF\u00c9 DE MA\u00d1ANA Por Jos\u00e9 Luis Enr\u00edquez Ambell &nbsp; Una de las prioridades en las pol\u00edticas p\u00fablicas que a trav\u00e9s de la Secretaria de Salud o de los Servicios de Salud de Veracruz se implementa, es el garantizar y\/o prevenir a las mujeres por cuanto hace al c\u00e1ncer. A trav\u00e9s de programas y pol\u00edticas p\u00fablicas concretas es como se atienden estas tareas, y no hay que bajar la guardia como lo ha venido impulsando la Ingeniera Roc\u00edo Nahle, desde su campa\u00f1a a Gobernadora. Y es que esta enfermedad resulta ser uno de los problemas prioritarios para que se asegure el [&hellip;]<\/p>\n","protected":false},"author":3,"featured_media":91558,"comment_status":"open","ping_status":"open","sticky":false,"template":"","format":"standard","meta":{"_jetpack_newsletter_access":"","_jetpack_dont_email_post_to_subs":false,"_jetpack_newsletter_tier_id":0,"_jetpack_memberships_contains_paywalled_content":false,"_jetpack_feature_clip_id":0,"_jetpack_memberships_contains_paid_content":false,"footnotes":"","jetpack_publicize_message":"","jetpack_publicize_feature_enabled":true,"jetpack_social_post_already_shared":true,"jetpack_social_options":{"image_generator_settings":{"template":"highway","default_image_id":0,"font":"","enabled":false},"version":2},"jetpack_post_was_ever_published":false},"categories":[79],"tags":[],"class_list":["post-117205","post","type-post","status-publish","format-standard","has-post-thumbnail","hentry","category-columnistas-nacionales","post--single"],"jetpack_publicize_connections":[],"jetpack_featured_media_url":"https:\/\/ovelanalista.com\/wp-content\/uploads\/2024\/03\/jose_luis_enriquez_ambell.jpeg","jetpack_sharing_enabled":true,"_links":{"self":[{"href":"https:\/\/ovelanalista.com\/index.php?rest_route=\/wp\/v2\/posts\/117205","targetHints":{"allow":["GET"]}}],"collection":[{"href":"https:\/\/ovelanalista.com\/index.php?rest_route=\/wp\/v2\/posts"}],"about":[{"href":"https:\/\/ovelanalista.com\/index.php?rest_route=\/wp\/v2\/types\/post"}],"author":[{"embeddable":true,"href":"https:\/\/ovelanalista.com\/index.php?rest_route=\/wp\/v2\/users\/3"}],"replies":[{"embeddable":true,"href":"https:\/\/ovelanalista.com\/index.php?rest_route=%2Fwp%2Fv2%2Fcomments&post=117205"}],"version-history":[{"count":1,"href":"https:\/\/ovelanalista.com\/index.php?rest_route=\/wp\/v2\/posts\/117205\/revisions"}],"predecessor-version":[{"id":117206,"href":"https:\/\/ovelanalista.com\/index.php?rest_route=\/wp\/v2\/posts\/117205\/revisions\/117206"}],"wp:featuredmedia":[{"embeddable":true,"href":"https:\/\/ovelanalista.com\/index.php?rest_route=\/wp\/v2\/media\/91558"}],"wp:attachment":[{"href":"https:\/\/ovelanalista.com\/index.php?rest_route=%2Fwp%2Fv2%2Fmedia&parent=117205"}],"wp:term":[{"taxonomy":"category","embeddable":true,"href":"https:\/\/ovelanalista.com\/index.php?rest_route=%2Fwp%2Fv2%2Fcategories&post=117205"},{"taxonomy":"post_tag","embeddable":true,"href":"https:\/\/ovelanalista.com\/index.php?rest_route=%2Fwp%2Fv2%2Ftags&post=117205"}],"curies":[{"name":"wp","href":"https:\/\/api.w.org\/{rel}","templated":true}]}}