{"id":117207,"date":"2025-03-29T10:11:47","date_gmt":"2025-03-29T17:11:47","guid":{"rendered":"https:\/\/ovelanalista.com\/?p=117207"},"modified":"2025-03-29T10:11:47","modified_gmt":"2025-03-29T17:11:47","slug":"incinera-semar-casi-2-toneladas-de-cocaina-en-guerrero","status":"publish","type":"post","link":"https:\/\/ovelanalista.com\/?p=117207","title":{"rendered":"Incinera Semar casi 2 toneladas de coca\u00edna en Guerrero"},"content":{"rendered":"<p>En el acto estuvieron presentes autoridades navales, as\u00ed como representantes de la FGR, quienes verificaron la destrucci\u00f3n total del estupefaciente.<\/p>\n<p>La\u00a0<strong>Secretar\u00eda de Marina-Armada de M\u00e9xico<\/strong>\u00a0inciner\u00f3 aproximadamente 1.9 toneladas de coca\u00edna en las instalaciones del relleno sanitario del poblado de\u00a0<strong>Paso Texca<\/strong>, en\u00a0<strong>Guerrero<\/strong>.<\/p>\n<p>En el acto estuvieron presentes autoridades navales, as\u00ed como representantes de la Fiscal\u00eda General de la Rep\u00fablica (FGR), quienes verificaron la destrucci\u00f3n total del estupefaciente.<\/p>\n<div id=\"ros-inread-b1laxj\" class=\"ad-container dfp-ad-unit ad-inread ad-main-inread ad-slot\" data-ad-type=\"inread\" data-slot=\"inread\" data-ad-loaded=\"1\" data-ad-setup=\"{&quot;postID&quot;:1701080,&quot;canRefresh&quot;:false,&quot;infinitescroll&quot;:false}\" data-google-query-id=\"CMiPxprkr4wDFRyVywEdWSkozg\"><\/div>\n<div data-ad-type=\"inread\" data-slot=\"inread\" data-ad-loaded=\"1\" data-ad-setup=\"{&quot;postID&quot;:1701080,&quot;canRefresh&quot;:false,&quot;infinitescroll&quot;:false}\" data-google-query-id=\"CMiPxprkr4wDFRyVywEdWSkozg\">\n<p>El producto incinerado fue asegurado en los meses de octubre y noviembre del 2024, en inmediaciones del\u00a0<strong>Puerto de Acapulco<\/strong>,\u00a0<strong>Guerrero<\/strong>, durante patrullajes de\u00a0<strong>vigilancia mar\u00edtima<\/strong>, a bordo de diversos buques de la Armada de M\u00e9xico.<\/p>\n<figure id=\"attachment_1701089\" class=\"wp-caption aligncenter\" aria-labelledby=\"figcaption_attachment_1701089\"><img loading=\"lazy\" decoding=\"async\" class=\"size-large wp-image-1701089 img-responsive \" title=\"\" src=\"https:\/\/i0.wp.com\/lopezdoriga.com\/wp-content\/uploads\/2025\/03\/incinera-semar-casi-2-toneladas-de-cocaina-en-guerrero-5.jpeg?resize=800%2C533&amp;ssl=1\" sizes=\"auto, (max-width: 800px) 100vw, 800px\" srcset=\"https:\/\/i0.wp.com\/lopezdoriga.com\/wp-content\/uploads\/2025\/03\/incinera-semar-casi-2-toneladas-de-cocaina-en-guerrero-5.jpeg?resize=1024%2C682&amp;ssl=1 1024w, https:\/\/i0.wp.com\/lopezdoriga.com\/wp-content\/uploads\/2025\/03\/incinera-semar-casi-2-toneladas-de-cocaina-en-guerrero-5.jpeg?resize=300%2C200&amp;ssl=1 300w, https:\/\/i0.wp.com\/lopezdoriga.com\/wp-content\/uploads\/2025\/03\/incinera-semar-casi-2-toneladas-de-cocaina-en-guerrero-5.jpeg?resize=768%2C512&amp;ssl=1 768w, https:\/\/i0.wp.com\/lopezdoriga.com\/wp-content\/uploads\/2025\/03\/incinera-semar-casi-2-toneladas-de-cocaina-en-guerrero-5.jpeg?resize=1536%2C1023&amp;ssl=1 1536w, https:\/\/i0.wp.com\/lopezdoriga.com\/wp-content\/uploads\/2025\/03\/incinera-semar-casi-2-toneladas-de-cocaina-en-guerrero-5.jpeg?w=1600&amp;ssl=1 1600w\" alt=\"Incinera Semar casi 2 toneladas de coca\u00edna en Guerrero - incinera-semar-casi-2-toneladas-de-cocaina-en-guerrero-5-1024x682\" width=\"800\" height=\"533\" data-recalc-dims=\"1\" \/><figcaption id=\"figcaption_attachment_1701089\" class=\"wp-caption-text\">Foto: Especial<\/figcaption><\/figure>\n<figure id=\"attachment_1701088\" class=\"wp-caption aligncenter\" aria-labelledby=\"figcaption_attachment_1701088\"><img loading=\"lazy\" decoding=\"async\" class=\"size-large wp-image-1701088 img-responsive \" title=\"\" src=\"https:\/\/i0.wp.com\/lopezdoriga.com\/wp-content\/uploads\/2025\/03\/incinera-semar-casi-2-toneladas-de-cocaina-en-guerrero-4.jpeg?resize=800%2C533&amp;ssl=1\" sizes=\"auto, (max-width: 800px) 100vw, 800px\" srcset=\"https:\/\/i0.wp.com\/lopezdoriga.com\/wp-content\/uploads\/2025\/03\/incinera-semar-casi-2-toneladas-de-cocaina-en-guerrero-4.jpeg?resize=1024%2C682&amp;ssl=1 1024w, https:\/\/i0.wp.com\/lopezdoriga.com\/wp-content\/uploads\/2025\/03\/incinera-semar-casi-2-toneladas-de-cocaina-en-guerrero-4.jpeg?resize=300%2C200&amp;ssl=1 300w, https:\/\/i0.wp.com\/lopezdoriga.com\/wp-content\/uploads\/2025\/03\/incinera-semar-casi-2-toneladas-de-cocaina-en-guerrero-4.jpeg?resize=768%2C512&amp;ssl=1 768w, https:\/\/i0.wp.com\/lopezdoriga.com\/wp-content\/uploads\/2025\/03\/incinera-semar-casi-2-toneladas-de-cocaina-en-guerrero-4.jpeg?resize=1536%2C1023&amp;ssl=1 1536w, https:\/\/i0.wp.com\/lopezdoriga.com\/wp-content\/uploads\/2025\/03\/incinera-semar-casi-2-toneladas-de-cocaina-en-guerrero-4.jpeg?w=1600&amp;ssl=1 1600w\" alt=\"Incinera Semar casi 2 toneladas de coca\u00edna en Guerrero - incinera-semar-casi-2-toneladas-de-cocaina-en-guerrero-4-1024x682\" width=\"800\" height=\"533\" data-recalc-dims=\"1\" \/><figcaption id=\"figcaption_attachment_1701088\" class=\"wp-caption-text\">Foto: Especial<\/figcaption><\/figure>\n<figure id=\"attachment_1701087\" class=\"wp-caption aligncenter\" aria-labelledby=\"figcaption_attachment_1701087\"><img loading=\"lazy\" decoding=\"async\" class=\"size-large wp-image-1701087 img-responsive \" title=\"\" src=\"https:\/\/i0.wp.com\/lopezdoriga.com\/wp-content\/uploads\/2025\/03\/incinera-semar-casi-2-toneladas-de-cocaina-en-guerrero-3.jpeg?resize=800%2C533&amp;ssl=1\" sizes=\"auto, (max-width: 800px) 100vw, 800px\" srcset=\"https:\/\/i0.wp.com\/lopezdoriga.com\/wp-content\/uploads\/2025\/03\/incinera-semar-casi-2-toneladas-de-cocaina-en-guerrero-3.jpeg?resize=1024%2C682&amp;ssl=1 1024w, https:\/\/i0.wp.com\/lopezdoriga.com\/wp-content\/uploads\/2025\/03\/incinera-semar-casi-2-toneladas-de-cocaina-en-guerrero-3.jpeg?resize=300%2C200&amp;ssl=1 300w, https:\/\/i0.wp.com\/lopezdoriga.com\/wp-content\/uploads\/2025\/03\/incinera-semar-casi-2-toneladas-de-cocaina-en-guerrero-3.jpeg?resize=768%2C512&amp;ssl=1 768w, https:\/\/i0.wp.com\/lopezdoriga.com\/wp-content\/uploads\/2025\/03\/incinera-semar-casi-2-toneladas-de-cocaina-en-guerrero-3.jpeg?resize=1536%2C1023&amp;ssl=1 1536w, https:\/\/i0.wp.com\/lopezdoriga.com\/wp-content\/uploads\/2025\/03\/incinera-semar-casi-2-toneladas-de-cocaina-en-guerrero-3.jpeg?w=1600&amp;ssl=1 1600w\" alt=\"Incinera Semar casi 2 toneladas de coca\u00edna en Guerrero - incinera-semar-casi-2-toneladas-de-cocaina-en-guerrero-3-1024x682\" width=\"800\" height=\"533\" data-recalc-dims=\"1\" \/><figcaption id=\"figcaption_attachment_1701087\" class=\"wp-caption-text\">Foto: Especial<\/figcaption><\/figure>\n<figure id=\"attachment_1701086\" class=\"wp-caption aligncenter\" aria-labelledby=\"figcaption_attachment_1701086\"><img loading=\"lazy\" decoding=\"async\" class=\"size-large wp-image-1701086 img-responsive \" title=\"\" src=\"https:\/\/i0.wp.com\/lopezdoriga.com\/wp-content\/uploads\/2025\/03\/incinera-semar-casi-2-toneladas-de-cocaina-en-guerrero-2.jpeg?resize=800%2C533&amp;ssl=1\" sizes=\"auto, (max-width: 800px) 100vw, 800px\" srcset=\"https:\/\/i0.wp.com\/lopezdoriga.com\/wp-content\/uploads\/2025\/03\/incinera-semar-casi-2-toneladas-de-cocaina-en-guerrero-2.jpeg?resize=1024%2C682&amp;ssl=1 1024w, https:\/\/i0.wp.com\/lopezdoriga.com\/wp-content\/uploads\/2025\/03\/incinera-semar-casi-2-toneladas-de-cocaina-en-guerrero-2.jpeg?resize=300%2C200&amp;ssl=1 300w, https:\/\/i0.wp.com\/lopezdoriga.com\/wp-content\/uploads\/2025\/03\/incinera-semar-casi-2-toneladas-de-cocaina-en-guerrero-2.jpeg?resize=768%2C512&amp;ssl=1 768w, https:\/\/i0.wp.com\/lopezdoriga.com\/wp-content\/uploads\/2025\/03\/incinera-semar-casi-2-toneladas-de-cocaina-en-guerrero-2.jpeg?resize=1536%2C1023&amp;ssl=1 1536w, https:\/\/i0.wp.com\/lopezdoriga.com\/wp-content\/uploads\/2025\/03\/incinera-semar-casi-2-toneladas-de-cocaina-en-guerrero-2.jpeg?w=1600&amp;ssl=1 1600w\" alt=\"Incinera Semar casi 2 toneladas de coca\u00edna en Guerrero - incinera-semar-casi-2-toneladas-de-cocaina-en-guerrero-2-1024x682\" width=\"800\" height=\"533\" data-recalc-dims=\"1\" \/><figcaption id=\"figcaption_attachment_1701086\" class=\"wp-caption-text\">Foto: Especial<\/figcaption><\/figure>\n<p>Con informaci\u00f3n de L\u00f3pez-D\u00f3riga Digital<\/p>\n<\/div>\n","protected":false},"excerpt":{"rendered":"<p>En el acto estuvieron presentes autoridades navales, as\u00ed como representantes de la FGR, quienes verificaron la destrucci\u00f3n total del estupefaciente. La\u00a0Secretar\u00eda de Marina-Armada de M\u00e9xico\u00a0inciner\u00f3 aproximadamente 1.9 toneladas de coca\u00edna en las instalaciones del relleno sanitario del poblado de\u00a0Paso Texca, en\u00a0Guerrero. En el acto estuvieron presentes autoridades navales, as\u00ed como representantes de la Fiscal\u00eda General de la Rep\u00fablica (FGR), quienes verificaron la destrucci\u00f3n total del estupefaciente. El producto incinerado fue asegurado en los meses de octubre y noviembre del 2024, en inmediaciones del\u00a0Puerto de Acapulco,\u00a0Guerrero, durante patrullajes de\u00a0vigilancia mar\u00edtima, a bordo de diversos buques de la Armada de M\u00e9xico. Foto: [&hellip;]<\/p>\n","protected":false},"author":3,"featured_media":117214,"comment_status":"open","ping_status":"open","sticky":false,"template":"","format":"standard","meta":{"_jetpack_newsletter_access":"","_jetpack_dont_email_post_to_subs":false,"_jetpack_newsletter_tier_id":0,"_jetpack_memberships_contains_paywalled_content":false,"_jetpack_feature_clip_id":0,"_jetpack_memberships_contains_paid_content":false,"footnotes":"","jetpack_publicize_message":"","jetpack_publicize_feature_enabled":true,"jetpack_social_post_already_shared":true,"jetpack_social_options":{"image_generator_settings":{"template":"highway","default_image_id":0,"font":"","enabled":false},"version":2},"jetpack_post_was_ever_published":false},"categories":[75,72],"tags":[],"class_list":["post-117207","post","type-post","status-publish","format-standard","has-post-thumbnail","hentry","category-nacional","category-portada","post--single"],"jetpack_publicize_connections":[],"jetpack_featured_media_url":"https:\/\/ovelanalista.com\/wp-content\/uploads\/2025\/03\/incinera-semar-casi-2-toneladas-de-cocaina-en-guerrero.webp","jetpack_sharing_enabled":true,"_links":{"self":[{"href":"https:\/\/ovelanalista.com\/index.php?rest_route=\/wp\/v2\/posts\/117207","targetHints":{"allow":["GET"]}}],"collection":[{"href":"https:\/\/ovelanalista.com\/index.php?rest_route=\/wp\/v2\/posts"}],"about":[{"href":"https:\/\/ovelanalista.com\/index.php?rest_route=\/wp\/v2\/types\/post"}],"author":[{"embeddable":true,"href":"https:\/\/ovelanalista.com\/index.php?rest_route=\/wp\/v2\/users\/3"}],"replies":[{"embeddable":true,"href":"https:\/\/ovelanalista.com\/index.php?rest_route=%2Fwp%2Fv2%2Fcomments&post=117207"}],"version-history":[{"count":1,"href":"https:\/\/ovelanalista.com\/index.php?rest_route=\/wp\/v2\/posts\/117207\/revisions"}],"predecessor-version":[{"id":117215,"href":"https:\/\/ovelanalista.com\/index.php?rest_route=\/wp\/v2\/posts\/117207\/revisions\/117215"}],"wp:featuredmedia":[{"embeddable":true,"href":"https:\/\/ovelanalista.com\/index.php?rest_route=\/wp\/v2\/media\/117214"}],"wp:attachment":[{"href":"https:\/\/ovelanalista.com\/index.php?rest_route=%2Fwp%2Fv2%2Fmedia&parent=117207"}],"wp:term":[{"taxonomy":"category","embeddable":true,"href":"https:\/\/ovelanalista.com\/index.php?rest_route=%2Fwp%2Fv2%2Fcategories&post=117207"},{"taxonomy":"post_tag","embeddable":true,"href":"https:\/\/ovelanalista.com\/index.php?rest_route=%2Fwp%2Fv2%2Ftags&post=117207"}],"curies":[{"name":"wp","href":"https:\/\/api.w.org\/{rel}","templated":true}]}}