{"id":117216,"date":"2025-03-29T10:14:21","date_gmt":"2025-03-29T17:14:21","guid":{"rendered":"https:\/\/ovelanalista.com\/?p=117216"},"modified":"2025-03-29T10:14:21","modified_gmt":"2025-03-29T17:14:21","slug":"detienen-en-tabasco-a-zavala-presunto-integrante-de-la-barredora","status":"publish","type":"post","link":"https:\/\/ovelanalista.com\/?p=117216","title":{"rendered":"Detienen en Tabasco a \u201cZavala\u201d, presunto integrante de La Barredora"},"content":{"rendered":"<p>A Edson Aldair \u2018N\u2019, alias \u201cZavala\u201d, se le identifica como presunto integrante del grupo delincuencial conocido como La Barredora.<\/p>\n<p>Autoridades federales informaron este viernes de la detenci\u00f3n en\u00a0<strong>Tabasco<\/strong>\u00a0de\u00a0<strong>Edson Aldair<\/strong>\u00a0\u2018N\u2019, alias \u201c<strong>Zavala<\/strong>\u201d, presunto integrante del grupo delincuencial conocido como\u00a0<strong>La Barredora<\/strong>.<\/p>\n<p>Por medio de un comunicado, el secretario de Seguridad y Protecci\u00f3n Ciudadana,\u00a0<strong>Omar Garc\u00eda Harfuch<\/strong>, inform\u00f3 adem\u00e1s la detenci\u00f3n de\u00a0<strong>Jorge Luis<\/strong>\u00a0\u201cN\u201d, quien participaba en las actividades delictivas de la organizaci\u00f3n referida.<\/p>\n<p><img decoding=\"async\" src=\"https:\/\/pbs.twimg.com\/media\/GnLRbY0awAADMhi?format=jpg&amp;name=medium\" alt=\"Imagen\" \/><\/p>\n<p>Esta detenci\u00f3n se suma a la de\u00a0<strong>Francisco Javier \u201cN\u201d<\/strong>, alias\u00a0<em><strong>El Guas\u00f3n<\/strong><\/em>,\u00a0<a href=\"https:\/\/lopezdoriga.com\/nacional\/detienen-tabasco-el-guason-segundo-mando-grupo-criminal-la-barredora\/\" target=\"_blank\" rel=\"noopener\">considerado<\/a>\u00a0el segundo al mando de La Barredora.<\/p>\n<p>Con informaci\u00f3n de L\u00f3pez-D\u00f3riga Digital<\/p>\n<div id=\"ros-inread-multiple-0kwjww\" class=\"ad-container dfp-ad-unit ad-inread ad-slot\" data-ad-type=\"inreadbox\" data-slot=\"inread-multiple\" data-ad-loaded=\"1\" data-ad-setup=\"{&quot;postID&quot;:1701081,&quot;canRefresh&quot;:false,&quot;infinitescroll&quot;:false}\" data-google-query-id=\"CLLztvjkr4wDFcYMigMdJVIaBg\"><\/div>\n","protected":false},"excerpt":{"rendered":"<p>A Edson Aldair \u2018N\u2019, alias \u201cZavala\u201d, se le identifica como presunto integrante del grupo delincuencial conocido como La Barredora. Autoridades federales informaron este viernes de la detenci\u00f3n en\u00a0Tabasco\u00a0de\u00a0Edson Aldair\u00a0\u2018N\u2019, alias \u201cZavala\u201d, presunto integrante del grupo delincuencial conocido como\u00a0La Barredora. Por medio de un comunicado, el secretario de Seguridad y Protecci\u00f3n Ciudadana,\u00a0Omar Garc\u00eda Harfuch, inform\u00f3 adem\u00e1s la detenci\u00f3n de\u00a0Jorge Luis\u00a0\u201cN\u201d, quien participaba en las actividades delictivas de la organizaci\u00f3n referida. Esta detenci\u00f3n se suma a la de\u00a0Francisco Javier \u201cN\u201d, alias\u00a0El Guas\u00f3n,\u00a0considerado\u00a0el segundo al mando de La Barredora. Con informaci\u00f3n de L\u00f3pez-D\u00f3riga Digital<\/p>\n","protected":false},"author":3,"featured_media":117218,"comment_status":"open","ping_status":"open","sticky":false,"template":"","format":"standard","meta":{"_jetpack_newsletter_access":"","_jetpack_dont_email_post_to_subs":false,"_jetpack_newsletter_tier_id":0,"_jetpack_memberships_contains_paywalled_content":false,"_jetpack_feature_clip_id":0,"_jetpack_memberships_contains_paid_content":false,"footnotes":"","jetpack_publicize_message":"","jetpack_publicize_feature_enabled":true,"jetpack_social_post_already_shared":true,"jetpack_social_options":{"image_generator_settings":{"template":"highway","default_image_id":0,"font":"","enabled":false},"version":2},"jetpack_post_was_ever_published":false},"categories":[75,72],"tags":[],"class_list":["post-117216","post","type-post","status-publish","format-standard","has-post-thumbnail","hentry","category-nacional","category-portada","post--single"],"jetpack_publicize_connections":[],"jetpack_featured_media_url":"https:\/\/ovelanalista.com\/wp-content\/uploads\/2025\/03\/zavala-tabasco-chiapas-detenido.webp","jetpack_sharing_enabled":true,"_links":{"self":[{"href":"https:\/\/ovelanalista.com\/index.php?rest_route=\/wp\/v2\/posts\/117216","targetHints":{"allow":["GET"]}}],"collection":[{"href":"https:\/\/ovelanalista.com\/index.php?rest_route=\/wp\/v2\/posts"}],"about":[{"href":"https:\/\/ovelanalista.com\/index.php?rest_route=\/wp\/v2\/types\/post"}],"author":[{"embeddable":true,"href":"https:\/\/ovelanalista.com\/index.php?rest_route=\/wp\/v2\/users\/3"}],"replies":[{"embeddable":true,"href":"https:\/\/ovelanalista.com\/index.php?rest_route=%2Fwp%2Fv2%2Fcomments&post=117216"}],"version-history":[{"count":1,"href":"https:\/\/ovelanalista.com\/index.php?rest_route=\/wp\/v2\/posts\/117216\/revisions"}],"predecessor-version":[{"id":117219,"href":"https:\/\/ovelanalista.com\/index.php?rest_route=\/wp\/v2\/posts\/117216\/revisions\/117219"}],"wp:featuredmedia":[{"embeddable":true,"href":"https:\/\/ovelanalista.com\/index.php?rest_route=\/wp\/v2\/media\/117218"}],"wp:attachment":[{"href":"https:\/\/ovelanalista.com\/index.php?rest_route=%2Fwp%2Fv2%2Fmedia&parent=117216"}],"wp:term":[{"taxonomy":"category","embeddable":true,"href":"https:\/\/ovelanalista.com\/index.php?rest_route=%2Fwp%2Fv2%2Fcategories&post=117216"},{"taxonomy":"post_tag","embeddable":true,"href":"https:\/\/ovelanalista.com\/index.php?rest_route=%2Fwp%2Fv2%2Ftags&post=117216"}],"curies":[{"name":"wp","href":"https:\/\/api.w.org\/{rel}","templated":true}]}}