{"id":117217,"date":"2025-03-29T10:19:48","date_gmt":"2025-03-29T17:19:48","guid":{"rendered":"https:\/\/ovelanalista.com\/?p=117217"},"modified":"2025-03-29T10:19:48","modified_gmt":"2025-03-29T17:19:48","slug":"a-meses-de-incidente-de-menor-en-restaurante-de-queretaro-padre-de-familia-denuncia-falta-de-transparencia","status":"publish","type":"post","link":"https:\/\/ovelanalista.com\/?p=117217","title":{"rendered":"A meses de incidente de menor en restaurante de Quer\u00e9taro, padre de familia denuncia falta de transparencia"},"content":{"rendered":"<p>El padre de familia Diego Incera denunci\u00f3 que las autoridades no han sido transparentes en cuanto a los avances en el caso del incidente que sufri\u00f3 su hijo en un restaurante de Quer\u00e9taro.<\/p>\n<p>En noviembre del a\u00f1o pasado un\u00a0<strong>menor de edad<\/strong>\u00a0se electrocut\u00f3 con una fuente del conocido restaurante\u00a0<strong>Fisher\u2019s House<\/strong>\u00a0en Quer\u00e9taro.<\/p>\n<div id=\"standard_2\" class=\"st-placement standard_2 inArticle\">\n<div class=\"st-adunit-inarticle st-inarticle-slot\">\n<div class=\"st-adunit st-adunit-tagged st-reset st-show\">\n<div class=\"st-adunit-ad st-reset\">\n<div class=\"st-display-render st-reset open 970x250\">\n<div class=\"x-to-close st-reset\">A casi cinco meses del incidente, el padre del ni\u00f1o de siete a\u00f1os,\u00a0<strong>Diego Incera<\/strong>, denunci\u00f3 falta de\u00a0<strong>transparencia<\/strong>\u00a0en el caso.<\/div>\n<\/div>\n<\/div>\n<\/div>\n<\/div>\n<\/div>\n<div><\/div>\n<div>\n<p>En\u00a0<a href=\"https:\/\/mvsnoticias.com\/entrevistas\/2025\/3\/25\/no-hay-una-aceptacion-de-responsabilidad-del-restaurante-de-queretaro-donde-nino-se-electrocuto-684690.html\" target=\"_blank\" rel=\"noopener noreferrer\">entrevista<\/a>\u00a0con MVS, el padre de familia manifest\u00f3 que aunque ha sido atendido por las autoridades, estas no le han compartido los avances que se tienen en la\u00a0<strong>investigaci\u00f3n<\/strong>\u00a0sobre la causa del incidente.<\/p>\n<p>Adem\u00e1s, manifest\u00f3 que el restaurante no ha asumido su responsabilidad e incluso lo han\u00a0<strong>revictimizado<\/strong>. \u201cMe han tirado de\u00a0<strong>irresponsable<\/strong>\u00a0y que es m\u00e1s mi culpa que la de\u00a0<strong>ellos<\/strong>\u201c, relat\u00f3.<\/p>\n<p>De acuerdo con el relato de Diego, su hijo se electrocut\u00f3 en un momento de descuido cuando estaban por irse del establecimiento.<\/p>\n<p>Tras el incidente, las autoridades municipales clausuraron el establecimiento, que finalmente reabri\u00f3 en diciembre.<\/p>\n<p>En la entrevista, el se\u00f1or Incera revel\u00f3 que analiza la posibilidad de acciones legales ante la falta de transparencia por parte de las autoridades y la actitud que asumi\u00f3 el restaurante, que calific\u00f3 como \u201cagresiva\u201d.<\/p>\n<blockquote><p>Parte de lo que pido es que no vuelva a pasar. Esta justicia y tranquilidad que estoy pidiendo es \u2018vamos a llegar a un acuerdo en donde se cumpla con todo lo que se necesite para que esto no\u00a0<strong>vuelva a pasar<\/strong>\u00a0y\u00a0<strong>transparentar<\/strong>\u00a0la informaci\u00f3n de las autoridades\u2019. Y si no podemos llegar a eso, se va a tener que hacer a trav\u00e9s de un juez. Estos cuates quieren revictimizar a mi familia oblig\u00e1ndome a un proceso judicial al ser tan agresivos\u201d, cont\u00f3.<\/p><\/blockquote>\n<p>Con informaci\u00f3n de L\u00f3pez-D\u00f3riga Digital<\/p>\n<\/div>\n","protected":false},"excerpt":{"rendered":"<p>El padre de familia Diego Incera denunci\u00f3 que las autoridades no han sido transparentes en cuanto a los avances en el caso del incidente que sufri\u00f3 su hijo en un restaurante de Quer\u00e9taro. En noviembre del a\u00f1o pasado un\u00a0menor de edad\u00a0se electrocut\u00f3 con una fuente del conocido restaurante\u00a0Fisher\u2019s House\u00a0en Quer\u00e9taro. A casi cinco meses del incidente, el padre del ni\u00f1o de siete a\u00f1os,\u00a0Diego Incera, denunci\u00f3 falta de\u00a0transparencia\u00a0en el caso. En\u00a0entrevista\u00a0con MVS, el padre de familia manifest\u00f3 que aunque ha sido atendido por las autoridades, estas no le han compartido los avances que se tienen en la\u00a0investigaci\u00f3n\u00a0sobre la causa del incidente. [&hellip;]<\/p>\n","protected":false},"author":3,"featured_media":117221,"comment_status":"open","ping_status":"open","sticky":false,"template":"","format":"standard","meta":{"_jetpack_newsletter_access":"","_jetpack_dont_email_post_to_subs":false,"_jetpack_newsletter_tier_id":0,"_jetpack_memberships_contains_paywalled_content":false,"_jetpack_feature_clip_id":0,"_jetpack_memberships_contains_paid_content":false,"footnotes":"","jetpack_publicize_message":"","jetpack_publicize_feature_enabled":true,"jetpack_social_post_already_shared":true,"jetpack_social_options":{"image_generator_settings":{"template":"highway","default_image_id":0,"font":"","enabled":false},"version":2},"jetpack_post_was_ever_published":false},"categories":[75,72],"tags":[],"class_list":["post-117217","post","type-post","status-publish","format-standard","has-post-thumbnail","hentry","category-nacional","category-portada","post--single"],"jetpack_publicize_connections":[],"jetpack_featured_media_url":"https:\/\/ovelanalista.com\/wp-content\/uploads\/2025\/03\/restaurante-queretaro-nmas-nino-electrocutado.webp","jetpack_sharing_enabled":true,"_links":{"self":[{"href":"https:\/\/ovelanalista.com\/index.php?rest_route=\/wp\/v2\/posts\/117217","targetHints":{"allow":["GET"]}}],"collection":[{"href":"https:\/\/ovelanalista.com\/index.php?rest_route=\/wp\/v2\/posts"}],"about":[{"href":"https:\/\/ovelanalista.com\/index.php?rest_route=\/wp\/v2\/types\/post"}],"author":[{"embeddable":true,"href":"https:\/\/ovelanalista.com\/index.php?rest_route=\/wp\/v2\/users\/3"}],"replies":[{"embeddable":true,"href":"https:\/\/ovelanalista.com\/index.php?rest_route=%2Fwp%2Fv2%2Fcomments&post=117217"}],"version-history":[{"count":1,"href":"https:\/\/ovelanalista.com\/index.php?rest_route=\/wp\/v2\/posts\/117217\/revisions"}],"predecessor-version":[{"id":117222,"href":"https:\/\/ovelanalista.com\/index.php?rest_route=\/wp\/v2\/posts\/117217\/revisions\/117222"}],"wp:featuredmedia":[{"embeddable":true,"href":"https:\/\/ovelanalista.com\/index.php?rest_route=\/wp\/v2\/media\/117221"}],"wp:attachment":[{"href":"https:\/\/ovelanalista.com\/index.php?rest_route=%2Fwp%2Fv2%2Fmedia&parent=117217"}],"wp:term":[{"taxonomy":"category","embeddable":true,"href":"https:\/\/ovelanalista.com\/index.php?rest_route=%2Fwp%2Fv2%2Fcategories&post=117217"},{"taxonomy":"post_tag","embeddable":true,"href":"https:\/\/ovelanalista.com\/index.php?rest_route=%2Fwp%2Fv2%2Ftags&post=117217"}],"curies":[{"name":"wp","href":"https:\/\/api.w.org\/{rel}","templated":true}]}}