{"id":117223,"date":"2025-03-29T10:25:38","date_gmt":"2025-03-29T17:25:38","guid":{"rendered":"https:\/\/ovelanalista.com\/?p=117223"},"modified":"2025-03-29T10:25:38","modified_gmt":"2025-03-29T17:25:38","slug":"tasa-de-desempleo-se-mantuvo-en-2-5-en-febrero","status":"publish","type":"post","link":"https:\/\/ovelanalista.com\/?p=117223","title":{"rendered":"Tasa de desempleo se mantuvo en 2.5% en febrero"},"content":{"rendered":"<p>La poblaci\u00f3n sin empleo fue de 1.5 millones de personas en febrero, un aumento anual de 30 mil personas, detall\u00f3 el Inegi.<\/p>\n<p>La\u00a0<strong>tasa de desempleo<\/strong>\u00a0en M\u00e9xico se mantuvo en febrero pasado en el 2.5 por ciento de la poblaci\u00f3n econ\u00f3micamente activa (PEA), igual que un a\u00f1o antes y menor al 2.7 por ciento de enero, inform\u00f3 el Instituto Nacional de Estad\u00edstica y Geograf\u00eda (Inegi).<\/p>\n<div id=\"standard_2\" class=\"st-placement standard_2 inArticle\">\n<div class=\"st-adunit-inarticle st-inarticle-slot\">\n<div class=\"st-adunit st-adunit-tagged st-reset st-show\">\n<div class=\"st-adunit-ad st-reset\">\n<div>\n<div class=\"st-display-render st-reset open 587x330\">\n<div class=\"x-to-close st-reset\">La poblaci\u00f3n desocupada fue de 1.5 millones de personas, un aumento anual de 30 mil personas,\u00a0<a href=\"https:\/\/www.inegi.org.mx\/contenidos\/saladeprensa\/boletines\/2025\/iooe\/ioe2025_03.pdf\" target=\"_blank\" rel=\"noopener noreferrer\">detall\u00f3<\/a>\u00a0el Inegi.<\/div>\n<\/div>\n<\/div>\n<\/div>\n<\/div>\n<\/div>\n<\/div>\n<div><\/div>\n<div>\n<p>La PEA del segundo mes del a\u00f1o lleg\u00f3 a 60.7 millones de personas de 15 a\u00f1os y m\u00e1s, lo que represent\u00f3 una tasa de participaci\u00f3n de 58.7 por ciento y una poblaci\u00f3n activa inferior en 207 mil a la de febrero de 2024.<\/p>\n<p>De la PEA, 59.2 millones de personas estuvieron ocupadas, 236 mil menos que en el mismo mes del a\u00f1o pasado.<\/p>\n<p>Las personas subocupadas, es decir, quienes declararon tener necesidad y disponibilidad para trabajar m\u00e1s horas, fueron 3.7 millones, el 6.3 por ciento de la poblaci\u00f3n ocupada, un decremento de 138 mil frente a febrero de 2024.<\/p>\n<h3>\u00a0Por sectores e informalidad<\/h3>\n<p>Los trabajadores informales totalizaron 32.3 millones, lo que dej\u00f3 la tasa de informalidad en el 54.5 por ciento.<\/p>\n<p>La poblaci\u00f3n ocupada por sector de actividad se distribuy\u00f3 con el 44.1 por ciento del total en servicios, en comercio el 19.7 por ciento, en manufacturas el 16.1 por ciento, en actividades agropecuarias el 10.6 por ciento, y en construcci\u00f3n el 8 por ciento.<\/p>\n<p>Mientras que en \u2018otras actividades econ\u00f3micas\u2019, que incluyen miner\u00eda, electricidad, agua y suministro de gas, estuvo ocupada el 0.8 por ciento, y otro 0.6 por ciento no especific\u00f3 actividad.<\/p>\n<p>Las cifras reflejan el comportamiento econ\u00f3mico de M\u00e9xico, que creci\u00f3 1.5 por ciento en 2024, pero cay\u00f3 0.6 por ciento de octubre a diciembre, su primera contracci\u00f3n a tasa trimestral en los \u00faltimos tres a\u00f1os, ante la incertidumbre causada por la elecci\u00f3n presidencial de Donald Trump en Estados Unidos.<\/p>\n<p>Con informaci\u00f3n de EFE<\/p>\n<\/div>\n","protected":false},"excerpt":{"rendered":"<p>La poblaci\u00f3n sin empleo fue de 1.5 millones de personas en febrero, un aumento anual de 30 mil personas, detall\u00f3 el Inegi. La\u00a0tasa de desempleo\u00a0en M\u00e9xico se mantuvo en febrero pasado en el 2.5 por ciento de la poblaci\u00f3n econ\u00f3micamente activa (PEA), igual que un a\u00f1o antes y menor al 2.7 por ciento de enero, inform\u00f3 el Instituto Nacional de Estad\u00edstica y Geograf\u00eda (Inegi). La poblaci\u00f3n desocupada fue de 1.5 millones de personas, un aumento anual de 30 mil personas,\u00a0detall\u00f3\u00a0el Inegi. La PEA del segundo mes del a\u00f1o lleg\u00f3 a 60.7 millones de personas de 15 a\u00f1os y m\u00e1s, lo [&hellip;]<\/p>\n","protected":false},"author":3,"featured_media":117226,"comment_status":"open","ping_status":"open","sticky":false,"template":"","format":"standard","meta":{"_jetpack_newsletter_access":"","_jetpack_dont_email_post_to_subs":false,"_jetpack_newsletter_tier_id":0,"_jetpack_memberships_contains_paywalled_content":false,"_jetpack_feature_clip_id":0,"_jetpack_memberships_contains_paid_content":false,"footnotes":"","jetpack_publicize_message":"","jetpack_publicize_feature_enabled":true,"jetpack_social_post_already_shared":true,"jetpack_social_options":{"image_generator_settings":{"template":"highway","default_image_id":0,"font":"","enabled":false},"version":2},"jetpack_post_was_ever_published":false},"categories":[75,72],"tags":[],"class_list":["post-117223","post","type-post","status-publish","format-standard","has-post-thumbnail","hentry","category-nacional","category-portada","post--single"],"jetpack_publicize_connections":[],"jetpack_featured_media_url":"https:\/\/ovelanalista.com\/wp-content\/uploads\/2025\/03\/desempleo-informalidad-mexico.webp","jetpack_sharing_enabled":true,"_links":{"self":[{"href":"https:\/\/ovelanalista.com\/index.php?rest_route=\/wp\/v2\/posts\/117223","targetHints":{"allow":["GET"]}}],"collection":[{"href":"https:\/\/ovelanalista.com\/index.php?rest_route=\/wp\/v2\/posts"}],"about":[{"href":"https:\/\/ovelanalista.com\/index.php?rest_route=\/wp\/v2\/types\/post"}],"author":[{"embeddable":true,"href":"https:\/\/ovelanalista.com\/index.php?rest_route=\/wp\/v2\/users\/3"}],"replies":[{"embeddable":true,"href":"https:\/\/ovelanalista.com\/index.php?rest_route=%2Fwp%2Fv2%2Fcomments&post=117223"}],"version-history":[{"count":1,"href":"https:\/\/ovelanalista.com\/index.php?rest_route=\/wp\/v2\/posts\/117223\/revisions"}],"predecessor-version":[{"id":117227,"href":"https:\/\/ovelanalista.com\/index.php?rest_route=\/wp\/v2\/posts\/117223\/revisions\/117227"}],"wp:featuredmedia":[{"embeddable":true,"href":"https:\/\/ovelanalista.com\/index.php?rest_route=\/wp\/v2\/media\/117226"}],"wp:attachment":[{"href":"https:\/\/ovelanalista.com\/index.php?rest_route=%2Fwp%2Fv2%2Fmedia&parent=117223"}],"wp:term":[{"taxonomy":"category","embeddable":true,"href":"https:\/\/ovelanalista.com\/index.php?rest_route=%2Fwp%2Fv2%2Fcategories&post=117223"},{"taxonomy":"post_tag","embeddable":true,"href":"https:\/\/ovelanalista.com\/index.php?rest_route=%2Fwp%2Fv2%2Ftags&post=117223"}],"curies":[{"name":"wp","href":"https:\/\/api.w.org\/{rel}","templated":true}]}}