{"id":117228,"date":"2025-03-29T10:28:20","date_gmt":"2025-03-29T17:28:20","guid":{"rendered":"https:\/\/ovelanalista.com\/?p=117228"},"modified":"2025-03-29T10:28:20","modified_gmt":"2025-03-29T17:28:20","slug":"sheinbaum-afirma-que-aranceles-de-trump-no-complican-nada-las-finanzas-publicas","status":"publish","type":"post","link":"https:\/\/ovelanalista.com\/?p=117228","title":{"rendered":"Sheinbaum afirma que aranceles de Trump no complican \u201cnada\u201d las finanzas p\u00fablicas"},"content":{"rendered":"<p>Sheinbaum insisti\u00f3 en que a\u00fan hay espacio para negociar un trato preferente para M\u00e9xico , tras los aranceles impuestos por EE.UU.<\/p>\n<p>La presidenta mexicana,\u00a0<strong><a href=\"https:\/\/x.com\/Claudiashein\" target=\"_blank\" rel=\"noopener noreferrer\">Claudia<\/a>\u00a0Sheinbaum<\/strong>, afirm\u00f3 que los\u00a0<strong>aranceles<\/strong>\u00a0del mandatario estadounidense,\u00a0<strong>Donald Trump\u00a0<\/strong>no complican \u201cnada\u201d las\u00a0<strong>finanzas p\u00fablicas<\/strong>\u00a0y las\u00a0<strong>metas del Gobierno<\/strong>, a pesar de los crecientes pron\u00f3sticos de organismos y consultoras que advierten de una posible recesi\u00f3n en 2025.<\/p>\n<p>En nada (complican los aranceles), la econom\u00eda de M\u00e9xico est\u00e1 muy fuerte y diario veo el ingreso, me lo env\u00eda Antonio (Mart\u00ednez), del SAT (Sistema de Administraci\u00f3n Tributaria)\u201d, apunt\u00f3.<\/p>\n<p>\u201cEstamos como 6 por ciento arriba en t\u00e9rminos reales del a\u00f1o pasado en recaudaci\u00f3n\u201d, respondi\u00f3 a pregunta expresa en su conferencia matutina.<\/p>\n<p><iframe loading=\"lazy\" title=\"#Ma\u00f1aneraDelPueblo desde Palacio Nacional. Viernes 28 de marzo 2025\" width=\"1200\" height=\"675\" src=\"https:\/\/www.youtube.com\/embed\/Q6ygKelw8PQ?feature=oembed\" frameborder=\"0\" allow=\"accelerometer; autoplay; clipboard-write; encrypted-media; gyroscope; picture-in-picture; web-share\" referrerpolicy=\"strict-origin-when-cross-origin\" allowfullscreen><\/iframe><\/p>\n<p>La mandataria mexicana insisti\u00f3 en que a\u00fan hay espacio para negociar un trato preferente para M\u00e9xico con la Administraci\u00f3n de Trump, quien el mi\u00e9rcoles anunci\u00f3 aranceles del 25 por ciento para todos los autos importados a Estados Unidos, lo que impactar\u00eda a la industria automotriz mexicana, que aporta casi el 4 % de la econom\u00eda nacional.<\/p>\n<p>La presidenta remarc\u00f3 que esperar\u00e1 al 3 de abril para responder a estas medidas, que se suman a los aranceles del 25 por ciento al acero y al aluminio que ya est\u00e1n en vigor y a los grav\u00e1menes generalizados del 25 % a todos los productos mexicanos que comenzar\u00edan el 2 de abril, fecha que Trump llam\u00f3 \u2018D\u00eda de la liberaci\u00f3n\u2019.<\/p>\n<p>La expectativa crece porque la Secretar\u00eda de Hacienda debe entregar el 1 de abril al Congreso los \u2018Pre-Criterios Generales de Pol\u00edtica Econ\u00f3mica\u2019 con las previsiones oficiales sobre la actividad econ\u00f3mica y las finanzas p\u00fablicas para el pr\u00f3ximo a\u00f1o.<\/p>\n<p>El presupuesto oficial del primer a\u00f1o de Sheinbaum, para este 2025, se bas\u00f3 en un crecimiento puntual del 2.5 por ciento del producto interior bruto (PIB), lo que analistas consideraban demasiado optimista, incluso antes de la llegada de Trump al poder, el 20 de enero pasado.<\/p>\n<p>Sheinbaum ha desestimado la ca\u00edda de pron\u00f3sticos por la incertidumbre comercial, como la recesi\u00f3n que ahora prev\u00e9n entes como Fitch Ratings y la Organizaci\u00f3n para la Cooperaci\u00f3n y el Desarrollo Econ\u00f3mico (OCDE).<\/p>\n<p>\u201cLa verdad es que va muy bien la recaudaci\u00f3n y estamos construyendo siete hospitales m\u00e1s, los trenes, carreteras, obras de agua, vivienda, y eso ayuda mucho a la econom\u00eda, a la obra p\u00fablica, que se vincula con empleo y con mercado interno\u201d, defendi\u00f3.<\/p>\n<p>Con informaci\u00f3n de EFE<\/p>\n","protected":false},"excerpt":{"rendered":"<p>Sheinbaum insisti\u00f3 en que a\u00fan hay espacio para negociar un trato preferente para M\u00e9xico , tras los aranceles impuestos por EE.UU. La presidenta mexicana,\u00a0Claudia\u00a0Sheinbaum, afirm\u00f3 que los\u00a0aranceles\u00a0del mandatario estadounidense,\u00a0Donald Trump\u00a0no complican \u201cnada\u201d las\u00a0finanzas p\u00fablicas\u00a0y las\u00a0metas del Gobierno, a pesar de los crecientes pron\u00f3sticos de organismos y consultoras que advierten de una posible recesi\u00f3n en 2025. En nada (complican los aranceles), la econom\u00eda de M\u00e9xico est\u00e1 muy fuerte y diario veo el ingreso, me lo env\u00eda Antonio (Mart\u00ednez), del SAT (Sistema de Administraci\u00f3n Tributaria)\u201d, apunt\u00f3. \u201cEstamos como 6 por ciento arriba en t\u00e9rminos reales del a\u00f1o pasado en recaudaci\u00f3n\u201d, respondi\u00f3 a [&hellip;]<\/p>\n","protected":false},"author":3,"featured_media":117230,"comment_status":"open","ping_status":"open","sticky":false,"template":"","format":"standard","meta":{"_jetpack_newsletter_access":"","_jetpack_dont_email_post_to_subs":false,"_jetpack_newsletter_tier_id":0,"_jetpack_memberships_contains_paywalled_content":false,"_jetpack_feature_clip_id":0,"_jetpack_memberships_contains_paid_content":false,"footnotes":"","jetpack_publicize_message":"","jetpack_publicize_feature_enabled":true,"jetpack_social_post_already_shared":true,"jetpack_social_options":{"image_generator_settings":{"template":"highway","default_image_id":0,"font":"","enabled":false},"version":2},"jetpack_post_was_ever_published":false},"categories":[75,72],"tags":[],"class_list":["post-117228","post","type-post","status-publish","format-standard","has-post-thumbnail","hentry","category-nacional","category-portada","post--single"],"jetpack_publicize_connections":[],"jetpack_featured_media_url":"https:\/\/ovelanalista.com\/wp-content\/uploads\/2025\/03\/sheinbaum-aranceles-trump-autos.webp","jetpack_sharing_enabled":true,"_links":{"self":[{"href":"https:\/\/ovelanalista.com\/index.php?rest_route=\/wp\/v2\/posts\/117228","targetHints":{"allow":["GET"]}}],"collection":[{"href":"https:\/\/ovelanalista.com\/index.php?rest_route=\/wp\/v2\/posts"}],"about":[{"href":"https:\/\/ovelanalista.com\/index.php?rest_route=\/wp\/v2\/types\/post"}],"author":[{"embeddable":true,"href":"https:\/\/ovelanalista.com\/index.php?rest_route=\/wp\/v2\/users\/3"}],"replies":[{"embeddable":true,"href":"https:\/\/ovelanalista.com\/index.php?rest_route=%2Fwp%2Fv2%2Fcomments&post=117228"}],"version-history":[{"count":1,"href":"https:\/\/ovelanalista.com\/index.php?rest_route=\/wp\/v2\/posts\/117228\/revisions"}],"predecessor-version":[{"id":117231,"href":"https:\/\/ovelanalista.com\/index.php?rest_route=\/wp\/v2\/posts\/117228\/revisions\/117231"}],"wp:featuredmedia":[{"embeddable":true,"href":"https:\/\/ovelanalista.com\/index.php?rest_route=\/wp\/v2\/media\/117230"}],"wp:attachment":[{"href":"https:\/\/ovelanalista.com\/index.php?rest_route=%2Fwp%2Fv2%2Fmedia&parent=117228"}],"wp:term":[{"taxonomy":"category","embeddable":true,"href":"https:\/\/ovelanalista.com\/index.php?rest_route=%2Fwp%2Fv2%2Fcategories&post=117228"},{"taxonomy":"post_tag","embeddable":true,"href":"https:\/\/ovelanalista.com\/index.php?rest_route=%2Fwp%2Fv2%2Ftags&post=117228"}],"curies":[{"name":"wp","href":"https:\/\/api.w.org\/{rel}","templated":true}]}}