{"id":117628,"date":"2025-04-04T11:30:24","date_gmt":"2025-04-04T18:30:24","guid":{"rendered":"https:\/\/ovelanalista.com\/?p=117628"},"modified":"2025-04-04T09:30:00","modified_gmt":"2025-04-04T16:30:00","slug":"pega-violencia-en-sinaloa-a-empleados-de-restaurantes-y-bares","status":"publish","type":"post","link":"https:\/\/ovelanalista.com\/?p=117628","title":{"rendered":"Pega violencia en Sinaloa a empleados de restaurantes y bares"},"content":{"rendered":"<div id=\"article-content-tts\" class=\"nota-contenido mb-5\">\n<div id=\"content_nitf\">\n<p class=\"nota-justify\">Juan S. Mill\u00e1n ve desfilar por el restaurante de su propiedad a pol\u00edticos de todos los colores. Muchas veces se acercan a saludarlo y a conversar con \u00e9l. Mill\u00e1n fue gobernador de Sinaloa de 1999 a 2004, tras una elecci\u00f3n en la que se impuso al panista Emilio Goicochea y al ahora gobernador Rub\u00e9n Rocha Moya, quien entonces contendi\u00f3 con las siglas del PRD.<\/p>\n<p class=\"nota-justify\">Al finalizar su mandato, Mill\u00e1n puso en la silla a su antiguo socio Jes\u00fas Aguilar Padilla, quien \u2013concluido su periodo\u2013 impuls\u00f3 para sucederlo al empresario Jes\u00fas Vizcarra (SuKarne, Salud Digna). Mill\u00e1n se inconform\u00f3 y, por debajo, apoy\u00f3 a Mario L\u00f3pez Valdez, quien hab\u00eda roto con el PRI (hoy, nuevamente, es due\u00f1o de lo que queda de ese partido en la entidad).<\/p>\n<p class=\"nota-justify\">Mill\u00e1n fue durante largos a\u00f1os la cara &#8220;moderna&#8221; de la Confederaci\u00f3n de Trabajadores de M\u00e9xico (CTM), y uno de los consentidos de Fidel Vel\u00e1zquez.<\/p>\n<p class=\"nota-justify\">Teniendo en cuenta esos antecedentes, se le pregunta:<\/p>\n<p class=\"nota-justify\">\u2013\u00bfC\u00f3mo ve a la CTM?<\/p>\n<p class=\"nota-justify\">\u2013\u00bfCu\u00e1l? No queda nada.<\/p>\n<p class=\"nota-justify\">La pregunta es s\u00f3lo para abrir boca y hablar de la situaci\u00f3n actual de la entidad que gobern\u00f3.<\/p>\n<p class=\"nota-justify\">Mill\u00e1n mira hacia sus espaldas, al ventanal del restaurante, como si reviviera el d\u00eda del primer\u00a0<i>culiacanazo<\/i>, el 17 de octubre de 2019, cuando ocurri\u00f3 la fallida operaci\u00f3n para aprehender a Ovidio Guzm\u00e1n L\u00f3pez.<\/p>\n<p class=\"nota-justify\">&#8220;Hasta ac\u00e1 se escuchaban los balazos, estaban como a 150 metros&#8221;, dice el ex gobernador.<\/p>\n<p class=\"nota-justify\">Cuenta con cierto detalle las amenazas que, por radio, lanzaban los delincuentes: que iban a ir a quemar las casas de los militares con sus familias adentro. Era, dice, &#8220;una voz con mucha autoridad&#8221;.<\/p>\n<p class=\"nota-justify\">Mill\u00e1n, de 82 a\u00f1os, habla con desparpajo de la clase pol\u00edtica. Jura, por ejemplo, que no escribir\u00e1 sus memorias para no hacer el &#8220;rid\u00edculo&#8221; como Francisco Labastida y barajea, con mucho conocimiento, los nombres de las y los aspirantes a suceder a Rocha Moya.<\/p>\n<p class=\"nota-justify\">Cuando habla de los delincuentes, en cambio, es m\u00e1s cuidadoso. Refiere &#8220;informaci\u00f3n que circula&#8221; en las redes sociales, videos que muchos otros han visto y que dan por buenos.<\/p>\n<p class=\"nota-justify\">Hace referencia, por ejemplo, al control que\u00a0<i>Los Chapitos<\/i>\u00a0tienen sobre el riego agr\u00edcola.<\/p>\n<p class=\"nota-justify\">Y refiere acerca de un video en el cual el encargado de un m\u00f3dulo de riego explica el modo de operar de los delincuentes: nueve de cada 10 pesos que pagan los agricultores por el servicio van a parar a manos de\u00a0<i>la ma\u00f1a<\/i>.<\/p>\n<p class=\"nota-justify\">En el gobierno federal cuentan con informaci\u00f3n de que ese control habr\u00eda agravado la escasez que padecen las presas del estado, que actualmente est\u00e1n s\u00f3lo a 8 por ciento de su capacidad.<\/p>\n<p class=\"nota-justify\">\u2013\u00bfCu\u00e1ndo va a terminar esto?<\/p>\n<p class=\"nota-justify\">\u2013Cuando se les acabe el dinero (para mantener a sus ej\u00e9rcitos), ya no tarda.<\/p>\n<p class=\"nota-justify\">En la misma charla, Mill\u00e1n, agrega: &#8220;O tal vez como dijo el general: cuando ellos quieran&#8221;.<\/p>\n<p class=\"nota-justify\">El ex gobernador se refiere a la declaraci\u00f3n del general Francisco Jes\u00fas Leana Ojeda, que en septiembre de 2024, luego de los primeros d\u00edas de enfrentamientos, dijo que esperaba que la violencia se detuviera &#8220;lo m\u00e1s r\u00e1pidamente posible, pero no depende de nosotros, depende de los grupos antag\u00f3nicos, que dejen de hacer confrontaci\u00f3n entre ellos y que est\u00e9n dejando a la poblaci\u00f3n en paz para que viva con tranquilidad&#8221;.<\/p>\n<p class=\"nota-justify\">Poco despu\u00e9s, el militar fue cambiado de adscripci\u00f3n.<\/p>\n<p class=\"nota-justify\"><strong>El mercadito de los d\u00f3lares<\/strong><\/p>\n<p class=\"nota-justify\">Estados Unidos acaba de apretar las tuercas, a trav\u00e9s del Departamento del Tesoro, al bloquear propiedades y cuentas de seis personas y siete empresas a las que se\u00f1al\u00f3 como responsables de lavar dinero &#8220;del negocio narcoterrorista del c\u00e1rtel de Sinaloa&#8221;.<\/p>\n<p class=\"nota-justify\">La otra cara de la moneda est\u00e1 en Culiac\u00e1n. En la calle Ju\u00e1rez y sus alrededores, en pleno centro hist\u00f3rico de la ciudad, hombres y mujeres esperan a sus clientes. Equipados con sombrillas sostenidas en rines de autos con cemento, y sentados en sillas altas, hacen se\u00f1as que invitan a los automovilistas a acercarse. Venden y compran d\u00f3lares.<\/p>\n<p class=\"nota-justify\">\u2013\u00bfA c\u00f3mo recibe?<\/p>\n<p class=\"nota-justify\">\u2013A 18.90, bien\u00a0<i>pagao<\/i>, amigo.<\/p>\n<p class=\"nota-justify\">&#8220;Te compran o venden lo que quieras, 10, 20, 50 mil d\u00f3lares&#8221;, dice un culichi que ha llevado a m\u00e1s de un periodista a recorrer el lugar.<\/p>\n<p class=\"nota-justify\">Para comprar cualquier cantidad no se necesita, por supuesto, ninguna identificaci\u00f3n. &#8220;Esto no ha parado nunca&#8221;.<\/p>\n<p class=\"nota-justify\"><strong>El miedo de interpretar temas de Peso Pluma<\/strong><\/p>\n<p class=\"nota-justify\">Entre los primeros en perder sus fuentes de ingresos estuvieron los trabajadores de restaurantes, bares y salones de fiestas. Personal de cocina, meseros y m\u00fasicos que en los primeros meses del conflicto recibieron del gobierno una ayuda especial de 2 mil 500 pesos por cabeza.<\/p>\n<p class=\"nota-justify\">Algunos optaron por convertirse en conductores de taxis por aplicaci\u00f3n. Pero no es un trabajo exento de riesgos: &#8220;Ya hemos perdido seis elementos&#8221;, dice un conductor de Didi.<\/p>\n<p class=\"nota-justify\">Algunos de los cad\u00e1veres han sido encontrados con un cartel encima: &#8220;Sigan ruleteando y los vamos a joder&#8221;.<\/p>\n<p class=\"nota-justify\">El conductor relata que con frecuencia son detenidos en retenes de la delincuencia y que los &#8220;malandros&#8221; les exigen mostrar su tel\u00e9fono: \u201cNi traes prendida la aplicaci\u00f3n, andas de\u00a0<i>halc\u00f3n<\/i>\u201d, suelen decirles.<\/p>\n<p class=\"nota-justify\">&#8220;Si no traes una rayita en el mapa, la que indica que vas por un pasajero o que la persona que viaja contigo solicit\u00f3 el servicio, ya te fregaste.&#8221;<\/p>\n<p class=\"nota-justify\">Los delincuentes tambi\u00e9n suelen revisar a detalle los tel\u00e9fonos en busca de mensajes o fotos que indiquen su pertenencia a un bando.<\/p>\n<p class=\"nota-justify\">Los m\u00fasicos, por su lado, tocan ahora en los cruceros, han bajado sus tarifas para atraer clientes, o se contratan por una o dos horas cuando antes lo normal eran sesiones de cinco o m\u00e1s horas.<\/p>\n<p class=\"nota-justify\">Manuel Humberto Rodr\u00edguez, m\u00fasico de &#8220;norte\u00f1o cl\u00e1sico&#8221;, es quien habla de las penurias de los hombres y mujeres que animaban las fiestas, y que van m\u00e1s all\u00e1 de la p\u00e9rdida de ingresos.<\/p>\n<p class=\"nota-justify\">Hace poco lo contrataron para ir a tocar dos horas a una fiesta en la colonia Libertad. En la celebraci\u00f3n hab\u00eda &#8220;un morrito como de cinco a\u00f1os friegue y friegue con que toc\u00e1ramos una de Peso Pluma&#8221;.<\/p>\n<p class=\"nota-justify\">La\u00a0<i>vox populi<\/i>\u00a0relaciona al cantante de corridos tumbados con la facci\u00f3n de\u00a0<i>Los Chapitos<\/i>, de manera que Rodr\u00edguez y sus compa\u00f1eros se pusieron nerviosos.<\/p>\n<p class=\"nota-justify\">No fuera a ser que tocaran una canci\u00f3n que no fuera del gusto de alg\u00fan vecino. &#8220;Nos la sacamos diciendo que nosotros somos m\u00fasicos de norte\u00f1o, pero de la vieja escuela, puras canciones viejitas&#8221;.<\/p>\n<p class=\"nota-justify\"><strong>Las jugadas y las\u00a0<\/strong><i><strong>chelas<\/strong><\/i><\/p>\n<p class=\"nota-justify\">El gobierno de Estados Unidos considera al c\u00e1rtel de Sinaloa una organizaci\u00f3n &#8220;terrorista&#8221; y lo responsabiliza de enviar a su territorio &#8220;una parte significativa&#8221; del &#8220;fentanilo il\u00edcito&#8221;.<\/p>\n<p class=\"nota-justify\">En Sinaloa, adem\u00e1s, hace mucho que las facciones del grupo criminal se allegan recursos de variadas maneras.<\/p>\n<p class=\"nota-justify\">En Mazatl\u00e1n, un lugare\u00f1o se\u00f1ala dos edificios que se construyen en su colonia y pide mirar el logo de la inmobiliaria: &#8220;24\/7&#8221;, dicen los letreros. \u201cEsa es de\u00a0<i>Los Chapitos<\/i>\u00a0y desde que empez\u00f3 la guerra la obra est\u00e1 parada\u201d.<\/p>\n<p class=\"nota-justify\">Desde hace una d\u00e9cada,\u00a0<i>Los Chapitos<\/i>\u00a0se hicieron del control de locales conocidos como &#8220;jugadas&#8221;, negocios de maquinitas tragamonedas. En esos mismos espacios y en todas las tienditas controlan tambi\u00e9n la venta de vapeadores y de cigarrillos ilegales.<\/p>\n<p class=\"nota-justify\">&#8220;Aqu\u00ed dejamos de vender cerveza a las cuatro&#8221;, dice el empleado de una cadena de tiendas de conveniencia. &#8220;Pero camine derecho, all\u00e1 por el puente cierran hasta las 10&#8221;.<\/p>\n<p class=\"nota-justify\">Tanto en Mazatl\u00e1n como en Culiac\u00e1n, seg\u00fan diversos testimonios, los negocios legales pueden vender cerveza s\u00f3lo hasta las 8 de la noche, y no hay qui\u00e9n se atreva a romper la regla. A partir de esa hora, la venta del muy consumido l\u00edquido est\u00e1 en manos de los delincuentes.<\/p>\n<\/div>\n<\/div>\n<div class=\"notas-relacionadas\"><\/div>\n<div>Con informaci\u00f3n de La Jornada<\/div>\n","protected":false},"excerpt":{"rendered":"<p>Juan S. Mill\u00e1n ve desfilar por el restaurante de su propiedad a pol\u00edticos de todos los colores. Muchas veces se acercan a saludarlo y a conversar con \u00e9l. Mill\u00e1n fue gobernador de Sinaloa de 1999 a 2004, tras una elecci\u00f3n en la que se impuso al panista Emilio Goicochea y al ahora gobernador Rub\u00e9n Rocha Moya, quien entonces contendi\u00f3 con las siglas del PRD. Al finalizar su mandato, Mill\u00e1n puso en la silla a su antiguo socio Jes\u00fas Aguilar Padilla, quien \u2013concluido su periodo\u2013 impuls\u00f3 para sucederlo al empresario Jes\u00fas Vizcarra (SuKarne, Salud Digna). Mill\u00e1n se inconform\u00f3 y, por debajo, [&hellip;]<\/p>\n","protected":false},"author":3,"featured_media":117631,"comment_status":"open","ping_status":"open","sticky":false,"template":"","format":"standard","meta":{"_jetpack_newsletter_access":"","_jetpack_dont_email_post_to_subs":false,"_jetpack_newsletter_tier_id":0,"_jetpack_memberships_contains_paywalled_content":false,"_jetpack_feature_clip_id":0,"_jetpack_memberships_contains_paid_content":false,"footnotes":"","jetpack_publicize_message":"","jetpack_publicize_feature_enabled":true,"jetpack_social_post_already_shared":true,"jetpack_social_options":{"image_generator_settings":{"template":"highway","default_image_id":0,"font":"","enabled":false},"version":2},"jetpack_post_was_ever_published":false},"categories":[90,72],"tags":[],"class_list":["post-117628","post","type-post","status-publish","format-standard","has-post-thumbnail","hentry","category-estatal","category-portada","post--single"],"jetpack_publicize_connections":[],"jetpack_featured_media_url":"https:\/\/ovelanalista.com\/wp-content\/uploads\/2025\/04\/pega-violencia-en-sinaloa-a-empleados-de-restaurantes-y-bares_f1090b36-d8f3-4e79-a825-7f3b624d9cb6_medialjnimgndimagefullsize.webp","jetpack_sharing_enabled":true,"_links":{"self":[{"href":"https:\/\/ovelanalista.com\/index.php?rest_route=\/wp\/v2\/posts\/117628","targetHints":{"allow":["GET"]}}],"collection":[{"href":"https:\/\/ovelanalista.com\/index.php?rest_route=\/wp\/v2\/posts"}],"about":[{"href":"https:\/\/ovelanalista.com\/index.php?rest_route=\/wp\/v2\/types\/post"}],"author":[{"embeddable":true,"href":"https:\/\/ovelanalista.com\/index.php?rest_route=\/wp\/v2\/users\/3"}],"replies":[{"embeddable":true,"href":"https:\/\/ovelanalista.com\/index.php?rest_route=%2Fwp%2Fv2%2Fcomments&post=117628"}],"version-history":[{"count":1,"href":"https:\/\/ovelanalista.com\/index.php?rest_route=\/wp\/v2\/posts\/117628\/revisions"}],"predecessor-version":[{"id":117632,"href":"https:\/\/ovelanalista.com\/index.php?rest_route=\/wp\/v2\/posts\/117628\/revisions\/117632"}],"wp:featuredmedia":[{"embeddable":true,"href":"https:\/\/ovelanalista.com\/index.php?rest_route=\/wp\/v2\/media\/117631"}],"wp:attachment":[{"href":"https:\/\/ovelanalista.com\/index.php?rest_route=%2Fwp%2Fv2%2Fmedia&parent=117628"}],"wp:term":[{"taxonomy":"category","embeddable":true,"href":"https:\/\/ovelanalista.com\/index.php?rest_route=%2Fwp%2Fv2%2Fcategories&post=117628"},{"taxonomy":"post_tag","embeddable":true,"href":"https:\/\/ovelanalista.com\/index.php?rest_route=%2Fwp%2Fv2%2Ftags&post=117628"}],"curies":[{"name":"wp","href":"https:\/\/api.w.org\/{rel}","templated":true}]}}