{"id":117633,"date":"2025-04-04T11:40:03","date_gmt":"2025-04-04T18:40:03","guid":{"rendered":"https:\/\/ovelanalista.com\/?p=117633"},"modified":"2025-04-04T09:34:36","modified_gmt":"2025-04-04T16:34:36","slug":"la-violencia-en-sinaloa-solo-vino-a-exhibir-carencias-de-rocha-moya","status":"publish","type":"post","link":"https:\/\/ovelanalista.com\/?p=117633","title":{"rendered":"La violencia en Sinaloa s\u00f3lo vino a exhibir carencias de Rocha Moya"},"content":{"rendered":"<p class=\"s-s\">Pascual Rodr\u00edguez Pay\u00e1n no deber\u00eda ser mencionado en esta ni en ninguna nota period\u00edstica. Entre otras cosas, porque fue un maestro rural que\u00a0<q>ten\u00eda vocaci\u00f3n humana y apostolado<\/q>,\u00a0<q>contaba con una inestimable fibra humana, era solidario y muy servicial<\/q>, y porque en una comunidad de la sierra de Sinaloa busc\u00f3 que ni\u00f1os y j\u00f3venes no tuvieran como \u00fanico horizonte las filas del narcotr\u00e1fico.<\/p>\n<p>Pascual Rodr\u00edguez no existe. Es personaje, apenas, de una novela, la que escribi\u00f3 en 2013 el ahora gobernador de Sinaloa Rub\u00e9n Rocha Moya, con el sugerente t\u00edtulo de\u00a0<em>El disimulo: as\u00ed naci\u00f3 el narco<\/em>, una ficci\u00f3n surgida de la historia de vida del escritor, que naci\u00f3 en Badiraguato y fue maestro rural.<\/p>\n<p>Rocha fue un l\u00edder desde su primera juventud. Estudi\u00f3 en la escuela normal de El Quinto, Sonora, y fue presidente de la Federaci\u00f3n de Estudiantes Campesinos Socialistas de M\u00e9xico, la misma que en otro momento encabez\u00f3 Lucio Caba\u00f1as.<\/p>\n<p>Unos a\u00f1os m\u00e1s tarde, Rocha particip\u00f3 en el MAR (Movimiento Armado Revolucionario), uno de los afluentes guerrilleros de la \u00e9poca. Nunca lleg\u00f3 a tomar\u00a0<em>los fierros<\/em>\u00a0(porque le fallaron a la hora de la cita rumbo a la clandestinidad, o porque se arrepinti\u00f3, seg\u00fan la versi\u00f3n que se d\u00e9 por buena). Le dio, en cambio, por la vida acad\u00e9mica, que lo llevar\u00eda a ser rector de la Universidad Aut\u00f3noma de Sinaloa.<\/p>\n<p>Ese cargo fue la plataforma de lanzamiento de una carrera pol\u00edtica que lo llev\u00f3 a ser candidato del PRD a la gubernatura (lo hab\u00eda sido antes, en 1986, en una de las primeras incursiones electorales de la izquierda). Era 1998 y el presidente del partido del sol azteca se llamaba Andr\u00e9s Manuel L\u00f3pez Obrador.<\/p>\n<p><q>A Rocha le lleg\u00f3 muy tarde la gubernatura<\/q>, coinciden analistas locales. En 1998 fue un candidato\u00a0<q>joven, muy articulado<\/q>, en palabras del investigador universitario Ronaldo Gonz\u00e1lez, quien lo conoce de siempre. Rocha logr\u00f3 la proeza de obtener 19 por ciento de los votos. Seis a\u00f1os atr\u00e1s, el PRD apenas hab\u00eda ara\u00f1ado 4 por ciento.<\/p>\n<p>\u2013\u00bfLe echaron una manita para que no creciera el PAN?<\/p>\n<p>\u2013Claro, y despu\u00e9s se la seguimos echando; los seguimos ayudando cuando Feliciano Castro (hoy secretario de Gobierno) era el presidente del PRD, dice el ex gobernador Juan S. Mill\u00e1n (PRI).<\/p>\n<p>Tras su candidatura, Rocha colabor\u00f3 mediante una consultor\u00eda con el gobierno de Mill\u00e1n. En el siguiente sexenio, su amistad con Jes\u00fas Aguilar Padilla lo hizo coordinador de asesores, cargo en el que repetir\u00eda con otro mandatario estatal, Quirino Ordaz, ahora diplom\u00e1tico en Espa\u00f1a.<\/p>\n<p>En esos tiempos, bajaba de las oficinas del gobernador\u00a0<q>enojad\u00edsimo con los empresarios que rodeaban a Quirino, pues se quejaba siempre de que eran inmediatistas, que no ten\u00edan visi\u00f3n estrat\u00e9gica<\/q>, dice un antiguo compa\u00f1ero de gabinete de Rocha.<\/p>\n<p>\u00bfLa raz\u00f3n? Que al aceptar el cargo con Ordaz, Rocha hab\u00eda solicitado que a la coordinaci\u00f3n de asesores se le agregara\u00a0<q>y pol\u00edticas p\u00fablicas<\/q>.<\/p>\n<p>\u201c<em>El disimulo&#8230;<\/em>\u00a0es una forma de ocultar o de fingir que la realidad es otra o inexistente, encubrir o permitir la transgresi\u00f3n de la ley, del precepto, a cambio de prebendas o sobornos\u201d, explica, en la contratapa del libro de Rocha (202 p\u00e1ginas), su amigo Florentino Castro, un pol\u00edtico hecho en el PRI que asume como gu\u00eda a Beatriz Paredes.<\/p>\n<p>La novela\u00a0<em>El disimulo&#8230;<\/em>\u00a0se public\u00f3 en 2013, cuando Rocha era alto funcionario en el Instituto de Seguridad y Servicios Sociales de los Trabajadores del Estado (Issste), justo en una de las \u00e9pocas en las que ocurri\u00f3 el\u00a0<q>saqueo<\/q>\u00a0de la instituci\u00f3n largamente denunciado en las conferencias matutinas presidenciales.<\/p>\n<p>Hacia 2017, viv\u00eda en la Ciudad de M\u00e9xico y volvi\u00f3 a acercarse a su viejo conocido L\u00f3pez Obrador. El siguiente paso fue su senadur\u00eda en 2018, antesala de la gubernatura.<\/p>\n<p>En su camino al gobierno del estado, tuvo trato con personajes como Jes\u00fas Estrada Ferreiro, representante del obradorismo en la entidad, con quien termin\u00f3 de pleito y a quien hizo abandonar la presidencia municipal de Culiac\u00e1n.<\/p>\n<p>Por esos tiempos tambi\u00e9n tuvo muy buena relaci\u00f3n con Ignacio Mier, encargado de la entidad por Morena. Con \u00e9l y otros, Rocha decidi\u00f3 incorporar a su campa\u00f1a a su enemigo de siempre, H\u00e9ctor Melesio Cu\u00e9n, cacique de la Universidad de Sinaloa que, seg\u00fan Ismael\u00a0<em>El Mayo<\/em>\u00a0Zambada, fue asesinado en una reuni\u00f3n con los l\u00edderes pol\u00edticos del estado, el mismo d\u00eda que se lo llevaron a Texas en un avi\u00f3n.<\/p>\n<p>Muchos compa\u00f1eros de Rocha, que hab\u00edan padecido a Cu\u00e9n en la UAS \u2013el espacio natural y casi \u00fanico de la izquierda sinaloense\u2013 se opusieron. Otros le advirtieron sobre los v\u00ednculos de Cu\u00e9n con la delincuencia. Al final, \u201cprevaleci\u00f3 el criterio de que hab\u00eda que asegurar el triunfo.<\/p>\n<p><q>Yo sigo metiendo las manos al fuego por Rocha, pero en el caso de Cu\u00e9n se equivoc\u00f3<\/q>, dice en Maza-tl\u00e1n el respetado acad\u00e9mico Arturo Santamar\u00eda.<\/p>\n<p>El caso es que la buena relaci\u00f3n dur\u00f3 poco. Por su aporte electoral, que no fue realmente muy significativo, Cu\u00e9n se cre\u00eda merecedor de la Secretar\u00eda de Gobierno. Le dieron otra, menor, y luego la ruptura fue completa. Termin\u00f3 en las filas de la alianza opositora. En la campa\u00f1a de 2024, X\u00f3chitl G\u00e1lvez le agradeci\u00f3 de manera c\u00e1lida:\u00a0<q>tu \u00e1nimo se nota; tu gente, tus seguidores son gente entrona y juntos lo vamos a lograr para bien de Sinaloa, porque Sinaloa merece m\u00e1s, M\u00e9xico merece m\u00e1s<\/q>.<\/p>\n<p>Al ser asesinado, en el episodio de la captura de\u00a0<em>El Mayo<\/em>\u00a0todav\u00eda no esclarecido, Cu\u00e9n era diputado federal electo.<\/p>\n<p class=\"sumario\">Se cre\u00eda blindado<\/p>\n<p class=\"s-s\">La comunicaci\u00f3n nunca ha sido una fortaleza de Rocha y su gobierno. Como otros gobernadores de Morena, quiso replicar el modelo de L\u00f3pez Obrador. Fracas\u00f3, igual que los dem\u00e1s, porque se cre\u00eda blindado.<\/p>\n<p><q>\u00c9l quiere estar donde mismo, porque es donde acosa. No puede estar donde mismo porque ya est\u00e1 comprobado que acosa<\/q>, dijo, en octubre de 2023, sobre un funcionario al que decidi\u00f3 proteger\u00a0<q>porque era su ahijado<\/q>, seg\u00fan cuentan en estas tierras.<\/p>\n<p>La crisis de violencia s\u00f3lo vino a exhibir carencias que quiz\u00e1 antes no pasaron de notas secundarias.<\/p>\n<p>Ahora, acotado por el gobierno federal, Rocha no da entrevistas, pero es incapaz de abandonar sus conferencias semanales, sus discursos en eventos controlados y sus declaraciones banqueteras.<\/p>\n<p>Si las presas de Sinaloa est\u00e1n a 8 por ciento de su capacidad y la crisis h\u00eddrica tiene que ver con el control delincuencial del riego, el gobernador declara que ya le pidi\u00f3 ayuda a San Judas Tadeo\u00a0<q>que nos traiga agua<\/q>. Si le preguntan sobre hechos de violencia en particular, responde con desparpajo que no tiene la informaci\u00f3n. Si un medio local publica cifras sobre las p\u00e9rdidas econ\u00f3micas derivadas de la guerra entre delincuentes, las minimiza, las tacha de amarillistas y pide que mejor se hable del Carnaval de Mazatl\u00e1n.<\/p>\n<p>Todo, con el tel\u00f3n de fondo de la violencia que no termina y con una crisis que toca el coraz\u00f3n de la econom\u00eda sinaloense.<\/p>\n<p>Un bot\u00f3n: en un comunicado dado a conocer este jueves, el Colegio de Economistas de Sinaloa llama la atenci\u00f3n sobre la crisis del agua: afirma que la Conagua ha decidido cerrar ya cinco presas al riego agr\u00edcola, con la finalidad de garantizar el consumo humano. Con ello, afirman, dejar\u00e1n de sembrase 320 mil hect\u00e1reas.<\/p>\n<p><q>Esta situaci\u00f3n de sequ\u00eda generalizada, y la falta de acciones gubernamentales para mitigar su impacto, provocar\u00e1n que 2025 sea un a\u00f1o sin crecimiento econ\u00f3mico, con elevado desempleo y con mayor pobreza, sobre todo de las familias rurales<\/q>, dicen los economistas.<\/p>\n<p><q>C\u00e1mbienme ese dato; est\u00e1 muy feo<\/q>, dir\u00eda el gobernador Rocha.<\/p>\n<p>Con informaci\u00f3n de La Jornada<\/p>\n","protected":false},"excerpt":{"rendered":"<p>Pascual Rodr\u00edguez Pay\u00e1n no deber\u00eda ser mencionado en esta ni en ninguna nota period\u00edstica. Entre otras cosas, porque fue un maestro rural que\u00a0ten\u00eda vocaci\u00f3n humana y apostolado,\u00a0contaba con una inestimable fibra humana, era solidario y muy servicial, y porque en una comunidad de la sierra de Sinaloa busc\u00f3 que ni\u00f1os y j\u00f3venes no tuvieran como \u00fanico horizonte las filas del narcotr\u00e1fico. Pascual Rodr\u00edguez no existe. Es personaje, apenas, de una novela, la que escribi\u00f3 en 2013 el ahora gobernador de Sinaloa Rub\u00e9n Rocha Moya, con el sugerente t\u00edtulo de\u00a0El disimulo: as\u00ed naci\u00f3 el narco, una ficci\u00f3n surgida de la historia [&hellip;]<\/p>\n","protected":false},"author":3,"featured_media":117640,"comment_status":"open","ping_status":"open","sticky":false,"template":"","format":"standard","meta":{"_jetpack_newsletter_access":"","_jetpack_dont_email_post_to_subs":false,"_jetpack_newsletter_tier_id":0,"_jetpack_memberships_contains_paywalled_content":false,"_jetpack_feature_clip_id":0,"_jetpack_memberships_contains_paid_content":false,"footnotes":"","jetpack_publicize_message":"","jetpack_publicize_feature_enabled":true,"jetpack_social_post_already_shared":true,"jetpack_social_options":{"image_generator_settings":{"template":"highway","default_image_id":0,"font":"","enabled":false},"version":2},"jetpack_post_was_ever_published":false},"categories":[90,72],"tags":[],"class_list":["post-117633","post","type-post","status-publish","format-standard","has-post-thumbnail","hentry","category-estatal","category-portada","post--single"],"jetpack_publicize_connections":[],"jetpack_featured_media_url":"https:\/\/ovelanalista.com\/wp-content\/uploads\/2025\/04\/militares-1.jpg","jetpack_sharing_enabled":true,"_links":{"self":[{"href":"https:\/\/ovelanalista.com\/index.php?rest_route=\/wp\/v2\/posts\/117633","targetHints":{"allow":["GET"]}}],"collection":[{"href":"https:\/\/ovelanalista.com\/index.php?rest_route=\/wp\/v2\/posts"}],"about":[{"href":"https:\/\/ovelanalista.com\/index.php?rest_route=\/wp\/v2\/types\/post"}],"author":[{"embeddable":true,"href":"https:\/\/ovelanalista.com\/index.php?rest_route=\/wp\/v2\/users\/3"}],"replies":[{"embeddable":true,"href":"https:\/\/ovelanalista.com\/index.php?rest_route=%2Fwp%2Fv2%2Fcomments&post=117633"}],"version-history":[{"count":1,"href":"https:\/\/ovelanalista.com\/index.php?rest_route=\/wp\/v2\/posts\/117633\/revisions"}],"predecessor-version":[{"id":117641,"href":"https:\/\/ovelanalista.com\/index.php?rest_route=\/wp\/v2\/posts\/117633\/revisions\/117641"}],"wp:featuredmedia":[{"embeddable":true,"href":"https:\/\/ovelanalista.com\/index.php?rest_route=\/wp\/v2\/media\/117640"}],"wp:attachment":[{"href":"https:\/\/ovelanalista.com\/index.php?rest_route=%2Fwp%2Fv2%2Fmedia&parent=117633"}],"wp:term":[{"taxonomy":"category","embeddable":true,"href":"https:\/\/ovelanalista.com\/index.php?rest_route=%2Fwp%2Fv2%2Fcategories&post=117633"},{"taxonomy":"post_tag","embeddable":true,"href":"https:\/\/ovelanalista.com\/index.php?rest_route=%2Fwp%2Fv2%2Ftags&post=117633"}],"curies":[{"name":"wp","href":"https:\/\/api.w.org\/{rel}","templated":true}]}}