{"id":117637,"date":"2025-04-04T11:50:10","date_gmt":"2025-04-04T18:50:10","guid":{"rendered":"https:\/\/ovelanalista.com\/?p=117637"},"modified":"2025-04-04T09:36:17","modified_gmt":"2025-04-04T16:36:17","slug":"resumen-3-personas-asesinadas-6-levantadas-y-11-autos-robados-en-sinaloa-el-saldo-rojo-del-03-abril-2025","status":"publish","type":"post","link":"https:\/\/ovelanalista.com\/?p=117637","title":{"rendered":"RESUMEN: 3 personas asesinadas, 6 &#8216;levantadas&#8217; y 11 autos robados en Sinaloa, el saldo rojo del 03 Abril 2025"},"content":{"rendered":"<div class=\"itemIntroText\">\n<p><strong>Culiac\u00e1n, Sinaloa.- La Fiscal\u00eda General del Estado de Sinaloa (FGE) inform\u00f3 que el jueves 03 de abril del 2025 se registraron 2 carpetas de investigaci\u00f3n por el delito de homicidio doloso, debido a la localizaci\u00f3n de 3 personas sin vida en la entidad.<\/strong><\/p>\n<\/div>\n<div class=\"itemFullText\">\n<p>&nbsp;<\/p>\n<p>La Fiscal\u00eda General del Estado de Sinaloa (FGE) inform\u00f3 que el jueves 03 de abril del 2025 se registraron 2 carpetas de investigaci\u00f3n por el delito de homicidio doloso, debido a la localizaci\u00f3n de 3 personas sin vida en la entidad.<\/p>\n<p>En Culiac\u00e1n, una de las personas asesinadas se localiz\u00f3 en la Avenida Patria y dos m\u00e1s en la Colonia Emiliano Zapata.<\/p>\n<p>En la Unidad Especializada en Robo de Veh\u00edculo Regi\u00f3n Centro se registraron 11 denuncias por el delito de robo de veh\u00edculo, las cuales quedaron debidamente registradas en carpeta de investigaci\u00f3n.<\/p>\n<p>En la Fiscal\u00eda Especializada en Desaparici\u00f3n Forzada de Personas, se registraron 6 denuncias en el municipio de Culiac\u00e1n por el delito de privaci\u00f3n de la libertad personal.<\/p>\n<p>La Fiscal\u00eda General del Estado de Sinaloa (FGE) reiter\u00f3 su compromiso de mantener informada a la sociedad con datos oficiales que provienen de las denuncias que se formalizan ante las Unidades y Agencias del Ministerio P\u00fablico.<\/p>\n<div class=\"bt-social-share-button bt-facebook-like-button\">Con informaci\u00f3n de Viva Voz<\/div>\n<\/div>\n","protected":false},"excerpt":{"rendered":"<p>Culiac\u00e1n, Sinaloa.- La Fiscal\u00eda General del Estado de Sinaloa (FGE) inform\u00f3 que el jueves 03 de abril del 2025 se registraron 2 carpetas de investigaci\u00f3n por el delito de homicidio doloso, debido a la localizaci\u00f3n de 3 personas sin vida en la entidad. &nbsp; La Fiscal\u00eda General del Estado de Sinaloa (FGE) inform\u00f3 que el jueves 03 de abril del 2025 se registraron 2 carpetas de investigaci\u00f3n por el delito de homicidio doloso, debido a la localizaci\u00f3n de 3 personas sin vida en la entidad. En Culiac\u00e1n, una de las personas asesinadas se localiz\u00f3 en la Avenida Patria y dos [&hellip;]<\/p>\n","protected":false},"author":3,"featured_media":117643,"comment_status":"open","ping_status":"open","sticky":false,"template":"","format":"standard","meta":{"_jetpack_newsletter_access":"","_jetpack_dont_email_post_to_subs":false,"_jetpack_newsletter_tier_id":0,"_jetpack_memberships_contains_paywalled_content":false,"_jetpack_feature_clip_id":0,"_jetpack_memberships_contains_paid_content":false,"footnotes":"","jetpack_publicize_message":"","jetpack_publicize_feature_enabled":true,"jetpack_social_post_already_shared":true,"jetpack_social_options":{"image_generator_settings":{"template":"highway","default_image_id":0,"font":"","enabled":false},"version":2},"jetpack_post_was_ever_published":false},"categories":[90,72],"tags":[],"class_list":["post-117637","post","type-post","status-publish","format-standard","has-post-thumbnail","hentry","category-estatal","category-portada","post--single"],"jetpack_publicize_connections":[],"jetpack_featured_media_url":"https:\/\/ovelanalista.com\/wp-content\/uploads\/2025\/04\/Captura-de-Pantalla-2025-04-04-a-las-9.35.29.png","jetpack_sharing_enabled":true,"_links":{"self":[{"href":"https:\/\/ovelanalista.com\/index.php?rest_route=\/wp\/v2\/posts\/117637","targetHints":{"allow":["GET"]}}],"collection":[{"href":"https:\/\/ovelanalista.com\/index.php?rest_route=\/wp\/v2\/posts"}],"about":[{"href":"https:\/\/ovelanalista.com\/index.php?rest_route=\/wp\/v2\/types\/post"}],"author":[{"embeddable":true,"href":"https:\/\/ovelanalista.com\/index.php?rest_route=\/wp\/v2\/users\/3"}],"replies":[{"embeddable":true,"href":"https:\/\/ovelanalista.com\/index.php?rest_route=%2Fwp%2Fv2%2Fcomments&post=117637"}],"version-history":[{"count":1,"href":"https:\/\/ovelanalista.com\/index.php?rest_route=\/wp\/v2\/posts\/117637\/revisions"}],"predecessor-version":[{"id":117644,"href":"https:\/\/ovelanalista.com\/index.php?rest_route=\/wp\/v2\/posts\/117637\/revisions\/117644"}],"wp:featuredmedia":[{"embeddable":true,"href":"https:\/\/ovelanalista.com\/index.php?rest_route=\/wp\/v2\/media\/117643"}],"wp:attachment":[{"href":"https:\/\/ovelanalista.com\/index.php?rest_route=%2Fwp%2Fv2%2Fmedia&parent=117637"}],"wp:term":[{"taxonomy":"category","embeddable":true,"href":"https:\/\/ovelanalista.com\/index.php?rest_route=%2Fwp%2Fv2%2Fcategories&post=117637"},{"taxonomy":"post_tag","embeddable":true,"href":"https:\/\/ovelanalista.com\/index.php?rest_route=%2Fwp%2Fv2%2Ftags&post=117637"}],"curies":[{"name":"wp","href":"https:\/\/api.w.org\/{rel}","templated":true}]}}