{"id":117639,"date":"2025-04-04T12:10:07","date_gmt":"2025-04-04T19:10:07","guid":{"rendered":"https:\/\/ovelanalista.com\/?p=117639"},"modified":"2025-04-04T09:44:00","modified_gmt":"2025-04-04T16:44:00","slug":"detienen-a-mas-miembros-del-cartel-de-sinaloa-que-del-cjng","status":"publish","type":"post","link":"https:\/\/ovelanalista.com\/?p=117639","title":{"rendered":"Detienen a m\u00e1s miembros del C\u00e1rtel de Sinaloa que del CJNG"},"content":{"rendered":"<div class=\"Summary_summary__gpJTn\">\n<p class=\"Typography_text-xl__yFuoP Typography_weight-normal__pqUbH\">Dichas capturas y juicios no ser\u00e1n suficientes para desarticular a las organizaciones; en cambio, se requiere la cooperaci\u00f3n bilateral para detener a operadores, cabecillas e incluso pol\u00edticos coludidos con el crimen organizado: Mike Vigil.<\/p>\n<p class=\"Typography_text-l__QLRR8 Typography_weight-bold__uT6mq\"><strong>Aldo Canedo\u00a0<\/strong><\/p>\n<p class=\"Typography_text-default__P3otY Typography_weight-normal__pqUbH Typography_text-default__P3otY Typography_weight-normal__pqUbH\">La llegada de Donald Trump a la presidencia de<a class=\"AnnotatedMarkup_link__sO9N0\" href=\"https:\/\/oem.com.mx\/elsoldemexico\/mexico\/trabajaremos-juntos-con-eu-para-reducir-cruce-ilegal-del-fentanilo-sheinbaum-tras-llamada-con-trump-22022208\" target=\"_blank\" rel=\"nofollow noopener\">\u00a0<b class=\"bold\">Estados Unidos<\/b><\/a>\u00a0podr\u00eda beneficiar al\u00a0<a class=\"AnnotatedMarkup_link__sO9N0\" href=\"https:\/\/oem.com.mx\/elsoldemexico\/mexico\/inicia-campana-de-primera-eleccion-para-el-poder-judicial-en-mexico-22450059\" target=\"_blank\" rel=\"nofollow noopener\"><b class=\"bold\">crimen organizado<\/b><\/a><b class=\"bold\">\u00a0transnacional<\/b>, y particularmente a los\u00a0<b class=\"bold\">capos<\/b>\u00a0que se encuentran enjuiciados en y que este a\u00f1o recorrer\u00e1n los\u00a0<b class=\"bold\">Tribunales<\/b>.<\/p>\n<p class=\"Typography_text-default__P3otY Typography_weight-normal__pqUbH Typography_text-default__P3otY Typography_weight-normal__pqUbH\">\u201cAl crimen organizado le conviene la llegada de Trump. A\u00a0<b class=\"bold\"><a class=\"AnnotatedMarkup_link__sO9N0\" href=\"https:\/\/oem.com.mx\/elsoldemexico\/mexico\/los-29-capos-fueron-trasladados-a-eu-por-riesgo-de-que-fueran-liberados-sspc-21910895\" target=\"_blank\" rel=\"nofollow noopener\">Donald Trump no le importa nada combatir drogas<\/a><\/b>, \u00e9l dice que s\u00ed, pero hace todo al contrario. \u00c9l habla de M\u00e9xico acusando que\u00a0<b class=\"bold\">M\u00e9xico<\/b>\u00a0no hace nada, pero \u00e9l no habla nada de controlar las<b class=\"bold\">\u00a0armas de fuego\u00a0<\/b>que entran de los\u00a0<b class=\"bold\">Estados Unidos\u00a0<\/b>a M\u00e9xico, muchas de esas armas entran a manos de los c\u00e1rteles y los hace m\u00e1s poderosos y m\u00e1s violentos, aparte no habla nada de reducir la demanda, \u00e9l solo acusa y ataca a M\u00e9xico\u201d, consider\u00f3 Mike Vigil, exjefe de operaciones internacionales de la\u00a0<b class=\"bold\">Administraci\u00f3n de Control de Drogas (DEA)<\/b>\u00a0en entrevista con\u00a0<b class=\"bold\">El Sol de M\u00e9xico.<\/b><\/p>\n<div class=\"ad-wrapper mexico-nota-1x1\">\n<div id=\"\/2000002\/elsoldemexico\/mexico_nota_1x1\" class=\"ad mexico-nota-1x1\" data-testid=\"\/2000002\/elsoldemexico\/mexico_nota_1x1\" data-google-query-id=\"CPu__LjovowDFVXt9QIdPp8Efw\"><\/div>\n<\/div>\n<div class=\"ad-wrapper mexico-nota-1x3\">\n<div id=\"\/2000002\/elsoldemexico\/mexico_nota_1x3\" class=\"ad mexico-nota-1x3\" data-testid=\"\/2000002\/elsoldemexico\/mexico_nota_1x3\" data-google-query-id=\"CPy__LjovowDFVXt9QIdPp8Efw\">\n<div id=\"google_ads_iframe_\/2000002\/elsoldemexico\/mexico_nota_1x3_0__container__\"><\/div>\n<\/div>\n<\/div>\n<p class=\"Typography_text-default__P3otY Typography_weight-normal__pqUbH Typography_text-default__P3otY Typography_weight-normal__pqUbH\">Este 2025 comenz\u00f3 con una ola de\u00a0<b class=\"bold\">juicios<\/b>,\u00a0<b class=\"bold\">sentencias<\/b>\u00a0y\u00a0<b class=\"bold\">liberaciones<\/b>\u00a0que podr\u00edan redefinir el mapa del\u00a0<b class=\"bold\">crimen organizado<\/b>\u00a0en M\u00e9xico en caso de que la colaboraci\u00f3n entre ambos pa\u00edses se d\u00e9.<\/p>\n<p class=\"Typography_text-default__P3otY Typography_weight-normal__pqUbH Typography_text-default__P3otY Typography_weight-normal__pqUbH\">Figuras clave de los\u00a0<b class=\"bold\">principales c\u00e1rteles\u00a0<\/b>enfrentan decisiones legales que prometen tener repercusiones en ambos lados de la frontera. Los l\u00edderes de\u00a0<b class=\"bold\">Los Chapitos<\/b>:\u00a0<b class=\"bold\">Ovidio y Joaqu\u00edn Guzm\u00e1n L\u00f3pez; El Menchito, hijo de El Mencho (l\u00edder del CJNG); y El Mayo Zambada, cofundador del C\u00e1rtel del Pac\u00edfico<\/b>, se encuentran enjuiciados en EU.<\/p>\n<p class=\"Typography_text-default__P3otY Typography_weight-normal__pqUbH Typography_text-default__P3otY Typography_weight-normal__pqUbH\">Seg\u00fan declaraciones de los propios\u00a0<b class=\"bold\">abogados<\/b>\u00a0y\u00a0<b class=\"bold\">fiscales<\/b>, al menos\u00a0<b class=\"bold\">Los Chapitos<\/b>\u00a0podr\u00edan buscar colaborar para convertirse en\u00a0<b class=\"bold\">testigos protegidos<\/b>\u00a0y reducir la sentencia en su contra.<\/p>\n<p class=\"Typography_text-default__P3otY Typography_weight-normal__pqUbH Typography_text-default__P3otY Typography_weight-normal__pqUbH\">Dicha colaboraci\u00f3n podr\u00eda ser un inicio ante una eventual\u00a0<b class=\"bold\">desarticulaci\u00f3n<\/b>\u00a0de estos grupos, seg\u00fan Vigil.<\/p>\n<figure class=\"Picture_picture__jeuFM\">\n<p><div style=\"width: 1210px\" class=\"wp-caption alignnone\"><img loading=\"lazy\" decoding=\"async\" class=\"Image_image__tzQM0 seedtag\" src=\"https:\/\/oem.com.mx\/elsoldemexico\/img\/21019973\/1736246278\/BASE_LANDSCAPE\/1200\/image.webp\" alt=\"Los Chapitos\" width=\"1200\" height=\"2133\" aria-description=\"Los Chapitos\" data-nimg=\"1\" \/><p class=\"wp-caption-text\">Ovidio y Joaqu\u00edn, ambos Guzm\u00e1n L\u00f3pez\u00a0\/\u00a0Fotos: Cuartoscuro.com<\/p><\/div><figcaption><\/figcaption><\/figure>\n<p class=\"Typography_text-default__P3otY Typography_weight-normal__pqUbH Typography_text-default__P3otY Typography_weight-normal__pqUbH\">\u201cEstamos hablando de\u00a0<b class=\"bold\">crimen transnacional<\/b>, entonces est\u00e1n operando en muchos pa\u00edses y por eso es muy importante que los pa\u00edses vayan colaborando, porque casi todos, por ejemplo, en\u00a0<b class=\"bold\">Am\u00e9rica Latina<\/b>\u00a0tienen evidencia, entonces la vas combinando y eso es como puedes desarticular una organizaci\u00f3n\u201d, explic\u00f3.<\/p>\n<p class=\"Typography_text-default__P3otY Typography_weight-normal__pqUbH Typography_text-default__P3otY Typography_weight-normal__pqUbH\">Sin embargo, la tensi\u00f3n en la relaci\u00f3n de M\u00e9xico y\u00a0<b class=\"bold\">Donald Trump<\/b>\u00a0podr\u00eda afectar a que los juicios pendientes no tengan el impacto adecuado:<\/p>\n<p class=\"Typography_text-default__P3otY Typography_weight-normal__pqUbH Typography_text-default__P3otY Typography_weight-normal__pqUbH\">\u201cEs clave que los\u00a0<b class=\"bold\">Estados Unidos<\/b> trabajen con M\u00e9xico, pero ahora que entr\u00f3 Donald Trump, yo no creo que eso vaya a suceder\u201d, se\u00f1al\u00f3.<\/p>\n<h2 class=\"Typography_text-xl__yFuoP Typography_weight-normal__pqUbH SubHead_sub-head__PVEMA\">Impacto de juicios depende de colaboraci\u00f3n bilateral<\/h2>\n<p class=\"Typography_text-default__P3otY Typography_weight-normal__pqUbH Typography_text-default__P3otY Typography_weight-normal__pqUbH\">De acuerdo con\u00a0<b class=\"bold\">Mike Vigil<\/b>, dichas\u00a0<b class=\"bold\">capturas<\/b>\u00a0y\u00a0<b class=\"bold\">juicios<\/b>\u00a0no ser\u00e1n suficiente para desarticular a las organizaciones; en cambio, se requiere la cooperaci\u00f3n bilateral para detener a operadores, cabecillas e incluso pol\u00edticos coludidos con el\u00a0<b class=\"bold\">crimen organizado<\/b>.<\/p>\n<p class=\"Typography_text-default__P3otY Typography_weight-normal__pqUbH Typography_text-default__P3otY Typography_weight-normal__pqUbH\">\u201cSe van a tener que capturar a muchos de los\u00a0<b class=\"bold\">cabecillas<\/b>, la gente que son\u00a0<b class=\"bold\">l\u00edderes de los c\u00e1rteles<\/b>, y se necesita impactar, por ejemplo, en toda la\u00a0<b class=\"bold\">infraestructura criminal<\/b>. No nada m\u00e1s en los capos como\u00a0<b class=\"bold\">El Mayo Zambada<\/b>, o\u00a0<b class=\"bold\">El Chapo Guzm\u00e1n<\/b>. Eso no va a tener impacto porque los reemplazan r\u00e1pidamente, o hay conflicto entre los c\u00e1rteles, se fracturan y entonces tenemos m\u00e1s problemas como hemos visto en el pasado\u201d, explic\u00f3 el exagente de la\u00a0<b class=\"bold\">DEA<\/b>.<\/p>\n<blockquote class=\"PullQuote_blockquote__kZUwX\"><p><q class=\"Typography_text-default__P3otY Typography_weight-normal__pqUbH Typography_text-xl__yFuoP Typography_weight-normal__pqUbH\">Se van a tener que capturar a muchos de los cabecillas, la gente que son l\u00edderes de los c\u00e1rteles, y se necesita impactar, por ejemplo, en toda la infraestructura criminal<\/q><\/p><\/blockquote>\n<p class=\"Typography_text-default__P3otY Typography_weight-normal__pqUbH Typography_text-default__P3otY Typography_weight-normal__pqUbH\">\u201cLa \u00fanica manera de tener impacto es ir contra los\u00a0<b class=\"bold\">pol\u00edticos<\/b>\u00a0que est\u00e1n protegiendo al\u00a0<b class=\"bold\">c\u00e1rtel<\/b>, tambi\u00e9n la gente que lava\u00a0<b class=\"bold\">dinero<\/b>\u00a0para ellos, el componente armado de ellos, los\u00a0<b class=\"bold\">sicarios<\/b>, se necesita desarticular muchos de esos componentes, la infraestructura, porque si no, no vas a tener impacto\u201d, detall\u00f3.<\/p>\n<p class=\"Typography_text-default__P3otY Typography_weight-normal__pqUbH Typography_text-default__P3otY Typography_weight-normal__pqUbH\">Sobre\u00a0<b class=\"bold\">pol\u00edticos y funcionarios relacionados con el crimen organizado<\/b>, el pasado 16 de octubre el\u00a0<b class=\"bold\">juez Brian Cogan<\/b>\u00a0sentenci\u00f3 al exsecretario de seguridad p\u00fablica en M\u00e9xico,<b class=\"bold\">\u00a0Genaro Garc\u00eda Luna<\/b>, por sus v\u00ednculos con el\u00a0<b class=\"bold\">C\u00e1rtel de Sinaloa<\/b>. Ahora, quien fuera encargado de la seguridad del pa\u00eds en el comienzo de la denominada guerra contra el\u00a0<b class=\"bold\">narcotr\u00e1fico<\/b> pasar\u00e1 m\u00e1s de 38 a\u00f1os de prisi\u00f3n.<\/p>\n<p class=\"Typography_text-default__P3otY Typography_weight-normal__pqUbH Typography_text-default__P3otY Typography_weight-normal__pqUbH\">Adem\u00e1s, se aproxima la liberaci\u00f3n de \u00c9dgar Veytia, exfiscal de\u00a0<b class=\"bold\">Nayarit<\/b>\u00a0condenado por\u00a0<b class=\"bold\">narcotr\u00e1fico<\/b>\u00a0en Estados Unidos, quien tiene su salida de prisi\u00f3n programada para el 10 de marzo de este 2025.<\/p>\n<p class=\"Typography_text-default__P3otY Typography_weight-normal__pqUbH Typography_text-default__P3otY Typography_weight-normal__pqUbH\">Asimismo, el especialista en<b class=\"bold\">\u00a0crimen organizado<\/b>\u00a0advierte que, ante una eventual cooperaci\u00f3n de los enjuiciados con la\u00a0<b class=\"bold\">Fiscal\u00eda de M\u00e9xico<\/b>\u00a0o EU, no ser\u00eda suficiente la informaci\u00f3n que entreguen como para quebrar a las organizaciones criminales:<\/p>\n<p class=\"Typography_text-default__P3otY Typography_weight-normal__pqUbH Typography_text-default__P3otY Typography_weight-normal__pqUbH\">\u201cYo no creo que la gente que est\u00e1 detenida va a desarrollar evidencia suficiente para poder solicitar a m\u00e1s gente en extradici\u00f3n. S\u00ed puede tener un poquito de impacto, pero yo creo que lo m\u00e1s importante es trabajar conjuntamente con M\u00e9xico en una ofensiva grande para poder desarrollar evidencias contra los carteles, especialmente\u00a0<b class=\"bold\">Sinaloa<\/b>\u00a0y\u00a0<b class=\"bold\">Jalisco Nueva Generaci\u00f3n<\/b>.<\/p>\n<blockquote class=\"PullQuote_blockquote__kZUwX\"><p><q class=\"Typography_text-default__P3otY Typography_weight-normal__pqUbH Typography_text-xl__yFuoP Typography_weight-normal__pqUbH\">Yo no creo que la gente que est\u00e1 detenida va a desarrollar evidencia suficiente para poder solicitar a m\u00e1s gente en extradici\u00f3n<\/q><\/p><\/blockquote>\n<p class=\"Typography_text-default__P3otY Typography_weight-normal__pqUbH Typography_text-default__P3otY Typography_weight-normal__pqUbH\">\u201cNormalmente cuando detienes a\u00a0<b class=\"bold\">Ovidio<\/b>\u00a0o a\u00a0<b class=\"bold\">Joaqu\u00edn L\u00f3pez\u00a0<\/b>o a\u00a0<b class=\"bold\">Vicentillo<\/b>, ellos s\u00ed pueden dar informaci\u00f3n, pero no van a dar suficiente como para poder desarticular toda la infraestructura, porque hay que tomar en cuenta que el<b class=\"bold\">\u00a0C\u00e1rtel de Sinaloa<\/b>, por ejemplo, opera en 6 de los 7 continentes (&#8230;) Se necesita mucha m\u00e1s informaci\u00f3n, mucho m\u00e1s esfuerzo\u201d, explic\u00f3 Vigil.<\/p>\n<p class=\"Typography_text-default__P3otY Typography_weight-normal__pqUbH Typography_text-default__P3otY Typography_weight-normal__pqUbH\">La posible cooperaci\u00f3n de algunos\u00a0<b class=\"bold\">capos<\/b>\u00a0con las autoridades estadounidenses podr\u00eda generar informaci\u00f3n valiosa, pero, como advierte Vigil, no ser\u00e1 suficiente para desarticular las estructuras criminales que operan a nivel global.<\/p>\n<p class=\"Typography_text-default__P3otY Typography_weight-normal__pqUbH Typography_text-default__P3otY Typography_weight-normal__pqUbH\">Incluso, la falta de coordinaci\u00f3n entre los\u00a0<b class=\"bold\">gobiernos mexicano y estadounidense<\/b>\u00a0alertada por Vigil podr\u00eda beneficiar a los c\u00e1rteles, permiti\u00e9ndoles adaptarse y fortalecerse.<\/p>\n<div class=\"OnlineStory_inline__apIY3 BASE_LANDSCAPE\">\n<div style=\"width: 1210px\" class=\"wp-caption alignnone\"><a href=\"https:\/\/oem.com.mx\/elsoldemexico\/mexico\/condenan-a-el-menchito-segundo-al-mando-del-cjng-a-cadena-perpetua-en-eu-22043327\"><img loading=\"lazy\" decoding=\"async\" class=\"Image_image__tzQM0\" src=\"https:\/\/oem.com.mx\/elsoldemexico\/img\/22043387\/1741358333\/BASE_LANDSCAPE\/1200\/image.webp\" alt=\"CJNG\" width=\"1200\" height=\"2133\" aria-description=\"CJNG\" data-nimg=\"1\" \/><\/a><p class=\"wp-caption-text\">M\u00c9XICO<\/p><\/div>\n<\/div>\n<h2 class=\"Typography_text-xl__yFuoP Typography_weight-normal__pqUbH SubHead_sub-head__PVEMA\">Posibles cambios en el panorama criminal<\/h2>\n<p class=\"Typography_text-default__P3otY Typography_weight-normal__pqUbH Typography_text-default__P3otY Typography_weight-normal__pqUbH\">De acuerdo con el especialista en seguridad nacional, Javier Oliva Posada, los\u00a0<b class=\"bold\">juicios<\/b>\u00a0en los que los\u00a0<b class=\"bold\">criminales<\/b>\u00a0entreguen informaci\u00f3n pueden ir replanteando el\u00a0<b class=\"bold\">panorama criminal en M\u00e9xico<\/b>, pues la situaci\u00f3n provoca cambios e incluso rupturas al interior de los c\u00e1rteles.<\/p>\n<p class=\"Typography_text-default__P3otY Typography_weight-normal__pqUbH Typography_text-default__P3otY Typography_weight-normal__pqUbH\">\u201cA medida que estos delincuentes aportan\u00a0<b class=\"bold\">informaci\u00f3n<\/b>\u00a0all\u00e1, pues generan ajustes y el m\u00e1s visible es como la sustracci\u00f3n de Ismael Zambada trajo la ruptura de lo que hab\u00eda sido la\u00a0<b class=\"bold\">organizaci\u00f3n criminal<\/b>\u00a0m\u00e1s longeva en la historia en su asociaci\u00f3n con Joaqu\u00edn Guzm\u00e1n Loera (&#8230;) Esos por ejemplo ser\u00edan uno de los efectos probablemente m\u00e1s brutales de lo que ya ha pasado cuando se juzgan a estos delincuentes all\u00e1 en Estados Unidos.\u201d, expone el tambi\u00e9n profesor de la\u00a0<b class=\"bold\">UNAM<\/b>.<\/p>\n<div class=\"Factbox_container__8QNWI\">\n<p class=\"Typography_text-default__P3otY Typography_weight-normal__pqUbH Typography_text-m__XI0da Typography_weight-bold__uT6mq\">\n<p class=\"Typography_text-default__P3otY Typography_weight-normal__pqUbH Typography_text-s__wu_cm Typography_weight-normal__pqUbH Factbox_answer__Ti_Q9\"><b class=\"bold\">La ca\u00edda de Ismael Zambada no fue una casualidad, pues de acuerdo con especialistas como Mike Vigil \u2014e incluso lo denunci\u00f3 as\u00ed el mismo Mayo\u2014, el capo habr\u00eda sido traicionado por Los Chapitos, espec\u00edficamente, Joaqu\u00edn Guzm\u00e1n L\u00f3pez<\/b><\/p>\n<\/div>\n<p class=\"Typography_text-default__P3otY Typography_weight-normal__pqUbH Typography_text-default__P3otY Typography_weight-normal__pqUbH\">Seg\u00fan Oliva, la detenci\u00f3n de\u00a0<i class=\"italic\"><b class=\"bold\">El Mayo<\/b><\/i><b class=\"bold\">\u00a0<\/b>provoc\u00f3 que el C\u00e1rtel de Sinaloa ya no exista tal c\u00f3mo lo conoc\u00edamos y ahora solo sean dos organizaciones diferentes:<i class=\"italic\">\u00a0<b class=\"bold\">La Chapiza<\/b><\/i><b class=\"bold\">\u00a0y\u00a0<i class=\"italic\">La Mayiza<\/i><\/b><i class=\"italic\">.<\/i><\/p>\n<p class=\"Typography_text-default__P3otY Typography_weight-normal__pqUbH Typography_text-default__P3otY Typography_weight-normal__pqUbH\">Adem\u00e1s, dado que la mayor\u00eda de juicios y\u00a0<b class=\"bold\">detenciones<\/b>\u00a0se est\u00e1n dando contra el\u00a0<b class=\"bold\">C\u00e1rtel de Sinaloa<\/b>, la situaci\u00f3n podr\u00eda beneficiar a otras organizaciones, como el\u00a0<b class=\"bold\">C\u00e1rtel Jalisco Nueva Generaci\u00f3n<\/b>:<\/p>\n<figure class=\"Picture_picture__jeuFM\">\n<p><div style=\"width: 1210px\" class=\"wp-caption alignnone\"><img loading=\"lazy\" decoding=\"async\" class=\"Image_image__tzQM0 seedtag\" src=\"https:\/\/oem.com.mx\/elsoldemexico\/img\/22530900\/1743737717\/BASE_LANDSCAPE\/1200\/image.webp\" alt=\"la_tuta_\" width=\"1200\" height=\"2133\" aria-description=\"la_tuta_\" data-nimg=\"1\" \/><p class=\"wp-caption-text\">Servando G\u00f3mez Mart\u00ednez, alias \u201cLa Tuta\u201d, fue detenido cerca de las cuatro de la madrugada en un operativo sin disparos, tras un trabajo de inteligencia de cuatro meses\u00a0\/\u00a0Foto: Cuartoscuro.com<\/p><\/div><figcaption><\/figcaption>\u201cSiempre pasa eso. Si detienen, por ejemplo, a Edgar Villarreal, pues afecta los intereses de los Beltr\u00e1n Leiva y favorece a los dem\u00e1s. Pero cuando detuvieron a Fernando G\u00f3mez, que ahora est\u00e1 en el\u00a0<b class=\"bold\">penal de m\u00e1xima seguridad<\/b>, pues afect\u00f3 los intereses de\u00a0<b class=\"bold\">La Familia Michoacana<\/b>, pero benefici\u00f3 a la\u00a0<b class=\"bold\">nueva generaci\u00f3n<\/b>\u00a0que disputaba el territorio. Entonces, eso es una consecuencia directa de la detenci\u00f3n de los cabecillas que, pues, benefician a sus enemigos, es as\u00ed la din\u00e1mica del mundo criminal\u201d, explica el especialista.<\/figure>\n<p class=\"Typography_text-default__P3otY Typography_weight-normal__pqUbH Typography_text-default__P3otY Typography_weight-normal__pqUbH\">Oliva Posada refiere que a corto y mediano plazo los\u00a0<b class=\"bold\">c\u00e1rteles<\/b>\u00a0que podr\u00edan verse m\u00e1s beneficiados por la situaci\u00f3n judicial actual de grandes capos son el ya mencionado\u00a0<b class=\"bold\">CJNG<\/b>, pero tambi\u00e9n el\u00a0<b class=\"bold\">C\u00e1rtel del Noreste<\/b>, y el\u00a0<b class=\"bold\">C\u00e1rtel del Golfo<\/b>.<\/p>\n<h2 class=\"Typography_text-xl__yFuoP Typography_weight-normal__pqUbH SubHead_sub-head__PVEMA\">Liberaci\u00f3n de La Jefa, sentencia de El Menchito: CJNG<\/h2>\n<p class=\"Typography_text-default__P3otY Typography_weight-normal__pqUbH Typography_text-default__P3otY Typography_weight-normal__pqUbH\">Una de las m\u00e1s\u00a0<b class=\"bold\">relevantes liberaciones<\/b>\u00a0para el\u00a0<b class=\"bold\">crimen organizado<\/b>\u00a0se dio el pasado 20 de enero: Rosalinda Gonz\u00e1lez Valencia, esposa de\u00a0<b class=\"bold\">El Mencho<\/b>\u00a0\u2014l\u00edder y fundador del CJNG\u2014-podr\u00eda reactivar su rol como pieza clave en el\u00a0<b class=\"bold\">c\u00e1rtel<\/b>\u00a0pues recibi\u00f3 una liberaci\u00f3n anticipada y, tras casi cuatro a\u00f1os, abandon\u00f3 la c\u00e1rcel donde estaba recluida.<\/p>\n<p class=\"Typography_text-default__P3otY Typography_weight-normal__pqUbH Typography_text-default__P3otY Typography_weight-normal__pqUbH\"><b class=\"bold\">La Jefa<\/b>, tambi\u00e9n es conocida como la\u00a0<b class=\"bold\">operadora financiera del CJNG<\/b>, lo que provoc\u00f3 que fuera detenida por autoridades mexicanas por los\u00a0<b class=\"bold\">delitos de crimen organizado y lavado de dinero<\/b>, y recluida en una c\u00e1rcel femenil en Morelos.<\/p>\n<div class=\"Factbox_container__8QNWI\">\n<p class=\"Typography_text-default__P3otY Typography_weight-normal__pqUbH Typography_text-m__XI0da Typography_weight-bold__uT6mq\"><b class=\"bold\">Liberaci\u00f3n de Rosalinda Gonz\u00e1lez Valencia<\/b>:<\/p>\n<p class=\"Typography_text-default__P3otY Typography_weight-normal__pqUbH Typography_text-s__wu_cm Typography_weight-normal__pqUbH Factbox_answer__Ti_Q9\"><b class=\"bold\">Rosalinda Gonz\u00e1lez Valencia, esposa de El Mencho, l\u00edder del CJNG, fue liberada el 20 de enero de 2025 tras casi cuatro a\u00f1os de prisi\u00f3n. Es conocida por su rol como operadora financiera del c\u00e1rtel, lo que la llev\u00f3 a ser detenida por crimen organizado y lavado de dinero.<\/b><\/p>\n<\/div>\n<p class=\"Typography_text-default__P3otY Typography_weight-normal__pqUbH Typography_text-default__P3otY Typography_weight-normal__pqUbH\">Luego de dos a\u00f1os en prisi\u00f3n preventiva, Gonz\u00e1lez Valencia fue sentenciada en 2023 a cinco a\u00f1os de c\u00e1rcel; sin embargo, por buen comportamiento, una jueza federal la consider\u00f3 candidata al programa de liberaci\u00f3n anticipada y se le concedi\u00f3<b class=\"bold\">\u00a0libertad condicional.<\/b><\/p>\n<p class=\"Typography_text-default__P3otY Typography_weight-normal__pqUbH Typography_text-default__P3otY Typography_weight-normal__pqUbH\">Ella est\u00e1 vinculada al crimen organizado desde sus lazos familiares, pues es hermana de\u00a0<b class=\"bold\">Los Cuinis<\/b>, personajes que colaboraron con\u00a0<b class=\"bold\">El Mencho<\/b>\u00a0y considerados brazo financiero del CJNG.<\/p>\n<figure class=\"Picture_picture__jeuFM\">\n<p><div style=\"width: 1210px\" class=\"wp-caption alignnone\"><img loading=\"lazy\" decoding=\"async\" class=\"Image_image__tzQM0 seedtag\" src=\"https:\/\/oem.com.mx\/elsoldemexico\/img\/22043387\/1741358333\/BASE_LANDSCAPE\/1200\/image.webp\" alt=\"CJNG\" width=\"1200\" height=\"2133\" aria-description=\"CJNG\" data-nimg=\"1\" \/><p class=\"wp-caption-text\">Rub\u00e9n Oseguera Gonz\u00e1lez, \u201cEl Menchito\u201d, siendo trasladado en 2015 al penal del Altiplano.\u00a0\/\u00a0Foto: Cuartoscuro.com<\/p><\/div><figcaption><\/figcaption><\/figure>\n<p class=\"Typography_text-default__P3otY Typography_weight-normal__pqUbH Typography_text-default__P3otY Typography_weight-normal__pqUbH\">El\u00a0<b class=\"bold\">CJNG<\/b>, de acuerdo con un\u00a0<b class=\"bold\">mapa criminal<\/b>\u00a0elaborado por el Gabinete de Seguridad del gobierno mexicano, domina las actividades delictivas de al menos 13 entidades del pa\u00eds, principalmente de la zona del baj\u00edo. Su l\u00edder,\u00a0<b class=\"bold\">El Mencho<\/b>, por quien se ofrece una recompensa de 15 millones de d\u00f3lares en EU por informaci\u00f3n que auxilie a su captura como objetivo prioritario.<\/p>\n<p class=\"Typography_text-default__P3otY Typography_weight-normal__pqUbH Typography_text-default__P3otY Typography_weight-normal__pqUbH\">Pese a la liberaci\u00f3n de La Jefa, el\u00a0<b class=\"bold\">CJNG<\/b>\u00a0mantiene la baja de\u00a0<b class=\"bold\">El Menchito<\/b>, Rub\u00e9n Oseguera Gonz\u00e1lez, hijo de El Mencho considerado el segundo al mando del c\u00e1rtel. Este personaje fue enjuiciado y\u00a0<b class=\"bold\">declarado culpable de delitos de conspiraci\u00f3n<\/b>\u00a0para traficar\u00a0<b class=\"bold\">coca\u00edna<\/b>\u00a0y\u00a0<b class=\"bold\">metanfetamina<\/b>, as\u00ed como de uso ilegal de armas en relaci\u00f3n a sus actividades criminales.<\/p>\n<p class=\"Typography_text-default__P3otY Typography_weight-normal__pqUbH Typography_text-default__P3otY Typography_weight-normal__pqUbH\">El Menchito, de 34 a\u00f1os, podr\u00eda enfrentar cadena perpetua en caso de que as\u00ed lo determine el juez que lo sentenci\u00f3 el pasado 20 de septiembre luego de cuatro a\u00f1os de estar preso en EU.<\/p>\n<p class=\"Typography_text-default__P3otY Typography_weight-normal__pqUbH Typography_text-default__P3otY Typography_weight-normal__pqUbH\">\u201cLider\u00f3 los esfuerzos del C\u00e1rtel Jalisco para utilizar los\u00a0<b class=\"bold\">asesinatos<\/b>,\u00a0<b class=\"bold\">secuestros<\/b>\u00a0y\u00a0<b class=\"bold\">torturas<\/b>\u00a0para convertir a su organizaci\u00f3n criminal en un autodenominado\u00a0<b class=\"bold\">imperio<\/b>,\u00a0<b class=\"bold\">fabricando fentanilo\u00a0<\/b>e inundado los Estados Unidos con cantidades masivas de drogas letales\u201d, afirm\u00f3 el fiscal general de Estados Unidos, Merrick B. Garland.<\/p>\n<div class=\"OnlineStory_inline__apIY3 BASE_LANDSCAPE\">\n<div style=\"width: 1210px\" class=\"wp-caption alignnone\"><a href=\"https:\/\/oem.com.mx\/elsoldemexico\/mexico\/detienen-en-jalisco-a-don-rodo-hermano-de-el-mencho-jefe-del-cartel-jalisco-nueva-generacion-21914288\"><img loading=\"lazy\" decoding=\"async\" class=\"Image_image__tzQM0\" src=\"https:\/\/oem.com.mx\/elsoldemexico\/img\/21914335\/1740760463\/BASE_LANDSCAPE\/1200\/image.webp\" alt=\"fda\" width=\"1200\" height=\"2133\" aria-description=\"fda\" data-nimg=\"1\" \/><\/a><p class=\"wp-caption-text\">M\u00c9XICO<\/p><\/div>\n<div class=\"Typography_text-s__wu_cm Typography_weight-normal__pqUbH Typography_color-primary__KJuUW\"><span style=\"font-family: -apple-system, BlinkMacSystemFont, 'Segoe UI', Roboto, Oxygen-Sans, Ubuntu, Cantarell, 'Helvetica Neue', sans-serif; font-size: 2.074em; font-weight: bold;\">C\u00e1rtel de Sinaloa: El Mayo Zambada<\/span><\/div>\n<\/div>\n<p class=\"Typography_text-default__P3otY Typography_weight-normal__pqUbH Typography_text-default__P3otY Typography_weight-normal__pqUbH\">La otra organizaci\u00f3n criminal que domina m\u00e1s entidades en M\u00e9xico (10) y que incluso se ha reportado que cuenta con presencia internacional es el\u00a0<b class=\"bold\">C\u00e1rtel de Sinaloa<\/b>, que actualmente vive una disputa entre sus dos facciones principales: La Mayiza, encabezada por el hijo de Ismael El Mayo Zambada \u2014cofundador del c\u00e1rtel\u2014; y La Chapiza, comandada por los hijos de\u00a0<b class=\"bold\">Joaqu\u00edn El Chapo Guzm\u00e1n<\/b>.<\/p>\n<p class=\"Typography_text-default__P3otY Typography_weight-normal__pqUbH Typography_text-default__P3otY Typography_weight-normal__pqUbH\">La crisis interna se desat\u00f3 luego de que El Mayo, tras cinco d\u00e9cadas como presunto criminal, fuera detenido el pasado 25 de julio de 2024, en lo que represent\u00f3 la ca\u00edda del cofundador del\u00a0<b class=\"bold\">C\u00e1rtel de Sinaloa<\/b>\u00a0y uno de los personajes m\u00e1s buscados en M\u00e9xico y Estados Unidos.<\/p>\n<div class=\"Factbox_container__8QNWI\">\n<p class=\"Typography_text-default__P3otY Typography_weight-normal__pqUbH Typography_text-m__XI0da Typography_weight-bold__uT6mq\"><b class=\"bold\">C\u00e1rtel de Sinaloa y su crisis interna<\/b>:<\/p>\n<p class=\"Typography_text-default__P3otY Typography_weight-normal__pqUbH Typography_text-s__wu_cm Typography_weight-normal__pqUbH Factbox_answer__Ti_Q9\"><b class=\"bold\">El C\u00e1rtel de Sinaloa domina m\u00e1s de 10 entidades en M\u00e9xico y tiene presencia internacional. Actualmente atraviesa una disputa interna entre La Mayiza, liderada por el hijo de Ismael El Mayo Zambada, y La Chapiza, encabezada por los hijos de Joaqu\u00edn El Chapo Guzm\u00e1n.<\/b><\/p>\n<\/div>\n<p class=\"Typography_text-default__P3otY Typography_weight-normal__pqUbH Typography_text-default__P3otY Typography_weight-normal__pqUbH\">Pero su ca\u00edda no fue una casualidad, pues de acuerdo con especialistas como\u00a0<b class=\"bold\">Mike Vigil<\/b>\u00a0\u2014e incluso lo denunci\u00f3 as\u00ed el mismo Mayo\u2014, el capo habr\u00eda sido traicionado por\u00a0<b class=\"bold\">Los Chapitos<\/b>, espec\u00edficamente,\u00a0<b class=\"bold\">Joaqu\u00edn Guzm\u00e1n L\u00f3pez.<\/b><\/p>\n<p class=\"Typography_text-default__P3otY Typography_weight-normal__pqUbH Typography_text-default__P3otY Typography_weight-normal__pqUbH\">\u201cNo me entregu\u00e9 y no vine voluntariamente a Estados Unidos. Tampoco ten\u00eda ning\u00fan acuerdo con alguno de los gobiernos. Al contrario, fui secuestrado y llevado a\u00a0<b class=\"bold\">Estados Unidos<\/b>\u00a0a la fuerza y en contra de mi voluntad\u201d, expres\u00f3 Zambada Garc\u00eda en la carta difundida por su abogado\u00a0<b class=\"bold\">Frank P\u00e9rez.<\/b><\/p>\n<p class=\"Typography_text-default__P3otY Typography_weight-normal__pqUbH Typography_text-default__P3otY Typography_weight-normal__pqUbH\">El Mayo Zambada relat\u00f3 que fue enga\u00f1ado para asistir a una reuni\u00f3n donde supuestamente estar\u00eda presente el gobernador de Sinaloa,\u00a0<b class=\"bold\">Rub\u00e9n Rocha Moya<\/b>.\u00a0<b class=\"bold\">El capo de 76 a\u00f1os<\/b>\u00a0relata que lleg\u00f3 al rancho y centro de eventos Huertos del Pedregal, ubicado en las afueras de Culiac\u00e1n. Zambada habr\u00eda sido acompa\u00f1ado por cuatro miembros de su propio equipo de seguridad, de los cuales dos: Jos\u00e9 Rosario Heras L\u00f3pez \u2014se\u00f1alado por\u00a0<b class=\"bold\">El Mayo como comandante de la Polic\u00eda Judicial de Sinaloa<\/b>\u2014 y\u00a0<b class=\"bold\">Rodolfo Chaidez<\/b>, ingresaron con \u00e9l al lugar.<\/p>\n<figure class=\"Picture_picture__jeuFM\">\n<p><div style=\"width: 1210px\" class=\"wp-caption alignnone\"><img loading=\"lazy\" decoding=\"async\" class=\"Image_image__tzQM0 seedtag\" src=\"https:\/\/oem.com.mx\/elsoldemexico\/img\/13757536\/1728369321\/BASE_LANDSCAPE\/1200\/image.webp\" alt=\"Rube\u0301n Rocha Moya\" width=\"1200\" height=\"2133\" aria-description=\"Rube\u0301n Rocha Moya\" data-nimg=\"1\" \/><p class=\"wp-caption-text\">Ruben Rocha Moya, gobernador de Sinaloa, fue mencionado por El Mayo en una carta.\u00a0\/\u00a0Foto: Presidencia \/ Cuartoscuro.com<\/p><\/div><figcaption><\/figcaption><\/figure>\n<p class=\"Typography_text-default__P3otY Typography_weight-normal__pqUbH Typography_text-default__P3otY Typography_weight-normal__pqUbH\"><b class=\"bold\">El Mayo cuenta que Joaqu\u00edn Guzm\u00e1n L\u00f3pez lo condujo a una sala oscura<\/b>\u00a0donde fue emboscado por un grupo de hombres que lo sometieron a golpes, coloc\u00e1ndole una capucha oscura en la cabeza y espos\u00e1ndolo antes de forzarlo a subir a una camioneta. Luego, fue trasladado a una pista de aterrizaje, donde supuestamente lo subieron a un avi\u00f3n privado. El vuelo, que dur\u00f3 entre dos horas y media y tres horas, habr\u00eda aterrizado en El Paso, Texas, expuso Zambada.<\/p>\n<p class=\"Typography_text-default__P3otY Typography_weight-normal__pqUbH Typography_text-default__P3otY Typography_weight-normal__pqUbH\">A la fecha,\u00a0<b class=\"bold\">Zambada<\/b>\u00a0ya compareci\u00f3 ante dos jueces diferentes, aunque el que llevar\u00e1 las acusaciones principales es Brian Cogan, togado conocido por ser quien sentenci\u00f3 a Joaqu\u00edn\u00a0<b class=\"bold\">El Chapo Guzm\u00e1n y Genaro Garc\u00eda Luna<\/b>, exsecretario de seguridad federal en M\u00e9xico.<\/p>\n<blockquote class=\"PullQuote_blockquote__kZUwX\"><p><q class=\"Typography_text-default__P3otY Typography_weight-normal__pqUbH Typography_text-xl__yFuoP Typography_weight-normal__pqUbH\">El Mayo cuenta que Joaqu\u00edn Guzm\u00e1n L\u00f3pez lo condujo a una sala oscura donde fue emboscado por un grupo de hombres que lo sometieron a golpes<\/q><\/p><\/blockquote>\n<p class=\"Typography_text-default__P3otY Typography_weight-normal__pqUbH Typography_text-default__P3otY Typography_weight-normal__pqUbH\">El Mayo se declar\u00f3 no culpable de los se\u00f1alamientos en su contra, y actualmente, el juicio apenas est\u00e1 por arrancar, luego de que se discutiera un posible conflicto de inter\u00e9s de su abogado Frank P\u00e9rez, quien tambi\u00e9n defendi\u00f3 al hijo de el capo, Vicente Zambada Niebla, alias El Vicentillo, que a la postre declarar\u00eda contra\u00a0<b class=\"bold\">El Chapo Guzm\u00e1n<\/b>\u00a0para convertirse en testigo protegido de EU.<\/p>\n<p class=\"Typography_text-default__P3otY Typography_weight-normal__pqUbH Typography_text-default__P3otY Typography_weight-normal__pqUbH\">La informaci\u00f3n de su audiencia m\u00e1s reciente llevada a cabo el pasado 15 de enero revela que el capo tambi\u00e9n se encuentra negociando con la Fiscal\u00eda estadounidense un posible acuerdo.<\/p>\n<p class=\"Typography_text-default__P3otY Typography_weight-normal__pqUbH Typography_text-default__P3otY Typography_weight-normal__pqUbH\">La facci\u00f3n de La Mayiza, liderada por Ismael Zambada Sicairos Mayito Flaco, tuvo un rev\u00e9s recientemente en territorio mexicano, pues fuerzas de seguridad federales aprehendieron a\u00a0<b class=\"bold\">Juan Carlos \u2018F<\/b>\u2019, alia<b class=\"bold\">s El Chavo F\u00e9lix<\/b>; yerno de El Mayo y, principal operador financiero de Zambada Sicairos.<\/p>\n<h2 class=\"Typography_text-xl__yFuoP Typography_weight-normal__pqUbH SubHead_sub-head__PVEMA\">Los Chapitos: Ovidio, Joaqu\u00edn y su jefe de seguridad, El Nini<\/h2>\n<p class=\"Typography_text-default__P3otY Typography_weight-normal__pqUbH Typography_text-default__P3otY Typography_weight-normal__pqUbH\">La otra parte del c\u00e1rtel tambi\u00e9n ha sufrido bajas recientes derivado de detenciones en territorio mexicano, como la de Hern\u00e1n Domingo Ojeda, alias\u00a0<b class=\"bold\">El Mero Mero<\/b>, t\u00edo de\u00a0<b class=\"bold\">Ovidio Guzm\u00e1n.<\/b>\u00a0Adem\u00e1s meses atr\u00e1s cay\u00f3 Ram\u00f3n Enrique N, alias El Kiki, identificado por las autoridades como l\u00edder delictivo de\u00a0<b class=\"bold\">Los Pelones<\/b>\u00a0y operador financiero y delictivo de\u00a0<b class=\"bold\">Los Chapitos<\/b>.<\/p>\n<p class=\"Typography_text-default__P3otY Typography_weight-normal__pqUbH Typography_text-default__P3otY Typography_weight-normal__pqUbH\">Del otro lado de la frontera, Los Chapitos ya tienen a dos de sus l\u00edderes encarcelados:\u00a0<b class=\"bold\">Ovidio El Rat\u00f3n Guzm\u00e1n y Joaqu\u00edn El Guero Guzm\u00e1n<\/b>. El primero lleg\u00f3 extraditado a EU en septiembre de 2023; mientras que Joaqu\u00edn fue detenido junto a\u00a0<b class=\"bold\">El Mayo<\/b>\u00a0el pasado 25 de julio de 2024, en lo que habr\u00eda sido una entrega programada.<\/p>\n<figure class=\"Picture_picture__jeuFM\">\n<p><div style=\"width: 1210px\" class=\"wp-caption alignnone\"><img loading=\"lazy\" decoding=\"async\" class=\"Image_image__tzQM0 seedtag\" src=\"https:\/\/oem.com.mx\/elsoldemexico\/img\/13775797\/1717076415\/BASE_LANDSCAPE\/1200\/image.webp\" alt=\"El Nini-audiencia\" width=\"1200\" height=\"2133\" aria-description=\"El Nini-audiencia\" data-nimg=\"1\" \/><p class=\"wp-caption-text\">N\u00e9stor Isidro P\u00e9rez Salas, El Nini, fue imputado este 30 de mayo en EU por narcotr\u00e1fico, asesinato, secuestro, armas de fuego y lavado de dinero.\u00a0\/\u00a0Foto: Cortes\u00eda Sedena<\/p><\/div><figcaption><\/figcaption><\/figure>\n<p class=\"Typography_text-default__P3otY Typography_weight-normal__pqUbH Typography_text-default__P3otY Typography_weight-normal__pqUbH\">Actualmente ambos\u00a0<b class=\"bold\">hermanos<\/b>\u00a0se encuentran negociando un acuerdo con la\u00a0<b class=\"bold\">Fiscal\u00eda de EU\u00a0<\/b>en el que podr\u00edan convertirse en testigos colaboradores para reducir sus sentencias. Son acusados de diferentes delitos en aquel pa\u00eds, principalmente tr\u00e1fico de\u00a0<b class=\"bold\">fentanilo<\/b>\u00a0y comandar una empresa criminal.<\/p>\n<p class=\"Typography_text-default__P3otY Typography_weight-normal__pqUbH Typography_text-default__P3otY Typography_weight-normal__pqUbH\">No son los \u00fanicos enjuiciados en EU: N\u00e9stor Isidro P\u00e9rez Salas, alias El Nini, quien fuera jefe de seguridad de<b class=\"bold\">\u00a0Los Chapitos<\/b>, tambi\u00e9n podr\u00eda enfrentar una pena por delitos relacionados con sus\u00a0<b class=\"bold\">actividades criminales<\/b>.<\/p>\n<p class=\"Typography_text-default__P3otY Typography_weight-normal__pqUbH Typography_text-default__P3otY Typography_weight-normal__pqUbH\">Del<b class=\"bold\">\u00a0C\u00e1rtel de Sinaloa<\/b>\u00a0tambi\u00e9n fue recapturado en fechas recientes D\u00e1maso L\u00f3pez Serrano, alias El Mini Lic, quien ya hab\u00eda conseguido ser testigo protegido en EU pero que volvi\u00f3 a ser detenido por autoridades de aquel pa\u00eds por tr\u00e1fico de fentanilo. Este personaje tambi\u00e9n es requerido en M\u00e9xico por el presunto homicidio del periodista sinaloense Javier V\u00e1ldez, aunque no se ha llevado a cabo la deportaci\u00f3n.<\/p>\n<p>Con informaci\u00f3n de El Sol de Sinaloa<\/p>\n<\/div>\n","protected":false},"excerpt":{"rendered":"<p>Dichas capturas y juicios no ser\u00e1n suficientes para desarticular a las organizaciones; en cambio, se requiere la cooperaci\u00f3n bilateral para detener a operadores, cabecillas e incluso pol\u00edticos coludidos con el crimen organizado: Mike Vigil. Aldo Canedo\u00a0 La llegada de Donald Trump a la presidencia de\u00a0Estados Unidos\u00a0podr\u00eda beneficiar al\u00a0crimen organizado\u00a0transnacional, y particularmente a los\u00a0capos\u00a0que se encuentran enjuiciados en y que este a\u00f1o recorrer\u00e1n los\u00a0Tribunales. \u201cAl crimen organizado le conviene la llegada de Trump. A\u00a0Donald Trump no le importa nada combatir drogas, \u00e9l dice que s\u00ed, pero hace todo al contrario. \u00c9l habla de M\u00e9xico acusando que\u00a0M\u00e9xico\u00a0no hace nada, pero \u00e9l no [&hellip;]<\/p>\n","protected":false},"author":3,"featured_media":117649,"comment_status":"open","ping_status":"open","sticky":false,"template":"","format":"standard","meta":{"_jetpack_newsletter_access":"","_jetpack_dont_email_post_to_subs":false,"_jetpack_newsletter_tier_id":0,"_jetpack_memberships_contains_paywalled_content":false,"_jetpack_feature_clip_id":0,"_jetpack_memberships_contains_paid_content":false,"footnotes":"","jetpack_publicize_message":"","jetpack_publicize_feature_enabled":true,"jetpack_social_post_already_shared":true,"jetpack_social_options":{"image_generator_settings":{"template":"highway","default_image_id":0,"font":"","enabled":false},"version":2},"jetpack_post_was_ever_published":false},"categories":[90,72],"tags":[],"class_list":["post-117639","post","type-post","status-publish","format-standard","has-post-thumbnail","hentry","category-estatal","category-portada","post--single"],"jetpack_publicize_connections":[],"jetpack_featured_media_url":"https:\/\/ovelanalista.com\/wp-content\/uploads\/2025\/04\/LOS-CHAPITOS.webp","jetpack_sharing_enabled":true,"_links":{"self":[{"href":"https:\/\/ovelanalista.com\/index.php?rest_route=\/wp\/v2\/posts\/117639","targetHints":{"allow":["GET"]}}],"collection":[{"href":"https:\/\/ovelanalista.com\/index.php?rest_route=\/wp\/v2\/posts"}],"about":[{"href":"https:\/\/ovelanalista.com\/index.php?rest_route=\/wp\/v2\/types\/post"}],"author":[{"embeddable":true,"href":"https:\/\/ovelanalista.com\/index.php?rest_route=\/wp\/v2\/users\/3"}],"replies":[{"embeddable":true,"href":"https:\/\/ovelanalista.com\/index.php?rest_route=%2Fwp%2Fv2%2Fcomments&post=117639"}],"version-history":[{"count":1,"href":"https:\/\/ovelanalista.com\/index.php?rest_route=\/wp\/v2\/posts\/117639\/revisions"}],"predecessor-version":[{"id":117650,"href":"https:\/\/ovelanalista.com\/index.php?rest_route=\/wp\/v2\/posts\/117639\/revisions\/117650"}],"wp:featuredmedia":[{"embeddable":true,"href":"https:\/\/ovelanalista.com\/index.php?rest_route=\/wp\/v2\/media\/117649"}],"wp:attachment":[{"href":"https:\/\/ovelanalista.com\/index.php?rest_route=%2Fwp%2Fv2%2Fmedia&parent=117639"}],"wp:term":[{"taxonomy":"category","embeddable":true,"href":"https:\/\/ovelanalista.com\/index.php?rest_route=%2Fwp%2Fv2%2Fcategories&post=117639"},{"taxonomy":"post_tag","embeddable":true,"href":"https:\/\/ovelanalista.com\/index.php?rest_route=%2Fwp%2Fv2%2Ftags&post=117639"}],"curies":[{"name":"wp","href":"https:\/\/api.w.org\/{rel}","templated":true}]}}