{"id":117648,"date":"2025-04-04T12:20:54","date_gmt":"2025-04-04T19:20:54","guid":{"rendered":"https:\/\/ovelanalista.com\/?p=117648"},"modified":"2025-04-04T10:10:14","modified_gmt":"2025-04-04T17:10:14","slug":"sinaloa-necesita-crear-politicas-para-su-industrializacion-vicepresidenta-nacional-de-canacintra","status":"publish","type":"post","link":"https:\/\/ovelanalista.com\/?p=117648","title":{"rendered":"Sinaloa necesita crear pol\u00edticas para su industrializaci\u00f3n: vicepresidenta nacional de Canacintra"},"content":{"rendered":"<header class=\"post-header\">Empresarios y acad\u00e9micos en Sinaloa ven la industrializaci\u00f3n como una respuesta clave ante la contracci\u00f3n econ\u00f3mica que afecta al estado.<\/p>\n<p><strong>Daniel Villaman<\/strong><\/p>\n<p>En el marco del nombramiento de la nueva mesa directiva en la delegaci\u00f3n Culiac\u00e1n de la C\u00e1mara Nacional de la Industria de la Transformaci\u00f3n (Canacintra), es que Mar\u00eda de Lourdes Medina, vicepresidenta nacional de la misma instituci\u00f3n empresarial, se expresa sobre la necesidad de la regi\u00f3n de impulsar la industrializaci\u00f3n.<\/p>\n<blockquote><p>\u201cNosotros somos los generadores de empleo. De ninguna manera es el gobierno, somos nosotros. \u00bfQu\u00e9 necesitamos? Que nos sigan apoyando y que crean en nosotros. Al final el desarrollo econ\u00f3mico est\u00e1 en nuestras manos\u201d, dice \u201cLul\u00fa\u201d Medina, en entrevista para Revista Espejo.<\/p><\/blockquote>\n<p>&nbsp;<\/p>\n<p>Tanto la academia como el sector privado de Sinaloa, han demostrado un c<strong>reciente inter\u00e9s por la industrializaci\u00f3n de la entidad<\/strong>, especialmente de la capital del estado. Este coincide, adem\u00e1s, con el estallido de la\u00a0<strong>ola de violencia en Culiac\u00e1n<\/strong>, la cual ha provocado una depresi\u00f3n en el consumo que se manifiesta en la p\u00e9rdida de empleos, cierre de negocios y par\u00e1lisis en las inversiones.<\/p>\n<p>Entre los actores de la comunidad empresarial que han impulsado este inter\u00e9s con m\u00e1s fuerza est\u00e1 Martha Reyes, presidenta de Coparmex Culiac\u00e1n, quien considera que la actual\u00a0<strong>contracci\u00f3n del mercado de consumo<\/strong>\u00a0de Culiac\u00e1n obedece al debilitamiento en el andamiaje que sostiene la econom\u00eda ilegal, que inyecta dinero proveniente de actividades il\u00edcitas al mercado. Frente a esto, ser\u00eda necesario compensar ese hueco en el circulante con el desarrollo de actividades m\u00e1s competitivas en las cadenas de valor.<\/p>\n<\/header>\n<div class=\"google-auto-placed ap_container\">\n<p>En el proyecto recientemente publicado, \u201cOportunidades para el desarrollo econ\u00f3mico de Sinaloa\u201d, coordinado por la acad\u00e9mica Cristina Ibarra, se remarca la importancia de la inversi\u00f3n p\u00fablica en infraestructura que permita el fortalecimiento de las actividades productivas de la regi\u00f3n, de la mano con la\u00a0<strong>garant\u00eda de la seguridad p\u00fablica y el fortalecimiento de la conectividad regional<\/strong>.<\/p>\n<p>Lourdes Medina, quien adem\u00e1s de ser vicepresidenta de Canacintra nacional es directora de Grupo Industrial San Bernardino con operaciones en Estados Unidos, concuerda en la necesidad y potencial de la regi\u00f3n de albergar actividades industriales a mayor escala.<\/p>\n<blockquote><p>\u201d Estoy totalmente de acuerdo. Creo que no solamente deber\u00edamos depender de exportar primarios, necesitamos exportar todo lo que podamos industrializar. Tenemos que dar mayor valor agregado, necesitamos ganar m\u00e1s. Y no por enriquecer al industrial, sino para poder generar mejores empleos y enriquecer al pa\u00eds\u201d.<\/p><\/blockquote>\n<h2>Indispensable el compromiso del sector p\u00fablico con el proceso de industrializaci\u00f3n.<\/h2>\n<p>&nbsp;<\/p>\n<p>Para este fin, la empresaria considera necesario que el sector p\u00fablico se comprometa a abonar al desarrollo del sector, brindando las oportunidades y condiciones para que este florezca.<\/p>\n<blockquote><p>\u201cDebemos trabajar de manera coordinada. Nosotros decimos, y lo decimos muy claro, nosotros como empresarios e industriales lo que buscamos son oportunidades. Cuando encontramos la apertura por parte de los gobiernos para poder aportar y seguir generando riqueza es cuando nos damos la oportunidad de hacer crecer a nuestras empresas. En muchas ocasiones tocamos la puerta del gobierno para poder aperturar las empresas y pagar los impuestos, aunque lo que menos hay es dinero para pagarlos, hacemos el esfuerzo y lo logramos\u201d.<\/p><\/blockquote>\n<p>&nbsp;<\/p>\n<p>Sobre el margen de acci\u00f3n del aparato estatal para con la causa de los industriales, comenta:<\/p>\n<blockquote><p><strong>\u201cLas pol\u00edticas p\u00fablicas las tienen que generar aqu\u00ed en Sinaloa para aportar y apoyar a esa industrializaci\u00f3n<\/strong>, y lo van a poder lograr si de verdad creen en esto [\u2026] No lo ten\u00edan en la mente, de alguna manera ten\u00edan los beneficios siendo primarios y hoy se dan cuenta de que deber\u00edan haber trabajado algo m\u00e1s\u201d, opina\u201d<\/p><\/blockquote>\n<p>&nbsp;<\/p>\n<p>Janet Tostado Noriega, directora de desarrollo econ\u00f3mico del Ayuntamiento de Culiac\u00e1n, responde a la cuesti\u00f3n:\u00a0<strong>\u00bfComparte el gobierno municipal la visi\u00f3n de la importancia del proceso de industrializaci\u00f3n del municipio?<\/strong><\/p>\n<blockquote><p>\u201c<strong>Por supuesto que s\u00ed<\/strong>. En alianza, municipio, gobierno del estado, instituciones educativas y la propia c\u00e1mara trabajamos en un plan de acci\u00f3n\u201d, dijo, aunque sin brindar detalles sobre dicho plan.<\/p><\/blockquote>\n<p>&nbsp;<\/p>\n<p>La funcionaria a\u00f1ade sobre el aporte de los industriales a la econom\u00eda de Culiac\u00e1n.<\/p>\n<blockquote><p>\u201cPara nuestro municipio es fundamental la labor que hacen c\u00e1maras como Canacintra.\u00a0<strong>Hay que recordar que el 20% del PIB de nuestro municipio viene derivado del sector industrial<\/strong>\u00a0[\u2026].<\/p><\/blockquote>\n<\/div>\n<p>Con informaci\u00f3n de Espejo<\/p>\n","protected":false},"excerpt":{"rendered":"<p>Empresarios y acad\u00e9micos en Sinaloa ven la industrializaci\u00f3n como una respuesta clave ante la contracci\u00f3n econ\u00f3mica que afecta al estado. Daniel Villaman En el marco del nombramiento de la nueva mesa directiva en la delegaci\u00f3n Culiac\u00e1n de la C\u00e1mara Nacional de la Industria de la Transformaci\u00f3n (Canacintra), es que Mar\u00eda de Lourdes Medina, vicepresidenta nacional de la misma instituci\u00f3n empresarial, se expresa sobre la necesidad de la regi\u00f3n de impulsar la industrializaci\u00f3n. \u201cNosotros somos los generadores de empleo. De ninguna manera es el gobierno, somos nosotros. \u00bfQu\u00e9 necesitamos? Que nos sigan apoyando y que crean en nosotros. Al final el [&hellip;]<\/p>\n","protected":false},"author":3,"featured_media":117652,"comment_status":"open","ping_status":"open","sticky":false,"template":"","format":"standard","meta":{"_jetpack_newsletter_access":"","_jetpack_dont_email_post_to_subs":false,"_jetpack_newsletter_tier_id":0,"_jetpack_memberships_contains_paywalled_content":false,"_jetpack_feature_clip_id":0,"_jetpack_memberships_contains_paid_content":false,"footnotes":"","jetpack_publicize_message":"","jetpack_publicize_feature_enabled":true,"jetpack_social_post_already_shared":true,"jetpack_social_options":{"image_generator_settings":{"template":"highway","default_image_id":0,"font":"","enabled":false},"version":2},"jetpack_post_was_ever_published":false},"categories":[90,72],"tags":[],"class_list":["post-117648","post","type-post","status-publish","format-standard","has-post-thumbnail","hentry","category-estatal","category-portada","post--single"],"jetpack_publicize_connections":[],"jetpack_featured_media_url":"https:\/\/ovelanalista.com\/wp-content\/uploads\/2025\/04\/culiacan-sinaloa-industria-canacintra.webp","jetpack_sharing_enabled":true,"_links":{"self":[{"href":"https:\/\/ovelanalista.com\/index.php?rest_route=\/wp\/v2\/posts\/117648","targetHints":{"allow":["GET"]}}],"collection":[{"href":"https:\/\/ovelanalista.com\/index.php?rest_route=\/wp\/v2\/posts"}],"about":[{"href":"https:\/\/ovelanalista.com\/index.php?rest_route=\/wp\/v2\/types\/post"}],"author":[{"embeddable":true,"href":"https:\/\/ovelanalista.com\/index.php?rest_route=\/wp\/v2\/users\/3"}],"replies":[{"embeddable":true,"href":"https:\/\/ovelanalista.com\/index.php?rest_route=%2Fwp%2Fv2%2Fcomments&post=117648"}],"version-history":[{"count":1,"href":"https:\/\/ovelanalista.com\/index.php?rest_route=\/wp\/v2\/posts\/117648\/revisions"}],"predecessor-version":[{"id":117653,"href":"https:\/\/ovelanalista.com\/index.php?rest_route=\/wp\/v2\/posts\/117648\/revisions\/117653"}],"wp:featuredmedia":[{"embeddable":true,"href":"https:\/\/ovelanalista.com\/index.php?rest_route=\/wp\/v2\/media\/117652"}],"wp:attachment":[{"href":"https:\/\/ovelanalista.com\/index.php?rest_route=%2Fwp%2Fv2%2Fmedia&parent=117648"}],"wp:term":[{"taxonomy":"category","embeddable":true,"href":"https:\/\/ovelanalista.com\/index.php?rest_route=%2Fwp%2Fv2%2Fcategories&post=117648"},{"taxonomy":"post_tag","embeddable":true,"href":"https:\/\/ovelanalista.com\/index.php?rest_route=%2Fwp%2Fv2%2Ftags&post=117648"}],"curies":[{"name":"wp","href":"https:\/\/api.w.org\/{rel}","templated":true}]}}