{"id":117651,"date":"2025-04-04T12:30:25","date_gmt":"2025-04-04T19:30:25","guid":{"rendered":"https:\/\/ovelanalista.com\/?p=117651"},"modified":"2025-04-04T10:13:36","modified_gmt":"2025-04-04T17:13:36","slug":"fuerzas-federales-detienen-a-cinco-hombres-tras-operativo-en-motel-al-norte-de-culiacan-sinaloa-de-esto-se-les-acusa","status":"publish","type":"post","link":"https:\/\/ovelanalista.com\/?p=117651","title":{"rendered":"Fuerzas federales detienen a cinco hombres tras operativo en motel al norte de Culiac\u00e1n, Sinaloa; de esto se les acusa"},"content":{"rendered":"<p class=\"article-subheadline text_align_left\">Los trabajos de seguridad se dieron despu\u00e9s de recibir el reporte ciudadano de que los cinco detenidos se encontraban armados en el lugar.<\/p>\n<header class=\"article-header-wrapper\">\n<div class=\"article-header\">\n<div class=\"display_flex align_items_center flex_row byline\">\n<p class=\"display_flex authors-name-txt-ctn\"><strong><span class=\"author-name\">Diego Mendoza L\u00f3pez<\/span><\/strong><\/p>\n<p>Al\u00a0mediod\u00eda de este jueves 3 de abril, un\u00a0<b>operativo de seguridad<\/b>, coordinado por fuerzas del\u00a0<b>Ej\u00e9rcito Mexicano<\/b>, la\u00a0<b>Polic\u00eda Estatal Preventiva<\/b>\u00a0(<b>PEP<\/b>) y la\u00a0<b>Secretar\u00eda de Seguridad y Protecci\u00f3n Ciudadana<\/b>\u00a0(<b>SSPC<\/b>), logr\u00f3 la detenci\u00f3n de cinco hombres en el\u00a0<b>motel Royal Mirage<\/b>, ubicado al norte de\u00a0<b>Culiac\u00e1n<\/b>,\u00a0<b>Sinaloa<\/b>. Espec\u00edficamente, los reportes polic\u00edas indican que sucedi\u00f3 sobre la Carretera Internacional 15, a la altura del poblado Las Brisas.<\/p>\n<p class=\"paragraph\" data-mrf-recirculation=\"Links inline\">Las labores de las fuerzas federales y estatales se dieron luego de que se recibiera el reporte ciudadano de que los cinco aprehendidos contaban con armamento en este lugar. Ante ello, la PEP y personal de la SSPC acordonaron la zona y bloquearon las entradas y salidas del establecimiento.<\/p>\n<div class=\"visual__image image-full-width\"><picture><source srcset=\"https:\/\/www.infobae.com\/resizer\/v2\/GKM6CUU3DNDGNHVWG4ALQDBHNI.jpeg?auth=fe5bd3f19dc0056b5ea3b5ca35c76ff8d9710d43b0f1ad13098a75dcd5326e1c&amp;smart=true&amp;width=1200&amp;height=675&amp;quality=85\" media=\"(min-width: 1200px)\" \/><source srcset=\"https:\/\/www.infobae.com\/resizer\/v2\/GKM6CUU3DNDGNHVWG4ALQDBHNI.jpeg?auth=fe5bd3f19dc0056b5ea3b5ca35c76ff8d9710d43b0f1ad13098a75dcd5326e1c&amp;smart=true&amp;width=992&amp;height=558&amp;quality=85\" media=\"(min-width: 1000px)\" \/><source srcset=\"https:\/\/www.infobae.com\/resizer\/v2\/GKM6CUU3DNDGNHVWG4ALQDBHNI.jpeg?auth=fe5bd3f19dc0056b5ea3b5ca35c76ff8d9710d43b0f1ad13098a75dcd5326e1c&amp;smart=true&amp;width=768&amp;height=432&amp;quality=85\" media=\"(min-width: 768px)\" \/><source srcset=\"https:\/\/www.infobae.com\/resizer\/v2\/GKM6CUU3DNDGNHVWG4ALQDBHNI.jpeg?auth=fe5bd3f19dc0056b5ea3b5ca35c76ff8d9710d43b0f1ad13098a75dcd5326e1c&amp;smart=true&amp;width=577&amp;height=325&amp;quality=85\" media=\"(min-width: 580px)\" \/><source srcset=\"https:\/\/www.infobae.com\/resizer\/v2\/GKM6CUU3DNDGNHVWG4ALQDBHNI.jpeg?auth=fe5bd3f19dc0056b5ea3b5ca35c76ff8d9710d43b0f1ad13098a75dcd5326e1c&amp;smart=true&amp;width=420&amp;height=236&amp;quality=85\" media=\"(min-width: 350px)\" \/><source srcset=\"https:\/\/www.infobae.com\/resizer\/v2\/GKM6CUU3DNDGNHVWG4ALQDBHNI.jpeg?auth=fe5bd3f19dc0056b5ea3b5ca35c76ff8d9710d43b0f1ad13098a75dcd5326e1c&amp;smart=true&amp;width=350&amp;height=197&amp;quality=85\" media=\"(min-width: 80px)\" \/><img loading=\"lazy\" decoding=\"async\" class=\"global-image\" src=\"https:\/\/www.infobae.com\/resizer\/v2\/GKM6CUU3DNDGNHVWG4ALQDBHNI.jpeg?auth=fe5bd3f19dc0056b5ea3b5ca35c76ff8d9710d43b0f1ad13098a75dcd5326e1c&amp;smart=true&amp;width=350&amp;height=197&amp;quality=85\" alt=\"Fuerzas de la Sedena y\" width=\"1200\" height=\"675\" \/><\/picture>Fuerzas de la Sedena y la PEP flanquearon la zona y cerraron entradas y salidas del establecimiento | Foto: SSP Sinaloa<\/div>\n<\/div>\n<\/div>\n<\/header>\n<div class=\"share-bar-article-date-container share-bar-article-date-divider\"><\/div>\n<div>Este golpe permiti\u00f3 que las autoridades decomisaran los siguientes objetos y armamento:<\/div>\n<div><\/div>\n<div>\n<ul class=\"list\" data-icon=\"\u2b24\">\n<li data-icon=\"\u2b24\">Fusil Colt M4 Cal. 5.56 mil\u00edmetros (mm)<\/li>\n<li data-icon=\"\u2b24\">Fusil MP15 Smith &amp; Wesson<\/li>\n<li data-icon=\"\u2b24\">Pistola Glock 9 mm<\/li>\n<li data-icon=\"\u2b24\">Pistola Glock 9 mm<\/li>\n<li data-icon=\"\u2b24\">Dos cargadores de arma larga, Cal. 5.56 mm<\/li>\n<li data-icon=\"\u2b24\">Dos cargadores de arma corta, Cal. 9 mm<\/li>\n<li data-icon=\"\u2b24\">260 cartuchos Cal. 5.56 mm<\/li>\n<li data-icon=\"\u2b24\">26 cartuchos Cal. 9 mm<\/li>\n<\/ul>\n<p class=\"paragraph\" data-mrf-recirculation=\"Links inline\">As\u00ed mismo, se inform\u00f3 que se logr\u00f3 asegurar un veh\u00edculo que serv\u00eda para que estos presuntos criminales pudieran trasladarse en varios puntos del territorio culiacanense.<\/p>\n<div class=\"dfpAd ad-inline\">Hasta el momento, las autoridades sinaloenses y la propia<b>\u00a0Fiscal\u00eda General de la Rep\u00fablica\u00a0<\/b>(<b>FGR<\/b>) ser\u00e1n quienes establezcan lo que suceder\u00e1 con los cinco detenidos en los pr\u00f3ximos d\u00edas. No obstante, una fuente federal extraoficial indic\u00f3 que el cateo est\u00e1 vinculado a una investigaci\u00f3n en curso contra presuntos operadores log\u00edsticos del\u00a0<b>C\u00e1rtel de Sinaloa<\/b>, quienes estar\u00edan ligados al<b>\u00a0trasiego de drogas sint\u00e9ticas<\/b>\u00a0hacia la frontera norte del pa\u00eds.<\/div>\n<\/div>\n<div><\/div>\n<div><img loading=\"lazy\" decoding=\"async\" class=\"aligncenter\" src=\"https:\/\/www.infobae.com\/resizer\/v2\/KCRV5DMDURFU3ETJFUHGKPJG4A.jpeg?auth=e169b8e8e78341545d4b333341f5309ba3beff98a146ae8a4ed004677df861a9&amp;smart=true&amp;width=350&amp;height=197&amp;quality=85\" alt=\"Las autoridades estatales y la\" width=\"725\" height=\"408\" \/><\/div>\n<div>\n<div class=\"headline-wrapper\">\n<h2 class=\"header headline-class-h2\">Tarde de explosiones con drones en Sinaloa<\/h2>\n<\/div>\n<p class=\"paragraph\" data-mrf-recirculation=\"Links inline\">El mismo jueves, alrededor de las 14:00 horas, elementos de la\u00a0<b>Secretar\u00eda de la Defensa Nacional\u00a0<\/b>(<b>Sedena<\/b>) fueron atacados mientras se dirig\u00edan a asegurar un inmueble en la zona de\u00a0<b>La Limita de Itaje<\/b>. Seg\u00fan reportes preliminares, los militares fueron agredidos con\u00a0<b>drones<\/b>, lo cual result\u00f3 en dos efectivos heridos.<\/p>\n<p class=\"paragraph\" data-mrf-recirculation=\"Links inline\">Tras el ataque, se desplegaron fuerzas de diversas corporaciones para brindar apoyo y se requiri\u00f3 un helic\u00f3ptero de las<b>\u00a0Fuerzas Armadas<\/b>, quien proporcion\u00f3 seguridad a\u00e9rea a las tropas en tierra. Durante la operaci\u00f3n, se aseguraron una vivienda y un veh\u00edculo\u00a0<i>Hummer\u00a0<\/i>de color arena, similar a los utilizados por militares.<\/p>\n<p class=\"paragraph\" data-mrf-recirculation=\"Links inline\">Este incidente se enmarca en un preocupante<b>\u00a0aumento del uso de drones con explosivos<\/b>\u00a0por parte de\u00a0<b>grupos delictivos en M\u00e9xico<\/b>. Seg\u00fan un informe de la\u00a0<b>Oficina del Director de Inteligencia Nacional de Estados Unidos<\/b>, en 2024 se registraron casi mil 600 ataques de este tipo contra fuerzas de seguridad mexicanas; es decir, un incremento significativo en comparaci\u00f3n con los tres ataques reportados entre 2020 y 2021.<\/p>\n<div id=\"FIOnDemandWrapper_fiInstance_116190_7_1859744782199664\" class=\"FIOnDemandWrapper\">\n<div class=\"apd_static_banner \"><iframe id=\"fiau_fiInstance_116190_7_1859744782199664\" class=\"fiSafeFrame\" title=\"Advertisement\" frameborder=\"0\" scrolling=\"no\"><\/iframe><\/div>\n<\/div>\n<div class=\"visual__image image-full-width\"><picture><source srcset=\"https:\/\/www.infobae.com\/resizer\/v2\/GMQLPP3DHRDSJCF7H75WRVXMMQ.jpg?auth=9e1b547146b769fa91ba906318f8f19391724655e14e48d750958eec64d0ca2e&amp;smart=true&amp;width=1200&amp;height=900&amp;quality=85\" media=\"(min-width: 1200px)\" \/><source srcset=\"https:\/\/www.infobae.com\/resizer\/v2\/GMQLPP3DHRDSJCF7H75WRVXMMQ.jpg?auth=9e1b547146b769fa91ba906318f8f19391724655e14e48d750958eec64d0ca2e&amp;smart=true&amp;width=992&amp;height=744&amp;quality=85\" media=\"(min-width: 1000px)\" \/><source srcset=\"https:\/\/www.infobae.com\/resizer\/v2\/GMQLPP3DHRDSJCF7H75WRVXMMQ.jpg?auth=9e1b547146b769fa91ba906318f8f19391724655e14e48d750958eec64d0ca2e&amp;smart=true&amp;width=768&amp;height=576&amp;quality=85\" media=\"(min-width: 768px)\" \/><source srcset=\"https:\/\/www.infobae.com\/resizer\/v2\/GMQLPP3DHRDSJCF7H75WRVXMMQ.jpg?auth=9e1b547146b769fa91ba906318f8f19391724655e14e48d750958eec64d0ca2e&amp;smart=true&amp;width=577&amp;height=433&amp;quality=85\" media=\"(min-width: 580px)\" \/><source srcset=\"https:\/\/www.infobae.com\/resizer\/v2\/GMQLPP3DHRDSJCF7H75WRVXMMQ.jpg?auth=9e1b547146b769fa91ba906318f8f19391724655e14e48d750958eec64d0ca2e&amp;smart=true&amp;width=420&amp;height=315&amp;quality=85\" media=\"(min-width: 350px)\" \/><source srcset=\"https:\/\/www.infobae.com\/resizer\/v2\/GMQLPP3DHRDSJCF7H75WRVXMMQ.jpg?auth=9e1b547146b769fa91ba906318f8f19391724655e14e48d750958eec64d0ca2e&amp;smart=true&amp;width=350&amp;height=263&amp;quality=85\" media=\"(min-width: 80px)\" \/><\/picture>\n<div style=\"width: 2058px\" class=\"wp-caption alignnone\"><img loading=\"lazy\" decoding=\"async\" class=\"global-image\" src=\"https:\/\/www.infobae.com\/resizer\/v2\/GMQLPP3DHRDSJCF7H75WRVXMMQ.jpg?auth=9e1b547146b769fa91ba906318f8f19391724655e14e48d750958eec64d0ca2e&amp;smart=true&amp;width=350&amp;height=263&amp;quality=85\" alt=\"El uso de drones, hasta\" width=\"2048\" height=\"1536\" \/><p class=\"wp-caption-text\">El uso de drones, hasta ahora, dej\u00f3 a dos militares heridos en la zona de La Limita de Imaje | Foto: Facebook\/ Noticias Culiac\u00e1n Capital<\/p><\/div>\n<\/div>\n<p class=\"paragraph\" data-mrf-recirculation=\"Links inline\">Las autoridades contin\u00faan investigando el ataque y reforzando las medidas de seguridad en la regi\u00f3n para enfrentar esta creciente amenaza.<\/p>\n<p data-mrf-recirculation=\"Links inline\">Con informaci\u00f3n de Infobae<\/p>\n<\/div>\n","protected":false},"excerpt":{"rendered":"<p>Los trabajos de seguridad se dieron despu\u00e9s de recibir el reporte ciudadano de que los cinco detenidos se encontraban armados en el lugar. Diego Mendoza L\u00f3pez Al\u00a0mediod\u00eda de este jueves 3 de abril, un\u00a0operativo de seguridad, coordinado por fuerzas del\u00a0Ej\u00e9rcito Mexicano, la\u00a0Polic\u00eda Estatal Preventiva\u00a0(PEP) y la\u00a0Secretar\u00eda de Seguridad y Protecci\u00f3n Ciudadana\u00a0(SSPC), logr\u00f3 la detenci\u00f3n de cinco hombres en el\u00a0motel Royal Mirage, ubicado al norte de\u00a0Culiac\u00e1n,\u00a0Sinaloa. Espec\u00edficamente, los reportes polic\u00edas indican que sucedi\u00f3 sobre la Carretera Internacional 15, a la altura del poblado Las Brisas. Las labores de las fuerzas federales y estatales se dieron luego de que se recibiera el [&hellip;]<\/p>\n","protected":false},"author":3,"featured_media":117655,"comment_status":"open","ping_status":"open","sticky":false,"template":"","format":"standard","meta":{"_jetpack_newsletter_access":"","_jetpack_dont_email_post_to_subs":false,"_jetpack_newsletter_tier_id":0,"_jetpack_memberships_contains_paywalled_content":false,"_jetpack_feature_clip_id":0,"_jetpack_memberships_contains_paid_content":false,"footnotes":"","jetpack_publicize_message":"","jetpack_publicize_feature_enabled":true,"jetpack_social_post_already_shared":true,"jetpack_social_options":{"image_generator_settings":{"template":"highway","default_image_id":0,"font":"","enabled":false},"version":2},"jetpack_post_was_ever_published":false},"categories":[90,72],"tags":[],"class_list":["post-117651","post","type-post","status-publish","format-standard","has-post-thumbnail","hentry","category-estatal","category-portada","post--single"],"jetpack_publicize_connections":[],"jetpack_featured_media_url":"https:\/\/ovelanalista.com\/wp-content\/uploads\/2025\/04\/Captura-de-Pantalla-2025-04-04-a-las-10.12.19.png","jetpack_sharing_enabled":true,"_links":{"self":[{"href":"https:\/\/ovelanalista.com\/index.php?rest_route=\/wp\/v2\/posts\/117651","targetHints":{"allow":["GET"]}}],"collection":[{"href":"https:\/\/ovelanalista.com\/index.php?rest_route=\/wp\/v2\/posts"}],"about":[{"href":"https:\/\/ovelanalista.com\/index.php?rest_route=\/wp\/v2\/types\/post"}],"author":[{"embeddable":true,"href":"https:\/\/ovelanalista.com\/index.php?rest_route=\/wp\/v2\/users\/3"}],"replies":[{"embeddable":true,"href":"https:\/\/ovelanalista.com\/index.php?rest_route=%2Fwp%2Fv2%2Fcomments&post=117651"}],"version-history":[{"count":1,"href":"https:\/\/ovelanalista.com\/index.php?rest_route=\/wp\/v2\/posts\/117651\/revisions"}],"predecessor-version":[{"id":117656,"href":"https:\/\/ovelanalista.com\/index.php?rest_route=\/wp\/v2\/posts\/117651\/revisions\/117656"}],"wp:featuredmedia":[{"embeddable":true,"href":"https:\/\/ovelanalista.com\/index.php?rest_route=\/wp\/v2\/media\/117655"}],"wp:attachment":[{"href":"https:\/\/ovelanalista.com\/index.php?rest_route=%2Fwp%2Fv2%2Fmedia&parent=117651"}],"wp:term":[{"taxonomy":"category","embeddable":true,"href":"https:\/\/ovelanalista.com\/index.php?rest_route=%2Fwp%2Fv2%2Fcategories&post=117651"},{"taxonomy":"post_tag","embeddable":true,"href":"https:\/\/ovelanalista.com\/index.php?rest_route=%2Fwp%2Fv2%2Ftags&post=117651"}],"curies":[{"name":"wp","href":"https:\/\/api.w.org\/{rel}","templated":true}]}}