{"id":117691,"date":"2025-04-04T12:14:27","date_gmt":"2025-04-04T19:14:27","guid":{"rendered":"https:\/\/ovelanalista.com\/?p=117691"},"modified":"2025-04-04T12:16:43","modified_gmt":"2025-04-04T19:16:43","slug":"congreso-no-protege-a-violadores-ni-acosadores-se-busca-quitar-fuero-dice-ramirez-cuellar","status":"publish","type":"post","link":"https:\/\/ovelanalista.com\/?p=117691","title":{"rendered":"Congreso no protege a violadores Ni acosadores; Se busca quitar Fuero, dice Ram\u00edrez Cu\u00e9llar."},"content":{"rendered":"<p>Oswaldo Villase\u00f1or<\/p>\n<p>No hay raz\u00f3n para que los legisladores y titulares del poder ejecutivo desde el Presidente de la Rep\u00fablica, Gobernadores y Alcaldes gocen de fuero constitucional y con ello eviten enfrentar la acci\u00f3n de la justicia cuando se ven inmersos en un acto constitutivo de delito, dice el diputado, Alfonso Ram\u00edrez Cu\u00e9llar.<\/p>\n<p>En su visita a La Ciudad de Los Mochis donde encabez\u00f3 el Foro \u201cconstruyendo justicia\u201d para explicar los alcances de la reforma judicial y la elecci\u00f3n de jueces, ministros y magistrados, explic\u00f3 que el fuero inici\u00f3 como una protecci\u00f3n a lo que dice el legislador en tribuna y a la orientaci\u00f3n de sus votos legislativos, pero no como una protecci\u00f3n de posibles delitos a los cuales pueda ser sujeto.<br \/>\nCon paso del tiempo, legislaturas pasadas, de una manera lastimosa para el pueblo, ampli\u00f3 el fuero para legisladores y titulares de poder ejecutivo, pero hoy se promueve una reforma para regresar el fuero a su punto de origen. O sea, proteger lo que dice y como vota el legislador nada m\u00e1s, dice Ram\u00edrez Cu\u00e9llar.<\/p>\n<p>En el caso del ex gobernador de Morelos y actual diputado federal, Cuauht\u00e9moc Blanco a quien la mayor\u00eda legislativa de Morena y aliados, se negaron a retirarle el fuero para que enfrente un proceso penal por el delito de violaci\u00f3n y acoso sexual, el diputado Ram\u00edrez Cu\u00e9llar, dijo que no fue una protecci\u00f3n de ninguna \u00edndole.<\/p>\n<p>El diputado Cuauht\u00e9moc est\u00e1 enfrentando un proceso judicial y acudi\u00f3 a declarar ante la Agencia de un Ministerio P\u00fablico, ademas de que se logr\u00f3 que la supuesta v\u00edctima sea escuchada y se le atienda como debe ser.<br \/>\nSi la Fiscal\u00eda primero y despu\u00e9s el juez, encuentra elementos de culpabilidad contra Cuauht\u00e9moc Blanco, tendr\u00e1 que afrontar las sanciones que se le impongan, coment\u00f3.<\/p>\n<p>En la C\u00e1mara de diputados, no se protege ni se proteger\u00e1 a nadie, acot\u00f3.<\/p>\n<div class=\"fb-video\" data-allowfullscreen=\"true\" data-href=\"https:\/\/www.facebook.com\/watch\/?v=1352480049131042\" style=\"background-color: #fff; display: inline-block;\"><\/div>\n<p>&nbsp;<\/p>\n","protected":false},"excerpt":{"rendered":"<p>Oswaldo Villase\u00f1or No hay raz\u00f3n para que los legisladores y titulares del poder ejecutivo desde el Presidente de la Rep\u00fablica, Gobernadores y Alcaldes gocen de fuero constitucional y con ello eviten enfrentar la acci\u00f3n de la justicia cuando se ven inmersos en un acto constitutivo de delito, dice el diputado, Alfonso Ram\u00edrez Cu\u00e9llar. En su visita a La Ciudad de Los Mochis donde encabez\u00f3 el Foro \u201cconstruyendo justicia\u201d para explicar los alcances de la reforma judicial y la elecci\u00f3n de jueces, ministros y magistrados, explic\u00f3 que el fuero inici\u00f3 como una protecci\u00f3n a lo que dice el legislador en tribuna [&hellip;]<\/p>\n","protected":false},"author":3,"featured_media":117695,"comment_status":"open","ping_status":"open","sticky":false,"template":"","format":"standard","meta":{"_jetpack_newsletter_access":"","_jetpack_dont_email_post_to_subs":false,"_jetpack_newsletter_tier_id":0,"_jetpack_memberships_contains_paywalled_content":false,"_jetpack_feature_clip_id":0,"_jetpack_memberships_contains_paid_content":false,"footnotes":"","jetpack_publicize_message":"","jetpack_publicize_feature_enabled":true,"jetpack_social_post_already_shared":true,"jetpack_social_options":{"image_generator_settings":{"template":"highway","default_image_id":0,"font":"","enabled":false},"version":2},"jetpack_post_was_ever_published":false},"categories":[72,85],"tags":[],"class_list":["post-117691","post","type-post","status-publish","format-standard","has-post-thumbnail","hentry","category-portada","category-sinaloa-norte","post--single"],"jetpack_publicize_connections":[],"jetpack_featured_media_url":"https:\/\/ovelanalista.com\/wp-content\/uploads\/2025\/04\/Rami\u0301rez-Cue\u0301llar.jpeg","jetpack_sharing_enabled":true,"_links":{"self":[{"href":"https:\/\/ovelanalista.com\/index.php?rest_route=\/wp\/v2\/posts\/117691","targetHints":{"allow":["GET"]}}],"collection":[{"href":"https:\/\/ovelanalista.com\/index.php?rest_route=\/wp\/v2\/posts"}],"about":[{"href":"https:\/\/ovelanalista.com\/index.php?rest_route=\/wp\/v2\/types\/post"}],"author":[{"embeddable":true,"href":"https:\/\/ovelanalista.com\/index.php?rest_route=\/wp\/v2\/users\/3"}],"replies":[{"embeddable":true,"href":"https:\/\/ovelanalista.com\/index.php?rest_route=%2Fwp%2Fv2%2Fcomments&post=117691"}],"version-history":[{"count":3,"href":"https:\/\/ovelanalista.com\/index.php?rest_route=\/wp\/v2\/posts\/117691\/revisions"}],"predecessor-version":[{"id":117701,"href":"https:\/\/ovelanalista.com\/index.php?rest_route=\/wp\/v2\/posts\/117691\/revisions\/117701"}],"wp:featuredmedia":[{"embeddable":true,"href":"https:\/\/ovelanalista.com\/index.php?rest_route=\/wp\/v2\/media\/117695"}],"wp:attachment":[{"href":"https:\/\/ovelanalista.com\/index.php?rest_route=%2Fwp%2Fv2%2Fmedia&parent=117691"}],"wp:term":[{"taxonomy":"category","embeddable":true,"href":"https:\/\/ovelanalista.com\/index.php?rest_route=%2Fwp%2Fv2%2Fcategories&post=117691"},{"taxonomy":"post_tag","embeddable":true,"href":"https:\/\/ovelanalista.com\/index.php?rest_route=%2Fwp%2Fv2%2Ftags&post=117691"}],"curies":[{"name":"wp","href":"https:\/\/api.w.org\/{rel}","templated":true}]}}