{"id":117693,"date":"2025-04-04T11:38:40","date_gmt":"2025-04-04T18:38:40","guid":{"rendered":"https:\/\/ovelanalista.com\/?p=117693"},"modified":"2025-04-04T11:38:40","modified_gmt":"2025-04-04T18:38:40","slug":"triunfalismo-esquizofrenico","status":"publish","type":"post","link":"https:\/\/ovelanalista.com\/?p=117693","title":{"rendered":"\u201cTriunfalismo esquizofr\u00e9nico\u201d"},"content":{"rendered":"<p class=\"name-person\"><strong>Francisco Garfias<\/strong><\/p>\n<p>Lo dijo bien\u00a0<strong>Marcelo Ebrard<\/strong>. Adi\u00f3s cl\u00e1usula de naci\u00f3n m\u00e1s favorecida. Adi\u00f3s a las normas de libre comercio. La guerra arancelaria de\u00a0<strong>Donald Trump<\/strong>\u00a0le abre las puertas al proteccionismo. Hasta ah\u00ed estoy de acuerdo con el secretario de Econom\u00eda.<\/p>\n<p>Pero no con la postura oficial que nos pinta el panorama color de rosa y hasta zonas de \u201coportunidad\u201d ve en los aranceles rec\u00edprocos que el republicano le impuso al mundo. La realidad es que lo que asoma es el fantasma de la recesi\u00f3n econ\u00f3mica en M\u00e9xico, seg\u00fan los especialistas.<\/p>\n<p class=\"banner-content-ads\">\n<div id=\"video-dfp-remix-flow\" data-ads=\"\/35139216\/Excelsior\/Video_InRead_1\" data-target=\"video-ads-custom\">\n<div id=\"video-ads-custom\"><\/div>\n<\/div>\n<p>&nbsp;<\/p>\n<p>\u201cSobrevive el tratado\u201d, le dijo\u00a0<strong>Marcelo<\/strong>\u00a0a\u00a0<strong>Joaqu\u00edn L\u00f3pez-D\u00f3riga<\/strong>, en tono por dem\u00e1s optimista.<\/p>\n<p>&nbsp;<\/p>\n<p><strong>*<\/strong>\u00a0Esa afirmaci\u00f3n nada tiene que ver con lo que escuchamos el 2 de abril pasado en la Casa Blanca.<strong>Trump<\/strong>\u00a0calific\u00f3 el T-MEC como un \u201cdesastre\u201d.<\/p>\n<p>Sobre el T-MEC, el republicano dijo textual: \u201cFue un desastre. Vamos a necesitar el apoyo del Congreso para acabar con ese acuerdo, el peor de nuestra historia. Desde el principio que se llam\u00f3 Tratado de Libre Comercio de Am\u00e9rica del Norte, nuestro pa\u00eds perdi\u00f3 incontables plantas\u201d.<\/p>\n<p>La presidenta\u00a0<strong>Claudia Sheinbaum<\/strong>\u00a0afirm\u00f3 ayer que esas cr\u00edticas s\u00f3lo tienen que ver con el TLC. Si fuera as\u00ed \u00bfpor qu\u00e9 el jefe de la Casa Blanca dijo que va a necesitar el apoyo del Congreso para \u201cacabar\u201d con ese acuerdo? Es una pregunta que tiene sentido.<\/p>\n<article class=\"node-content\">\n<div class=\"body-node\">\n<div class=\"field field-name-body field-type-text-with-summary field-label-hidden\">\n<div class=\"field-items\">\n<div class=\"field-item even\">\n<p>Sobre el tema le preguntamos a\u00a0<strong>Ricardo Anaya<\/strong>, coordinador de la bancada del PAN en el Senado. Su respuesta contrast\u00f3 con el optimismo del r\u00e9gimen.<\/p>\n<p>\u201cEs grav\u00edsima la declaraci\u00f3n de\u00a0<strong>Donald Trump<\/strong>, porque desde la firma del Tratado de Libre Comercio, ahora T-MEC, la econom\u00eda mexicana depende, en una proporci\u00f3n extraordinaria, de las exportaciones.<\/p>\n<p>\u201cEl 35% de toda nuestra econom\u00eda es lo que exportamos. Ya lo he dicho: m\u00e1s de 80% de nuestras exportaciones van a Estados Unidos. Hay que ser realistas, no querer tapar el sol con un dedo. Escuchar lo que el se\u00f1or (<strong>Trump<\/strong>) dijo; no lo que nosotros queremos escuchar\u201d, puntualiz\u00f3.<\/p>\n<p>El panista hizo notar que \u201ces una realidad\u201d que el presidente de EU ya no est\u00e1 respetando el T-MEC. Mencion\u00f3 los\u00a0 aranceles de 25% al acero y al aluminio, que ayer ya se aplicaron a la cerveza en lata, pero tambi\u00e9n para la industria automotriz, salvo a los componentes fabricados en EU.<\/p>\n<p>\u201cMe qued\u00e9 corto cuando dije que era un triunfalismo exacerbado. Es un triunfalismo esquizofr\u00e9nico\u201d, puntualiz\u00f3 el excandidato presidencial.<\/p>\n<p>&nbsp;<\/p>\n<p><strong>*<\/strong>\u00a0Cinco madres buscadoras estuvieron ayer en el Senado. Se les ve\u00eda desesperadas. Hablaban y se les sal\u00edan las l\u00e1grimas. Las cinco portaban camisetas con la foto de los hijos o hijas que no encuentran desde hace uno, dos, tres y m\u00e1s a\u00f1os. Cuatro son de Chiapas y una de Quintana Roo.<\/p>\n<p>Se quejaron de que hay senadores chiapanecos que les han \u201cmentido\u201d, las han \u201cenga\u00f1ado\u201d y nunca les han dado la voz. Dieron un nombre:\u00a0<strong>Sasil de Le\u00f3n<\/strong>, legisladora de Morena.<\/p>\n<p>Ya encarreradas dieron rienda suelta a su indignaci\u00f3n porque al exgobernador de Chiapas,\u00a0<strong>Rutilio Escand\u00f3n<\/strong>\u00a0\u201clo premiaron\u201d con el Consulado en Miami.<\/p>\n<p>\u201cDice la presidenta\u00a0<strong>Sheinbaum<\/strong>\u00a0que llegaron todas, y mi hija no lleg\u00f3\u201d, dijo una. Las otras la siguieron \u201cni mis dos hijos\u201d, dijo otra, as\u00ed las cinco. \u201cNo llegaron todas\u201d, coincidieron.<\/p>\n<p>Ellas son:\u00a0<strong>Adriana G\u00f3mez Mart\u00ednez<\/strong>,\u00a0<strong>Silvia Betanzos<\/strong>,\u00a0<strong>Estela Santos Rodr\u00edguez<\/strong>,\u00a0<strong>Isabel Torres\u00a0<\/strong>y\u00a0<strong>Liliana<\/strong>\u00a0(no dijo su apellido, pero se\u00f1al\u00f3 que su hijo desaparecido era elemento activo de la Sedena).<\/p>\n<p>Lo \u00fanico que piden es ser escuchadas en parlamento abierto, antes de que se voten las reformas a la Ley General en Materia de Desaparici\u00f3n Forzada que la Presidenta envi\u00f3 al Senado.<\/p>\n<p>El martes pr\u00f3ximo se discute en comisiones. Ellas se regresan hoy a Chiapas.\u00a0<strong>Anaya<\/strong>\u00a0las invit\u00f3 para que regresen ese d\u00eda. Les ofreci\u00f3 apoyo para alimentos y hospedaje. Aceptaron.<\/p>\n<p>&nbsp;<\/p>\n<p><strong>*<\/strong>\u00a0A prop\u00f3sito de la inseguridad. Nos enteramos que la noche del pasado s\u00e1bado fue asaltada la sede de la revista\u00a0<em>Impacto<\/em>, ubicada en la alcald\u00eda Azcapotzalco. Se llevaron archivos, equipos de c\u00f3mputo, y otros materiales de seguridad.<\/p>\n<p>Ya se present\u00f3 la denuncia correspondiente ante el Ministerio P\u00fablico. Su director,\u00a0<strong>H\u00e9ctor Gandini<\/strong>, hizo un llamado a la Secretar\u00eda de Seguridad P\u00fablica de la CDMX y a la fiscal\u00eda capitalina para que el asalto no se quede en el cl\u00e1sico \u201cestamos investigando\u201d.<\/p>\n<\/div>\n<\/div>\n<\/div>\n<\/div>\n<\/article>\n","protected":false},"excerpt":{"rendered":"<p>Francisco Garfias Lo dijo bien\u00a0Marcelo Ebrard. Adi\u00f3s cl\u00e1usula de naci\u00f3n m\u00e1s favorecida. Adi\u00f3s a las normas de libre comercio. La guerra arancelaria de\u00a0Donald Trump\u00a0le abre las puertas al proteccionismo. Hasta ah\u00ed estoy de acuerdo con el secretario de Econom\u00eda. Pero no con la postura oficial que nos pinta el panorama color de rosa y hasta zonas de \u201coportunidad\u201d ve en los aranceles rec\u00edprocos que el republicano le impuso al mundo. La realidad es que lo que asoma es el fantasma de la recesi\u00f3n econ\u00f3mica en M\u00e9xico, seg\u00fan los especialistas. &nbsp; \u201cSobrevive el tratado\u201d, le dijo\u00a0Marcelo\u00a0a\u00a0Joaqu\u00edn L\u00f3pez-D\u00f3riga, en tono por dem\u00e1s [&hellip;]<\/p>\n","protected":false},"author":3,"featured_media":104284,"comment_status":"open","ping_status":"open","sticky":false,"template":"","format":"standard","meta":{"_jetpack_newsletter_access":"","_jetpack_dont_email_post_to_subs":false,"_jetpack_newsletter_tier_id":0,"_jetpack_memberships_contains_paywalled_content":false,"_jetpack_feature_clip_id":0,"_jetpack_memberships_contains_paid_content":false,"footnotes":"","jetpack_publicize_message":"","jetpack_publicize_feature_enabled":true,"jetpack_social_post_already_shared":true,"jetpack_social_options":{"image_generator_settings":{"template":"highway","default_image_id":0,"font":"","enabled":false},"version":2},"jetpack_post_was_ever_published":false},"categories":[79],"tags":[],"class_list":["post-117693","post","type-post","status-publish","format-standard","has-post-thumbnail","hentry","category-columnistas-nacionales","post--single"],"jetpack_publicize_connections":[],"jetpack_featured_media_url":"https:\/\/ovelanalista.com\/wp-content\/uploads\/2024\/09\/Garfias-5-2.jpg","jetpack_sharing_enabled":true,"_links":{"self":[{"href":"https:\/\/ovelanalista.com\/index.php?rest_route=\/wp\/v2\/posts\/117693","targetHints":{"allow":["GET"]}}],"collection":[{"href":"https:\/\/ovelanalista.com\/index.php?rest_route=\/wp\/v2\/posts"}],"about":[{"href":"https:\/\/ovelanalista.com\/index.php?rest_route=\/wp\/v2\/types\/post"}],"author":[{"embeddable":true,"href":"https:\/\/ovelanalista.com\/index.php?rest_route=\/wp\/v2\/users\/3"}],"replies":[{"embeddable":true,"href":"https:\/\/ovelanalista.com\/index.php?rest_route=%2Fwp%2Fv2%2Fcomments&post=117693"}],"version-history":[{"count":1,"href":"https:\/\/ovelanalista.com\/index.php?rest_route=\/wp\/v2\/posts\/117693\/revisions"}],"predecessor-version":[{"id":117694,"href":"https:\/\/ovelanalista.com\/index.php?rest_route=\/wp\/v2\/posts\/117693\/revisions\/117694"}],"wp:featuredmedia":[{"embeddable":true,"href":"https:\/\/ovelanalista.com\/index.php?rest_route=\/wp\/v2\/media\/104284"}],"wp:attachment":[{"href":"https:\/\/ovelanalista.com\/index.php?rest_route=%2Fwp%2Fv2%2Fmedia&parent=117693"}],"wp:term":[{"taxonomy":"category","embeddable":true,"href":"https:\/\/ovelanalista.com\/index.php?rest_route=%2Fwp%2Fv2%2Fcategories&post=117693"},{"taxonomy":"post_tag","embeddable":true,"href":"https:\/\/ovelanalista.com\/index.php?rest_route=%2Fwp%2Fv2%2Ftags&post=117693"}],"curies":[{"name":"wp","href":"https:\/\/api.w.org\/{rel}","templated":true}]}}