{"id":119673,"date":"2025-05-06T14:00:54","date_gmt":"2025-05-06T20:00:54","guid":{"rendered":"https:\/\/ovelanalista.com\/?p=119673"},"modified":"2025-05-06T11:18:26","modified_gmt":"2025-05-06T17:18:26","slug":"narcobloqueos-y-refriegas-desatan-caos-en-sinaloa","status":"publish","type":"post","link":"https:\/\/ovelanalista.com\/?p=119673","title":{"rendered":"&#8216;Narcobloqueos&#8217; y refriegas desatan caos en Sinaloa"},"content":{"rendered":"<p class=\"nota-justify\"><i>Mazatl\u00e1n, Sin.\u00a0<\/i>Tres tr\u00e1ileres calcinados y la autopista Culiac\u00e1n-Mazatl\u00e1n bloqueada en el kil\u00f3metro 101 a la altura del municipio de Elota, adem\u00e1s de un civil muerto a balazos en las inmediaciones del conflicto, fue el saldo de la madrugada del martes, seg\u00fan informaci\u00f3n oficial.<\/p>\n<p class=\"nota-justify\">Se report\u00f3 que luego de los hechos, las rutas de transporte entre Mazatl\u00e1n y Culiac\u00e1n fueron suspendidas y los veh\u00edculos quedaron detenidos, con largas filas al llegar a la caseta de cobro de Costa Rica y hasta la de M\u00e1rmol en Mazatl\u00e1n, por lo que un carril fue acondicionado para su circulaci\u00f3n en doble sentido.<\/p>\n<p class=\"nota-justify\">Los pasajeros relataron que tuvieron que esperar hasta tres horas para que se liberara uno de los carriles por ambos sentidos para que los veh\u00edculos varados lograran continuar el trayecto.<\/p>\n<p class=\"nota-justify\">Por las condiciones de inseguridad en Escuinapa, al sur de la entidad, el ayuntamiento instruy\u00f3 suspender las clases y a trav\u00e9s de un comunicado inform\u00f3 que \u201cdebido a los recientes acontecimientos en nuestra comunidad y con el objetivo principal de salvaguardar la seguridad e integridad de nuestros estudiantes y personal, hemos tomado la dif\u00edcil decisi\u00f3n de suspender las clases el d\u00eda 6 de mayo en todo el municipio\u201d.<\/p>\n<p class=\"nota-justify\">Tambi\u00e9n la Universidad Aut\u00f3noma de Sinaloa anunci\u00f3 que este d\u00eda en Guam\u00fachil y Sinaloa de Leyva se tomar\u00e1n clases en modalidad virtual para evitar riesgo a la comunidad escolar.<\/p>\n<p class=\"nota-justify\">En tanto, la Universidad Aut\u00f3noma de Occidente (UAdeO) se sum\u00f3 a la modalidad de clases virtuales en los municipios de Guasave, Sinaloa de Leyva, Guam\u00fachil y Culiac\u00e1n.<\/p>\n<p class=\"nota-justify\">La Fiscal\u00eda General del Estado inform\u00f3 que el 5 de mayo localizaron a seis personas sin vida, cuatro homicidios dolosos en Culiac\u00e1n, uno en Salvador Alvarado y una osamenta en este municipio, adem\u00e1s, por el robo de veh\u00edculos se reportaron 21 denuncias a la Unidad Especializada de Robo de Veh\u00edculos en la regi\u00f3n centro, tambi\u00e9n cuatro denuncias por privaci\u00f3n de la libertad personal.<\/p>\n<p>Con informaci\u00f3n de La Jornada<\/p>\n","protected":false},"excerpt":{"rendered":"<p>Mazatl\u00e1n, Sin.\u00a0Tres tr\u00e1ileres calcinados y la autopista Culiac\u00e1n-Mazatl\u00e1n bloqueada en el kil\u00f3metro 101 a la altura del municipio de Elota, adem\u00e1s de un civil muerto a balazos en las inmediaciones del conflicto, fue el saldo de la madrugada del martes, seg\u00fan informaci\u00f3n oficial. Se report\u00f3 que luego de los hechos, las rutas de transporte entre Mazatl\u00e1n y Culiac\u00e1n fueron suspendidas y los veh\u00edculos quedaron detenidos, con largas filas al llegar a la caseta de cobro de Costa Rica y hasta la de M\u00e1rmol en Mazatl\u00e1n, por lo que un carril fue acondicionado para su circulaci\u00f3n en doble sentido. Los pasajeros [&hellip;]<\/p>\n","protected":false},"author":3,"featured_media":119676,"comment_status":"open","ping_status":"open","sticky":false,"template":"","format":"standard","meta":{"_jetpack_newsletter_access":"","_jetpack_dont_email_post_to_subs":false,"_jetpack_newsletter_tier_id":0,"_jetpack_memberships_contains_paywalled_content":false,"_jetpack_feature_clip_id":0,"_jetpack_memberships_contains_paid_content":false,"footnotes":"","jetpack_publicize_message":"","jetpack_publicize_feature_enabled":true,"jetpack_social_post_already_shared":true,"jetpack_social_options":{"image_generator_settings":{"template":"highway","default_image_id":0,"font":"","enabled":false},"version":2},"jetpack_post_was_ever_published":false},"categories":[92,75],"tags":[],"class_list":["post-119673","post","type-post","status-publish","format-standard","has-post-thumbnail","hentry","category-entrevistas","category-nacional","post--single"],"jetpack_publicize_connections":[],"jetpack_featured_media_url":"https:\/\/ovelanalista.com\/wp-content\/uploads\/2025\/05\/violencia-en-sinaloa-narcobloqueos_f095caec-1ea2-415a-b807-670e39b0aadb_medialjnimgndimagefullsize.webp","jetpack_sharing_enabled":true,"_links":{"self":[{"href":"https:\/\/ovelanalista.com\/index.php?rest_route=\/wp\/v2\/posts\/119673","targetHints":{"allow":["GET"]}}],"collection":[{"href":"https:\/\/ovelanalista.com\/index.php?rest_route=\/wp\/v2\/posts"}],"about":[{"href":"https:\/\/ovelanalista.com\/index.php?rest_route=\/wp\/v2\/types\/post"}],"author":[{"embeddable":true,"href":"https:\/\/ovelanalista.com\/index.php?rest_route=\/wp\/v2\/users\/3"}],"replies":[{"embeddable":true,"href":"https:\/\/ovelanalista.com\/index.php?rest_route=%2Fwp%2Fv2%2Fcomments&post=119673"}],"version-history":[{"count":1,"href":"https:\/\/ovelanalista.com\/index.php?rest_route=\/wp\/v2\/posts\/119673\/revisions"}],"predecessor-version":[{"id":119680,"href":"https:\/\/ovelanalista.com\/index.php?rest_route=\/wp\/v2\/posts\/119673\/revisions\/119680"}],"wp:featuredmedia":[{"embeddable":true,"href":"https:\/\/ovelanalista.com\/index.php?rest_route=\/wp\/v2\/media\/119676"}],"wp:attachment":[{"href":"https:\/\/ovelanalista.com\/index.php?rest_route=%2Fwp%2Fv2%2Fmedia&parent=119673"}],"wp:term":[{"taxonomy":"category","embeddable":true,"href":"https:\/\/ovelanalista.com\/index.php?rest_route=%2Fwp%2Fv2%2Fcategories&post=119673"},{"taxonomy":"post_tag","embeddable":true,"href":"https:\/\/ovelanalista.com\/index.php?rest_route=%2Fwp%2Fv2%2Ftags&post=119673"}],"curies":[{"name":"wp","href":"https:\/\/api.w.org\/{rel}","templated":true}]}}