{"id":119674,"date":"2025-05-06T14:15:08","date_gmt":"2025-05-06T20:15:08","guid":{"rendered":"https:\/\/ovelanalista.com\/?p=119674"},"modified":"2025-05-06T11:16:45","modified_gmt":"2025-05-06T17:16:45","slug":"detienen-en-sinaloa-a-chuy-presunto-operador-de-los-mayitos","status":"publish","type":"post","link":"https:\/\/ovelanalista.com\/?p=119674","title":{"rendered":"Detienen en Sinaloa a &#8216;Chuy&#8217;, presunto operador de &#8216;Los Mayitos&#8217;"},"content":{"rendered":"<p>Guzm\u00e1n Castro es buscado en la UE por los delitos de conspiraci\u00f3n y distribuci\u00f3n de coca\u00edna<\/p>\n<div>\n<div><span>Gustavo Castillo<\/span><\/div>\n<\/div>\n<div><\/div>\n<div><span>En un operativo conjunto, autoridades federales detuvieron con multas de extradici\u00f3n en Sinaloa a Jes\u00fas Guzm\u00e1n Castro,\u00a0<\/span><i><span>Chuy<\/span><\/i><span>\u00a0, identificado como operador de la facci\u00f3n de\u00a0<\/span><i><span>Los Mayitos<\/span><\/i><span>\u00a0, del\u00a0<\/span><i><span>c\u00e1rtel<\/span><\/i><span>\u00a0de Sinaloa.<\/span><\/div>\n<div><\/div>\n<div><span>Guzm\u00e1n Castro es solicitado por las autoridades de Estados Unidos para que sea juzgado por los delitos de conspiraci\u00f3n y distribuci\u00f3n de coca\u00edna.<\/span><\/div>\n<div><\/div>\n<div><span>El gobierno mexicano indic\u00f3 que al detenido tambi\u00e9n se le relaciona con los delitos de asociaci\u00f3n delictuosa, contra la salud y operaciones con recursos de procedencia il\u00edcita.<\/span><\/div>\n<div><\/div>\n<div><span>La captura se realiz\u00f3 en la avenida Los \u00c1lamos, en la colonia La Campi\u00f1a, en el municipio de Culiac\u00e1n, por elementos de la Agencia de Investigaci\u00f3n Criminal (AIC) de la Fiscal\u00eda General de la Rep\u00fablica (FGR) y Secretar\u00eda de Marina (Semar), junto con la Secretar\u00eda de la Defensa Nacional (Defensa), Guardia Nacional (GN) y Secretar\u00eda de Seguridad y Protecci\u00f3n Ciudadana (SSPC).<\/span><\/div>\n<div><\/div>\n<div><i><span>Chuy<\/span><\/i><span>\u00a0fue puesto a disposici\u00f3n del Ministerio P\u00fablico Federal.<\/span><\/div>\n<div><\/div>\n<div><\/div>\n<div><\/div>\n<div>Con informaci\u00f3n de La Jornada Maya<\/div>\n","protected":false},"excerpt":{"rendered":"<p>Guzm\u00e1n Castro es buscado en la UE por los delitos de conspiraci\u00f3n y distribuci\u00f3n de coca\u00edna Gustavo Castillo En un operativo conjunto, autoridades federales detuvieron con multas de extradici\u00f3n en Sinaloa a Jes\u00fas Guzm\u00e1n Castro,\u00a0Chuy\u00a0, identificado como operador de la facci\u00f3n de\u00a0Los Mayitos\u00a0, del\u00a0c\u00e1rtel\u00a0de Sinaloa. Guzm\u00e1n Castro es solicitado por las autoridades de Estados Unidos para que sea juzgado por los delitos de conspiraci\u00f3n y distribuci\u00f3n de coca\u00edna. El gobierno mexicano indic\u00f3 que al detenido tambi\u00e9n se le relaciona con los delitos de asociaci\u00f3n delictuosa, contra la salud y operaciones con recursos de procedencia il\u00edcita. La captura se realiz\u00f3 en [&hellip;]<\/p>\n","protected":false},"author":3,"featured_media":119677,"comment_status":"open","ping_status":"open","sticky":false,"template":"","format":"standard","meta":{"_jetpack_newsletter_access":"","_jetpack_dont_email_post_to_subs":false,"_jetpack_newsletter_tier_id":0,"_jetpack_memberships_contains_paywalled_content":false,"_jetpack_feature_clip_id":0,"_jetpack_memberships_contains_paid_content":false,"footnotes":"","jetpack_publicize_message":"","jetpack_publicize_feature_enabled":true,"jetpack_social_post_already_shared":true,"jetpack_social_options":{"image_generator_settings":{"template":"highway","default_image_id":0,"font":"","enabled":false},"version":2},"jetpack_post_was_ever_published":false},"categories":[90,75],"tags":[],"class_list":["post-119674","post","type-post","status-publish","format-standard","has-post-thumbnail","hentry","category-estatal","category-nacional","post--single"],"jetpack_publicize_connections":[],"jetpack_featured_media_url":"https:\/\/ovelanalista.com\/wp-content\/uploads\/2025\/05\/MAYITOS_6DEMAYO_19.webp","jetpack_sharing_enabled":true,"_links":{"self":[{"href":"https:\/\/ovelanalista.com\/index.php?rest_route=\/wp\/v2\/posts\/119674","targetHints":{"allow":["GET"]}}],"collection":[{"href":"https:\/\/ovelanalista.com\/index.php?rest_route=\/wp\/v2\/posts"}],"about":[{"href":"https:\/\/ovelanalista.com\/index.php?rest_route=\/wp\/v2\/types\/post"}],"author":[{"embeddable":true,"href":"https:\/\/ovelanalista.com\/index.php?rest_route=\/wp\/v2\/users\/3"}],"replies":[{"embeddable":true,"href":"https:\/\/ovelanalista.com\/index.php?rest_route=%2Fwp%2Fv2%2Fcomments&post=119674"}],"version-history":[{"count":1,"href":"https:\/\/ovelanalista.com\/index.php?rest_route=\/wp\/v2\/posts\/119674\/revisions"}],"predecessor-version":[{"id":119679,"href":"https:\/\/ovelanalista.com\/index.php?rest_route=\/wp\/v2\/posts\/119674\/revisions\/119679"}],"wp:featuredmedia":[{"embeddable":true,"href":"https:\/\/ovelanalista.com\/index.php?rest_route=\/wp\/v2\/media\/119677"}],"wp:attachment":[{"href":"https:\/\/ovelanalista.com\/index.php?rest_route=%2Fwp%2Fv2%2Fmedia&parent=119674"}],"wp:term":[{"taxonomy":"category","embeddable":true,"href":"https:\/\/ovelanalista.com\/index.php?rest_route=%2Fwp%2Fv2%2Fcategories&post=119674"},{"taxonomy":"post_tag","embeddable":true,"href":"https:\/\/ovelanalista.com\/index.php?rest_route=%2Fwp%2Fv2%2Ftags&post=119674"}],"curies":[{"name":"wp","href":"https:\/\/api.w.org\/{rel}","templated":true}]}}