{"id":120280,"date":"2025-05-14T10:39:28","date_gmt":"2025-05-14T16:39:28","guid":{"rendered":"https:\/\/ovelanalista.com\/?p=120280"},"modified":"2025-06-09T17:45:43","modified_gmt":"2025-06-09T23:45:43","slug":"se-presentaran-hoy-los-regidores-morenistas-al-cabildo-de-ahome","status":"publish","type":"post","link":"https:\/\/ovelanalista.com\/?p=120280","title":{"rendered":"\u00bfSe presentar\u00e1n hoy los regidores morenistas al Cabildo de Ahome?"},"content":{"rendered":"<div><\/div>\n<div><\/div>\n<div><strong>Javier Castro\u00a0<\/strong><\/div>\n<div><\/div>\n<div>Ahome, Sinaloa \u201414 de Mayo 2025.-\u00a0 Hoy mi\u00e9rcoles, todas las miradas est\u00e1n puestas en el Cabildo de Ahome, donde se espera la asistencia de los regidores morenistas que el pasado lunes 12 de mayo decidieron no presentarse a la sesi\u00f3n encabezada por el presidente municipal sustituto, Antonio Men\u00e9ndez.<\/div>\n<div><\/div>\n<div>A trav\u00e9s de un comunicado, los regidores justificaron su ausencia se\u00f1alando que no fueron notificados formalmente sobre la convocatoria a dicha sesi\u00f3n. En respuesta a esta situaci\u00f3n, se gir\u00f3 un nuevo citatorio con un plazo de 48 horas para llevar a cabo una sesi\u00f3n extraordinaria, como lo establece la normativa municipal.<\/div>\n<div><\/div>\n<div>Desde su toma de protesta, Antonio Men\u00e9ndez ha enfrentado un escenario tenso marcado por desacuerdos pol\u00edticos, particularmente con algunos integrantes del cuerpo edilicio. Las ausencias y el llamado \u201cestira y afloje\u201d pol\u00edtico han comenzado a entorpecer la operatividad del Ayuntamiento.<\/div>\n<div><\/div>\n<div>No obstante, ciudadanos comienza a cuestionar las posturas de los regidores ausentes. Por lo que los mismos regidores deber\u00edan De pensar\u00a0 \u00a0\u201cSi fue posible sustituir al\u00a0 anterior presidente municipal, tambi\u00e9n se\u00a0 podr\u00eda sustituir a los regidores que no cumplen con su deber\u201d, .<\/div>\n<div><\/div>\n<div>La sesi\u00f3n de hoy ser\u00e1 crucial no solo para avanzar en la agenda del Ayuntamiento, sino para medir el tono con el que se desarrollar\u00e1 el resto de la gesti\u00f3n de Men\u00e9ndez al frente del municipio.<\/div>\n","protected":false},"excerpt":{"rendered":"<p>Javier Castro\u00a0 Ahome, Sinaloa \u201414 de Mayo 2025.-\u00a0 Hoy mi\u00e9rcoles, todas las miradas est\u00e1n puestas en el Cabildo de Ahome, donde se espera la asistencia de los regidores morenistas que el pasado lunes 12 de mayo decidieron no presentarse a la sesi\u00f3n encabezada por el presidente municipal sustituto, Antonio Men\u00e9ndez. A trav\u00e9s de un comunicado, los regidores justificaron su ausencia se\u00f1alando que no fueron notificados formalmente sobre la convocatoria a dicha sesi\u00f3n. En respuesta a esta situaci\u00f3n, se gir\u00f3 un nuevo citatorio con un plazo de 48 horas para llevar a cabo una sesi\u00f3n extraordinaria, como lo establece la normativa [&hellip;]<\/p>\n","protected":false},"author":3,"featured_media":120283,"comment_status":"open","ping_status":"open","sticky":false,"template":"","format":"standard","meta":{"_jetpack_newsletter_access":"","_jetpack_dont_email_post_to_subs":false,"_jetpack_newsletter_tier_id":0,"_jetpack_memberships_contains_paywalled_content":false,"_jetpack_feature_clip_id":0,"_jetpack_memberships_contains_paid_content":false,"footnotes":"","jetpack_publicize_message":"","jetpack_publicize_feature_enabled":true,"jetpack_social_post_already_shared":true,"jetpack_social_options":{"image_generator_settings":{"template":"highway","default_image_id":0,"font":"","enabled":false},"version":2},"jetpack_post_was_ever_published":false},"categories":[90,72,85],"tags":[],"class_list":["post-120280","post","type-post","status-publish","format-standard","has-post-thumbnail","hentry","category-estatal","category-portada","category-sinaloa-norte","post--single"],"jetpack_publicize_connections":[],"jetpack_featured_media_url":"https:\/\/ovelanalista.com\/wp-content\/uploads\/2025\/05\/WhatsApp-Image-2025-05-14-at-9.38.51-AM.jpeg","jetpack_sharing_enabled":true,"_links":{"self":[{"href":"https:\/\/ovelanalista.com\/index.php?rest_route=\/wp\/v2\/posts\/120280","targetHints":{"allow":["GET"]}}],"collection":[{"href":"https:\/\/ovelanalista.com\/index.php?rest_route=\/wp\/v2\/posts"}],"about":[{"href":"https:\/\/ovelanalista.com\/index.php?rest_route=\/wp\/v2\/types\/post"}],"author":[{"embeddable":true,"href":"https:\/\/ovelanalista.com\/index.php?rest_route=\/wp\/v2\/users\/3"}],"replies":[{"embeddable":true,"href":"https:\/\/ovelanalista.com\/index.php?rest_route=%2Fwp%2Fv2%2Fcomments&post=120280"}],"version-history":[{"count":3,"href":"https:\/\/ovelanalista.com\/index.php?rest_route=\/wp\/v2\/posts\/120280\/revisions"}],"predecessor-version":[{"id":123000,"href":"https:\/\/ovelanalista.com\/index.php?rest_route=\/wp\/v2\/posts\/120280\/revisions\/123000"}],"wp:featuredmedia":[{"embeddable":true,"href":"https:\/\/ovelanalista.com\/index.php?rest_route=\/wp\/v2\/media\/120283"}],"wp:attachment":[{"href":"https:\/\/ovelanalista.com\/index.php?rest_route=%2Fwp%2Fv2%2Fmedia&parent=120280"}],"wp:term":[{"taxonomy":"category","embeddable":true,"href":"https:\/\/ovelanalista.com\/index.php?rest_route=%2Fwp%2Fv2%2Fcategories&post=120280"},{"taxonomy":"post_tag","embeddable":true,"href":"https:\/\/ovelanalista.com\/index.php?rest_route=%2Fwp%2Fv2%2Ftags&post=120280"}],"curies":[{"name":"wp","href":"https:\/\/api.w.org\/{rel}","templated":true}]}}