{"id":122473,"date":"2025-06-05T10:49:28","date_gmt":"2025-06-05T16:49:28","guid":{"rendered":"https:\/\/ovelanalista.com\/?p=122473"},"modified":"2025-06-05T10:49:59","modified_gmt":"2025-06-05T16:49:59","slug":"se-le-revertira-a-morena-su-reforma-no-podra-controlar-a-los-juzgadores-diego-valades","status":"publish","type":"post","link":"https:\/\/ovelanalista.com\/?p=122473","title":{"rendered":"\u2018Se le revertir\u00e1 a Morena su reforma; no podr\u00e1 controlar a los juzgadores\u2019: Diego Valad\u00e9s"},"content":{"rendered":"<div class=\"c-stack b-right-rail__full-width-1\" data-style-direction=\"vertical\" data-style-justification=\"start\" data-style-alignment=\"unset\" data-style-inline=\"false\" data-style-wrap=\"nowrap\">\n<h2 class=\"c-heading b-subheadline\">El jurista Diego Valad\u00e9s alert\u00f3 que ministros, jueces y magistrados mantendr\u00e1n control sobre sus decisiones a pesar de la elecci\u00f3n judicial.<\/h2>\n<div class=\"default__StyledDiv-sc-cj38t1-0 clbmyO share-bar\"><\/div>\n<\/div>\n<div class=\"c-grid b-right-rail__rail-container\">\n<div class=\"c-stack b-right-rail__main-interior-item\" data-style-direction=\"vertical\" data-style-justification=\"start\" data-style-alignment=\"unset\" data-style-inline=\"false\" data-style-wrap=\"nowrap\">\n<div class=\"b-lead-art\">\n<figure class=\"c-media-item\">\n<div class=\"b-lead-art__image-wrapper\">\n<picture><source srcset=\"https:\/\/www.elfinanciero.com.mx\/resizer\/v2\/LXTCQYLXSJGHNNPKTPNAESNEAI.jpg?smart=true&amp;auth=fb704d3e2d605a610c7d04367526b28a0816f9a87121461f03b0d97130daa693&amp;width=1200&amp;height=675&amp;quality=85 1200w\" type=\"image\/webp\" media=\"(min-width: 1024px)\" \/><source srcset=\"https:\/\/www.elfinanciero.com.mx\/resizer\/v2\/LXTCQYLXSJGHNNPKTPNAESNEAI.jpg?smart=true&amp;auth=fb704d3e2d605a610c7d04367526b28a0816f9a87121461f03b0d97130daa693&amp;width=850&amp;height=478&amp;quality=85 850w\" type=\"image\/webp\" media=\"(min-width: 768px)\" \/><source srcset=\"https:\/\/www.elfinanciero.com.mx\/resizer\/v2\/LXTCQYLXSJGHNNPKTPNAESNEAI.jpg?smart=true&amp;auth=fb704d3e2d605a610c7d04367526b28a0816f9a87121461f03b0d97130daa693&amp;width=700&amp;height=393&amp;quality=85 700w\" type=\"image\/webp\" media=\"(min-width: 580px)\" \/><source srcset=\"https:\/\/www.elfinanciero.com.mx\/resizer\/v2\/LXTCQYLXSJGHNNPKTPNAESNEAI.jpg?smart=true&amp;auth=fb704d3e2d605a610c7d04367526b28a0816f9a87121461f03b0d97130daa693&amp;width=600&amp;height=337&amp;quality=85 600w\" type=\"image\/webp\" media=\"(min-width: 350px)\" \/><\/picture>\n<p class=\"c-paragraph\">Al gobierno de\u00a0<b>Morena<\/b>\u00a0\u201cse le va a revertir su\u00a0<a title=\"https:\/\/www.elfinanciero.com.mx\/nacional\/2024\/09\/11\/en-que-consiste-la-reforma-al-poder-judicial-4-puntos-clave-para-entender-la-polemica-propuesta\/\" href=\"https:\/\/www.elfinanciero.com.mx\/nacional\/2024\/09\/11\/en-que-consiste-la-reforma-al-poder-judicial-4-puntos-clave-para-entender-la-polemica-propuesta\/\" target=\"_self\" rel=\"noopener\">reforma al Poder Judicial<\/a>\u201d, advirti\u00f3 el\u00a0<a title=\"https:\/\/www.elfinanciero.com.mx\/nacional\/2024\/04\/24\/urge-valades-a-revisar-el-sistema-de-justicia-del-pais-por-completo\/\" href=\"https:\/\/www.elfinanciero.com.mx\/nacional\/2024\/04\/24\/urge-valades-a-revisar-el-sistema-de-justicia-del-pais-por-completo\/\" target=\"_self\" rel=\"noopener\">jurista Diego Valad\u00e9s<\/a>, al afirmar que el movimiento de la \u20184T\u2019 \u201ccree que va a poder controlar a\u00a0<a title=\"https:\/\/www.elfinanciero.com.mx\/nacional\/eleccion-judicial\/2025\/05\/10\/elecciones-judiciales-2025-cuales-son-las-diferencias-entre-ministro-de-la-corte-magistrado-y-juez\/\" href=\"https:\/\/www.elfinanciero.com.mx\/nacional\/eleccion-judicial\/2025\/05\/10\/elecciones-judiciales-2025-cuales-son-las-diferencias-entre-ministro-de-la-corte-magistrado-y-juez\/\" target=\"_self\" rel=\"noopener\">ministros, jueces y magistrados<\/a>, pero no le ser\u00e1 posible\u201d.<\/p>\n<p class=\"c-paragraph\">El exministro de la SCJN \u2013de mayo a diciembre de 1994 \u2013 explic\u00f3 que \u201cel\u00a0<a title=\"https:\/\/www.elfinanciero.com.mx\/nacional\/eleccion-judicial\/2025\/06\/03\/renovacion-del-poder-judicial-cuanto-dura-la-presidencia-de-la-suprema-corte\/\" href=\"https:\/\/www.elfinanciero.com.mx\/nacional\/eleccion-judicial\/2025\/06\/03\/renovacion-del-poder-judicial-cuanto-dura-la-presidencia-de-la-suprema-corte\/\" target=\"_self\" rel=\"noopener\">presidente de la Suprema Corte<\/a>\u00a0tendr\u00e1 tanto poder y legitimidad como el mismo presidente de la Rep\u00fablica, quiz\u00e1 con menos votos, pero con la misma fuente de legitimidad del\u00a0<b>voto ciudadano<\/b>\u00a0y con m\u00e1s tiempo en el cargo\u201d.<\/p>\n<div id=\"arcad-feature-f0ffmTzFzpuU8mf-1fcf833412248e\" class=\"c-stack b-ads-block\" data-style-direction=\"vertical\" data-style-justification=\"start\" data-style-alignment=\"center\" data-style-inline=\"false\" data-style-wrap=\"nowrap\">\n<div class=\"ad_1x1\" data-testid=\"ad-block-unit-wrapper\">\n<div id=\"arcad_f0ffmTzFzpuU8mf-1fcf833412248e\" data-google-query-id=\"CJ31hLjd2o0DFXXfGAIdbAcdRQ\">\n<div id=\"google_ads_iframe_\/77835600\/ElFinanciero__internas\/inread_oop_0__container__\"><\/div>\n<\/div>\n<\/div>\n<\/div>\n<p class=\"c-paragraph\">\u201cEl gobierno cree que va a tener controles sobre los\u00a0<a title=\"https:\/\/www.elfinanciero.com.mx\/elecciones-al-poder-judicial-2025\/computos-distritales-judiciales-2025\/\" href=\"https:\/\/www.elfinanciero.com.mx\/elecciones-al-poder-judicial-2025\/computos-distritales-judiciales-2025\/\" target=\"_blank\" rel=\"noopener noreferrer\">elegidos ministros, jueces y magistrados<\/a>, pero eso es falso; con la fuerza y la legitimidad del voto, ellos tendr\u00e1n el control y mantendr\u00e1n su propia soberan\u00eda en la determinaci\u00f3n de sus decisiones\u201d, argument\u00f3.<\/p>\n<p class=\"c-paragraph\">Tambi\u00e9n, los ministros, jueces y magistrados \u201ctendr\u00e1n la misma fuente de legitimidad que los propios legisladores federales, por lo que podr\u00e1n frenar o modificar con toda libertad sus\u00a0<b>leyes y reformas<\/b>\u201d.<\/p>\n<p class=\"c-paragraph\">En entrevista en el programa\u00a0<a title=\"https:\/\/www.elfinanciero.com.mx\/tv\/entredichos\/\" href=\"https:\/\/www.elfinanciero.com.mx\/tv\/entredichos\/\" target=\"_self\" rel=\"noopener\">EntreDichos, de El Financiero TV,<\/a>\u00a0el\u00a0<a title=\"https:\/\/www.elfinanciero.com.mx\/nacional\/2025\/06\/02\/no-ayudo-calderon-como-le-fue-a-marisela-morales-extitular-de-la-pgr-en-las-elecciones-judiciales\/\" href=\"https:\/\/www.elfinanciero.com.mx\/nacional\/2025\/06\/02\/no-ayudo-calderon-como-le-fue-a-marisela-morales-extitular-de-la-pgr-en-las-elecciones-judiciales\/\" target=\"_self\" rel=\"noopener\">exprocurador general de la Rep\u00fablica<\/a>\u00a0\u2013de enero a mayo de 1994 \u2013 e investigador em\u00e9rito hoy del\u00a0<b>Instituto de Investigaciones Jur\u00eddicas de la UNAM<\/b>, expuso que \u201cse dijo que, como hay corrupci\u00f3n, hay que elegirlos, como si la elecci\u00f3n fuera una garant\u00eda de la honorabilidad de los elegidos\u201d.<\/p>\n<p class=\"c-paragraph\">Lo que no saben \u2013alert\u00f3\u2013 es que \u201cveremos fen\u00f3menos de corrupci\u00f3n como no hemos conocido en el pa\u00eds; se disparar\u00e1 de una manera inimaginable\u201d, al anticipar que \u201cla reforma va a poner a todos los\u00a0<b>jueces penales del pa\u00eds<\/b>, locales y federales, a merced de la extorsi\u00f3n que sobre ellos deseen ejercer los diferentes grupos delincuenciales\u201d.<\/p>\n<p>\u201cLa elecci\u00f3n y la inamovilidad de los jueces, que permanecer\u00e1n s\u00f3lo en un lugar, ser\u00e1n objeto de presiones, extorsiones y amenazas, con lo que los delincuentes saldr\u00e1n en libertad; ser\u00e1n los caciques locales los que se van a adue\u00f1ar de los sistemas judiciales locales y federales, lo que tendr\u00e1 un efecto exactamente inverso al que se propuso\u201d, recalc\u00f3.<\/p>\n<p>Por ello, coment\u00f3 que \u201celegir jueces es un acto demag\u00f3gico, no democr\u00e1tico\u201d, y es tambi\u00e9n \u201cacabar con el sistema judicial completo, sin sustituirlo por nada\u201d.<\/p>\n<p>Valad\u00e9s R\u00edos lament\u00f3 que el gobierno no tenga la capacidad de \u201cver lo que va a pasar, las afectaciones ser\u00e1n para las autoridades y tendr\u00e1n que rectificar y reconocer que el pa\u00eds se volvi\u00f3 ingobernable\u201d.<\/p>\n<p>Con informaci\u00f3n de El Financiero<\/p>\n<\/div>\n<\/figure>\n<\/div>\n<\/div>\n<\/div>\n","protected":false},"excerpt":{"rendered":"<p>El jurista Diego Valad\u00e9s alert\u00f3 que ministros, jueces y magistrados mantendr\u00e1n control sobre sus decisiones a pesar de la elecci\u00f3n judicial. Al gobierno de\u00a0Morena\u00a0\u201cse le va a revertir su\u00a0reforma al Poder Judicial\u201d, advirti\u00f3 el\u00a0jurista Diego Valad\u00e9s, al afirmar que el movimiento de la \u20184T\u2019 \u201ccree que va a poder controlar a\u00a0ministros, jueces y magistrados, pero no le ser\u00e1 posible\u201d. El exministro de la SCJN \u2013de mayo a diciembre de 1994 \u2013 explic\u00f3 que \u201cel\u00a0presidente de la Suprema Corte\u00a0tendr\u00e1 tanto poder y legitimidad como el mismo presidente de la Rep\u00fablica, quiz\u00e1 con menos votos, pero con la misma fuente de legitimidad [&hellip;]<\/p>\n","protected":false},"author":3,"featured_media":122476,"comment_status":"open","ping_status":"open","sticky":false,"template":"","format":"standard","meta":{"_jetpack_newsletter_access":"","_jetpack_dont_email_post_to_subs":false,"_jetpack_newsletter_tier_id":0,"_jetpack_memberships_contains_paywalled_content":false,"_jetpack_feature_clip_id":0,"_jetpack_memberships_contains_paid_content":false,"footnotes":"","jetpack_publicize_message":"","jetpack_publicize_feature_enabled":true,"jetpack_social_post_already_shared":true,"jetpack_social_options":{"image_generator_settings":{"template":"highway","default_image_id":0,"font":"","enabled":false},"version":2},"jetpack_post_was_ever_published":false},"categories":[75],"tags":[],"class_list":["post-122473","post","type-post","status-publish","format-standard","has-post-thumbnail","hentry","category-nacional","post--single"],"jetpack_publicize_connections":[],"jetpack_featured_media_url":"https:\/\/ovelanalista.com\/wp-content\/uploads\/2025\/06\/Captura-de-Pantalla-2025-06-05-a-las-9.47.00.png","jetpack_sharing_enabled":true,"_links":{"self":[{"href":"https:\/\/ovelanalista.com\/index.php?rest_route=\/wp\/v2\/posts\/122473","targetHints":{"allow":["GET"]}}],"collection":[{"href":"https:\/\/ovelanalista.com\/index.php?rest_route=\/wp\/v2\/posts"}],"about":[{"href":"https:\/\/ovelanalista.com\/index.php?rest_route=\/wp\/v2\/types\/post"}],"author":[{"embeddable":true,"href":"https:\/\/ovelanalista.com\/index.php?rest_route=\/wp\/v2\/users\/3"}],"replies":[{"embeddable":true,"href":"https:\/\/ovelanalista.com\/index.php?rest_route=%2Fwp%2Fv2%2Fcomments&post=122473"}],"version-history":[{"count":2,"href":"https:\/\/ovelanalista.com\/index.php?rest_route=\/wp\/v2\/posts\/122473\/revisions"}],"predecessor-version":[{"id":122481,"href":"https:\/\/ovelanalista.com\/index.php?rest_route=\/wp\/v2\/posts\/122473\/revisions\/122481"}],"wp:featuredmedia":[{"embeddable":true,"href":"https:\/\/ovelanalista.com\/index.php?rest_route=\/wp\/v2\/media\/122476"}],"wp:attachment":[{"href":"https:\/\/ovelanalista.com\/index.php?rest_route=%2Fwp%2Fv2%2Fmedia&parent=122473"}],"wp:term":[{"taxonomy":"category","embeddable":true,"href":"https:\/\/ovelanalista.com\/index.php?rest_route=%2Fwp%2Fv2%2Fcategories&post=122473"},{"taxonomy":"post_tag","embeddable":true,"href":"https:\/\/ovelanalista.com\/index.php?rest_route=%2Fwp%2Fv2%2Ftags&post=122473"}],"curies":[{"name":"wp","href":"https:\/\/api.w.org\/{rel}","templated":true}]}}