{"id":122702,"date":"2025-06-06T10:40:10","date_gmt":"2025-06-06T16:40:10","guid":{"rendered":"https:\/\/ovelanalista.com\/?p=122702"},"modified":"2025-06-06T10:40:10","modified_gmt":"2025-06-06T16:40:10","slug":"en-sinaloa-el-chaquetas-manda-mas-que-el-chacal","status":"publish","type":"post","link":"https:\/\/ovelanalista.com\/?p=122702","title":{"rendered":"En Sinaloa el chaquetas manda m\u00e1s que el chacal"},"content":{"rendered":"<header class=\"entry-header \">\n<h1 class=\"entry-title\"><\/h1>\n<div class=\"entry-meta\">Por\u00a0<span class=\"posted-by vcard author\"><a class=\"url fn n\" title=\"Ver todas las entradas de Juan Manuel Partida Valdez\" href=\"https:\/\/altoparlante.com.mx\/author\/correo-altoparlante\/\" rel=\"author\"><span class=\"author-name\">Juan Manuel Partida Valdez\u00a0<\/span><\/a><\/span><\/div>\n<\/header>\n<div class=\"entry-content clear\">\n<p>Hay que saber sumar para entender que en Sinaloa el chaquetas manda m\u00e1s que el chacal de Batequitas.<\/p>\n<p>No porque Rub\u00e9n Rocha Moya sea dejado, sino porque cada vez est\u00e1 m\u00e1s desgatado y sufre un cada vez m\u00e1s enorme repudio de los sinaloenses.<\/p>\n<p>Aunque el pueblo le valga, carece de capacidad para decidir su presente y su futuro.<\/p>\n<p>Es uno de los principales morenistas se\u00f1alados como narco pol\u00edticos con expediente criminal en los Estados Unidos.<\/p>\n<p>Desde que Enrique Inzunza C\u00e1zarez era secretario general de gobierno se aseguraba que el supuesto n\u00famero dos era realmente el uno.<\/p>\n<p>Gran n\u00famero de funcionarios estatales obedec\u00edan y obedecen al chaquetas, m\u00e1s que al chacal.<\/p>\n<p>Dicen que el poder no se comparte sino se ejerce, pero ellos tienen otros datos.<\/p>\n<p>Menos, desde lo sucedido el pasado 25 de julio.<\/p>\n<p>Buena parte del pueblo considera que Rub\u00e9n Rocha y Enrique Inzunza participaron en el secuestro de Ismael \u201cEl Mayo\u201d Zambada y en el asesinato de H\u00e9ctor Melesio Cu\u00e9n Ojeda.<\/p>\n<p>Se les tiene tambi\u00e9n como c\u00f3mplices de la persecuci\u00f3n contra la UAS, y de los abusos de poder para eliminar pol\u00edticamente a los adversarios de Inzunza en busca de la gubernatura.<\/p>\n<p>A Jes\u00fas Estrada Ferreiro en Culiac\u00e1n y Luis Guillermo Ben\u00edtez Torres en Mazatl\u00e1n, hay que agregar ahora a Gerardo Vargas Landeros en Ahome.<\/p>\n<p>No son solamente amores entre los dos jefes de la cofrad\u00eda de la mano ca\u00edda en nuestro estado.<\/p>\n<p><img loading=\"lazy\" decoding=\"async\" class=\"aligncenter size-full wp-image-25418\" src=\"https:\/\/altoparlante.com.mx\/wp-content\/uploads\/2025\/06\/Si-somos-y-que.jpg\" sizes=\"auto, (max-width: 1024px) 100vw, 1024px\" srcset=\"https:\/\/altoparlante.com.mx\/wp-content\/uploads\/2025\/06\/Si-somos-y-que.jpg 1024w, https:\/\/altoparlante.com.mx\/wp-content\/uploads\/2025\/06\/Si-somos-y-que-300x200.jpg 300w, https:\/\/altoparlante.com.mx\/wp-content\/uploads\/2025\/06\/Si-somos-y-que-768x512.jpg 768w\" alt=\"S\u00ed somos, y qu\u00e9\" width=\"1024\" height=\"682\" \/><\/p>\n<p>Rocha necesita como su sucesor a quien le garantice impunidad.<\/p>\n<p>No puede encontrar otro mejor que quien ha vivido junto con \u00e9l las ilegalidades, los abusos de poder, las corrupciones\u2026 y hasta por lo menos un asesinato.<\/p>\n<p>La l\u00f3gica rochista de que el gobernador Inzunza no lo atacar\u00e1 porque ser\u00eda atacarse a s\u00ed mismo.<\/p>\n<p>Es por eso que en Sinaloa el chaquetas manda m\u00e1s que el chacal.<\/p>\n<p>A pesar de que son un par de criminales, siguen teniendo el poder pol\u00edtico en Sinaloa.<\/p>\n<p>Precisemos que esto \u00faltimo es en la formalidad, porque ambos son empleados del c\u00e1rtel de Sinaloa.<\/p>\n<p>Los narcos son los que realmente mandan.<\/p>\n<p>Los criminales deciden qui\u00e9nes viven y qui\u00e9nes mueren, y con total impunidad cometen sus delitos porque por encima de las simulaciones oficiales los abrazos siguen a todo lo que da.<\/p>\n<p>Tienen la total protecci\u00f3n del gobierno, como acabamos de verlo una vez m\u00e1s en el zafarrancho del lunes en una cl\u00ednica privada.<\/p>\n<p>Entre los siete polic\u00edas municipales detenidos, un gatillero del narco.<\/p>\n<p>Cuidaban a un agente de la fiscal\u00eda de justicia herido, curiosamente al servicio de los Chapitos.<\/p>\n<p>Corporaciones policiales con agentes colocados por los narcos.<\/p>\n<p>La fiscal\u00eda de justicia estatal dirigida por quienes participaron en los montajes para proteger a los asesinos de Melesio Cu\u00e9n.<\/p>\n<p>Hay que repetir las veces que sea necesario las terribles complicidades y los descomunales cinismos con nuestros narcopol\u00edticos encabezados por el chacal y el chaquetas.<\/p>\n<p>Con la s\u00faper hip\u00f3crita narco presirvienta de la rep\u00fablica a la cabeza.<\/p>\n<p>Todas mis columnas en:\u00a0<a href=\"https:\/\/altoparlante.com.mx\/altoparlante\/\">https:\/\/altoparlante.com.mx\/altoparlante\/<\/a>.<\/p>\n<\/div>\n","protected":false},"excerpt":{"rendered":"<p>Por\u00a0Juan Manuel Partida Valdez\u00a0 Hay que saber sumar para entender que en Sinaloa el chaquetas manda m\u00e1s que el chacal de Batequitas. No porque Rub\u00e9n Rocha Moya sea dejado, sino porque cada vez est\u00e1 m\u00e1s desgatado y sufre un cada vez m\u00e1s enorme repudio de los sinaloenses. Aunque el pueblo le valga, carece de capacidad para decidir su presente y su futuro. Es uno de los principales morenistas se\u00f1alados como narco pol\u00edticos con expediente criminal en los Estados Unidos. Desde que Enrique Inzunza C\u00e1zarez era secretario general de gobierno se aseguraba que el supuesto n\u00famero dos era realmente el uno. [&hellip;]<\/p>\n","protected":false},"author":3,"featured_media":122529,"comment_status":"open","ping_status":"open","sticky":false,"template":"","format":"standard","meta":{"_jetpack_newsletter_access":"","_jetpack_dont_email_post_to_subs":false,"_jetpack_newsletter_tier_id":0,"_jetpack_memberships_contains_paywalled_content":false,"_jetpack_feature_clip_id":0,"_jetpack_memberships_contains_paid_content":false,"footnotes":"","jetpack_publicize_message":"","jetpack_publicize_feature_enabled":true,"jetpack_social_post_already_shared":true,"jetpack_social_options":{"image_generator_settings":{"template":"highway","default_image_id":0,"font":"","enabled":false},"version":2},"jetpack_post_was_ever_published":false},"categories":[104],"tags":[],"class_list":["post-122702","post","type-post","status-publish","format-standard","has-post-thumbnail","hentry","category-columnistas-estatales","post--single"],"jetpack_publicize_connections":[],"jetpack_featured_media_url":"https:\/\/ovelanalista.com\/wp-content\/uploads\/2025\/06\/juan_manuel_partida.jpg","jetpack_sharing_enabled":true,"_links":{"self":[{"href":"https:\/\/ovelanalista.com\/index.php?rest_route=\/wp\/v2\/posts\/122702","targetHints":{"allow":["GET"]}}],"collection":[{"href":"https:\/\/ovelanalista.com\/index.php?rest_route=\/wp\/v2\/posts"}],"about":[{"href":"https:\/\/ovelanalista.com\/index.php?rest_route=\/wp\/v2\/types\/post"}],"author":[{"embeddable":true,"href":"https:\/\/ovelanalista.com\/index.php?rest_route=\/wp\/v2\/users\/3"}],"replies":[{"embeddable":true,"href":"https:\/\/ovelanalista.com\/index.php?rest_route=%2Fwp%2Fv2%2Fcomments&post=122702"}],"version-history":[{"count":2,"href":"https:\/\/ovelanalista.com\/index.php?rest_route=\/wp\/v2\/posts\/122702\/revisions"}],"predecessor-version":[{"id":122708,"href":"https:\/\/ovelanalista.com\/index.php?rest_route=\/wp\/v2\/posts\/122702\/revisions\/122708"}],"wp:featuredmedia":[{"embeddable":true,"href":"https:\/\/ovelanalista.com\/index.php?rest_route=\/wp\/v2\/media\/122529"}],"wp:attachment":[{"href":"https:\/\/ovelanalista.com\/index.php?rest_route=%2Fwp%2Fv2%2Fmedia&parent=122702"}],"wp:term":[{"taxonomy":"category","embeddable":true,"href":"https:\/\/ovelanalista.com\/index.php?rest_route=%2Fwp%2Fv2%2Fcategories&post=122702"},{"taxonomy":"post_tag","embeddable":true,"href":"https:\/\/ovelanalista.com\/index.php?rest_route=%2Fwp%2Fv2%2Ftags&post=122702"}],"curies":[{"name":"wp","href":"https:\/\/api.w.org\/{rel}","templated":true}]}}