{"id":122709,"date":"2025-06-06T11:56:29","date_gmt":"2025-06-06T17:56:29","guid":{"rendered":"https:\/\/ovelanalista.com\/?p=122709"},"modified":"2025-06-06T11:56:29","modified_gmt":"2025-06-06T17:56:29","slug":"siguen-los-cambios-renunciara-el-gerente-general-de-japama-carlos-julian-avendano","status":"publish","type":"post","link":"https:\/\/ovelanalista.com\/?p=122709","title":{"rendered":"\u00a1SIGUEN LOS CAMBIOS! Renunciar\u00e1 el gerente general de JAPAMA, Carlos Juli\u00e1n Avenda\u00f1o"},"content":{"rendered":"<div><\/div>\n<div><\/div>\n<div>Los Mochis, Sin.- En las pr\u00f3ximas horas se espera la renuncia formal de Carlos Juli\u00e1n Avenda\u00f1o Garc\u00eda como gerente general de la Junta de Agua Potable y Alcantarillado del Municipio de Ahome (JAPAMA), confirm\u00f3 este viernes el alcalde sustituto Antonio Men\u00e9ndez de Llano Berm\u00fadez.<\/div>\n<div><\/div>\n<div>El presidente municipal explic\u00f3 que la ausencia del funcionario en d\u00edas recientes se debi\u00f3 a un permiso, ya que enfrentaba una situaci\u00f3n de salud en su familia. Sin embargo, el pasado jueves, Avenda\u00f1o Garc\u00eda le comunic\u00f3 su decisi\u00f3n de separarse del cargo y se prev\u00e9 que entregue su renuncia por escrito durante este viernes.<\/div>\n<div><\/div>\n<div>Men\u00e9ndez de Llano se\u00f1al\u00f3 que se encuentra evaluando qui\u00e9n podr\u00eda quedar como encargado del despacho, aunque aclar\u00f3 que a\u00fan no se ha tomado una decisi\u00f3n definitiva.<\/div>\n","protected":false},"excerpt":{"rendered":"<p>Los Mochis, Sin.- En las pr\u00f3ximas horas se espera la renuncia formal de Carlos Juli\u00e1n Avenda\u00f1o Garc\u00eda como gerente general de la Junta de Agua Potable y Alcantarillado del Municipio de Ahome (JAPAMA), confirm\u00f3 este viernes el alcalde sustituto Antonio Men\u00e9ndez de Llano Berm\u00fadez. El presidente municipal explic\u00f3 que la ausencia del funcionario en d\u00edas recientes se debi\u00f3 a un permiso, ya que enfrentaba una situaci\u00f3n de salud en su familia. Sin embargo, el pasado jueves, Avenda\u00f1o Garc\u00eda le comunic\u00f3 su decisi\u00f3n de separarse del cargo y se prev\u00e9 que entregue su renuncia por escrito durante este viernes. Men\u00e9ndez de [&hellip;]<\/p>\n","protected":false},"author":3,"featured_media":122713,"comment_status":"open","ping_status":"open","sticky":false,"template":"","format":"standard","meta":{"_jetpack_newsletter_access":"","_jetpack_dont_email_post_to_subs":false,"_jetpack_newsletter_tier_id":0,"_jetpack_memberships_contains_paywalled_content":false,"_jetpack_feature_clip_id":0,"_jetpack_memberships_contains_paid_content":false,"footnotes":"","jetpack_publicize_message":"","jetpack_publicize_feature_enabled":true,"jetpack_social_post_already_shared":true,"jetpack_social_options":{"image_generator_settings":{"template":"highway","default_image_id":0,"font":"","enabled":false},"version":2},"jetpack_post_was_ever_published":false},"categories":[72],"tags":[],"class_list":["post-122709","post","type-post","status-publish","format-standard","has-post-thumbnail","hentry","category-portada","post--single"],"jetpack_publicize_connections":[],"jetpack_featured_media_url":"https:\/\/ovelanalista.com\/wp-content\/uploads\/2025\/06\/WhatsApp-Image-2025-06-06-at-10.31.52-AM.jpeg","jetpack_sharing_enabled":true,"_links":{"self":[{"href":"https:\/\/ovelanalista.com\/index.php?rest_route=\/wp\/v2\/posts\/122709","targetHints":{"allow":["GET"]}}],"collection":[{"href":"https:\/\/ovelanalista.com\/index.php?rest_route=\/wp\/v2\/posts"}],"about":[{"href":"https:\/\/ovelanalista.com\/index.php?rest_route=\/wp\/v2\/types\/post"}],"author":[{"embeddable":true,"href":"https:\/\/ovelanalista.com\/index.php?rest_route=\/wp\/v2\/users\/3"}],"replies":[{"embeddable":true,"href":"https:\/\/ovelanalista.com\/index.php?rest_route=%2Fwp%2Fv2%2Fcomments&post=122709"}],"version-history":[{"count":1,"href":"https:\/\/ovelanalista.com\/index.php?rest_route=\/wp\/v2\/posts\/122709\/revisions"}],"predecessor-version":[{"id":122715,"href":"https:\/\/ovelanalista.com\/index.php?rest_route=\/wp\/v2\/posts\/122709\/revisions\/122715"}],"wp:featuredmedia":[{"embeddable":true,"href":"https:\/\/ovelanalista.com\/index.php?rest_route=\/wp\/v2\/media\/122713"}],"wp:attachment":[{"href":"https:\/\/ovelanalista.com\/index.php?rest_route=%2Fwp%2Fv2%2Fmedia&parent=122709"}],"wp:term":[{"taxonomy":"category","embeddable":true,"href":"https:\/\/ovelanalista.com\/index.php?rest_route=%2Fwp%2Fv2%2Fcategories&post=122709"},{"taxonomy":"post_tag","embeddable":true,"href":"https:\/\/ovelanalista.com\/index.php?rest_route=%2Fwp%2Fv2%2Ftags&post=122709"}],"curies":[{"name":"wp","href":"https:\/\/api.w.org\/{rel}","templated":true}]}}