{"id":122710,"date":"2025-06-06T11:04:24","date_gmt":"2025-06-06T17:04:24","guid":{"rendered":"https:\/\/ovelanalista.com\/?p=122710"},"modified":"2025-06-06T11:04:24","modified_gmt":"2025-06-06T17:04:24","slug":"fracaso-y-exitoel-pais-de-las-narrativas","status":"publish","type":"post","link":"https:\/\/ovelanalista.com\/?p=122710","title":{"rendered":"Fracaso y \u00e9xito\u2026El pa\u00eds de las narrativas"},"content":{"rendered":"<p><strong>TRANSICI\u00d3N<\/strong><\/p>\n<p>&#8220;No me preocupa el grito de los violentos, de los corruptos, de los<br \/>\ndeshonestos, de los sin \u00e9tica. Lo que m\u00e1s me preocupa es<br \/>\nel silencio de los buenos&#8221;. Martin Luther King.<\/p>\n<p><strong>Oswaldo Villase\u00f1or<\/strong><\/p>\n<p>Ya no hay duda. Hay un tema que si les preocupa a muchos gobernadores y pol\u00edticos mexicanos. Su situaci\u00f3n legal en Estados Unidos.<br \/>\nLo que ocurra en M\u00e9xico, no importa hasta que importa. Lo que sucede aqu\u00ed, se controla con una narrativa que se imponga a la realidad.<br \/>\nAyer en este mismo espacio lo dijimos as\u00ed: \u201cEl pasado lunes le preguntaron al gober de Sinaloa Rub\u00e9n Rocha si ten\u00eda a\u00fan VISA para entrar a los Estados Unidos. La respuesta del gober fue que SI ten\u00eda. \u201cTodo lo que digan son especulaciones\u201d expres\u00f3.<br \/>\nLo que s\u00ed, es que no se ha conocido que el gober de Sinaloa haya regresado a Estados Unidos despu\u00e9s de aquel 25 de Julio de 2024, justo el d\u00eda que secuestraron a Ismael El Mayo Zambada y asesinaron a H\u00e9ctor Melesio Cuen.<br \/>\nIncluso, no ha quedado demostrado sin margen de abonar a m\u00e1s especulaciones que efectivamente si estuvo en Estados Unidos ese d\u00eda\u201d.<br \/>\nHasta ah\u00ed.<br \/>\nAyer el equipo de comunicaci\u00f3n del Gober Rub\u00e9n Rocha difundi\u00f3 la asistencia como invitado especial al consulado de Estados Unidos en Hermosillo.<br \/>\nEl bolet\u00edn dice lo siguiente: \u201cAtendiendo la invitaci\u00f3n realizada por el C\u00f3nsul General de los Estados Unidos de Am\u00e9rica, Tim Stater, asisti\u00f3, -el gober Rub\u00e9n Rocha- como invitado especial, a la recepci\u00f3n con motivo de la Conmemoraci\u00f3n del 249 Aniversario de la Independencia de los Estados Unidos, en Hermosillo, Sonora\u201d.<br \/>\nHasta ah\u00ed el bolet\u00edn.<br \/>\n\u00bfCon esta asistencia se da por hecho que el gober de Sinaloa no tiene ning\u00fan tipo de problema con los americanos?<br \/>\nBueno, en la narrativa se puede especular y dar por hecho que as\u00ed es. Que no hay problema.<br \/>\nY la narrativa alcanza para decir que si tiene VISA, que no es objeto de ninguna investigaci\u00f3n criminal en Estados Unidos, que se le considera un hu\u00e9sped distinguido cada vez que cruza la frontera y todo lo que se le quiera agregar.<br \/>\nLo importante de una narrativa as\u00ed, es Movilizar a la audiencia. A los que le ayudan a sembrar que todo est\u00e1 bien, que si tiene VISA, se les da un argumento de peso\u00a0 y de paso Contrarresta las narrativas opuestas, aquellas que apuestan a que no la tiene y que si trae problemas con los gringos.<br \/>\nEn un entorno competitivo, una narrativa s\u00f3lida puede deslegitimar discursos rivales y posicionar el propio mensaje como dominante. \u00bfSi Rocha fue invitado por el consulado de EU entonces todo est\u00e1 bien? Bueno eso es lo que se puede posicionar.<br \/>\nPara los incr\u00e9dulos, solo dir\u00e1n que Rocha sigue sin ir a Estados Unidos, que la invitaci\u00f3n del Consulado es institucional y fue en Hermosillo, etc.<br \/>\n\u00bfA cu\u00e1l le va? Bueno para eso son las narrativas.<br \/>\nLo cierto es que Rocha ya dio un argumento para sostener su idea de que si tiene VISA y no tiene problemas legales con Estados Unidos.<br \/>\nApenas un d\u00eda antes, lo mismo hizo El Senador Enrique Inzunza, el otro personaje de la trama.<br \/>\nDifundi\u00f3 que fue nombrado por los integrantes de la Comisi\u00f3n Permanente del Congreso de la Uni\u00f3n\u00a0 como presidente de la Comisi\u00f3n de Asuntos Pol\u00edticos e Internacionales, pero no fue a Estados Unidos con la comisi\u00f3n del Senado que fue a dialogar y cabildear la posibilidad de tumbar el impuesto a las remesas.<br \/>\nEl cargo de presidente de la Comisi\u00f3n de Asuntos Pol\u00edticos e Internacionales dado a Enrique Inzunza bien puede ser un argumento para soportar la narrativa de que si tiene VISA porque\u00a0 si no la tuviera ser\u00eda en vano tener este cargo.<br \/>\nLo cierto es que el cargo es temporal y termina al desinstalarse la Comisi\u00f3n Permanente. Y entonces surge una pregunta. \u00bfY si es el presidente de la comisi\u00f3n de asuntos internacionales porque no fue parte integrante de la delegaci\u00f3n mexicana?<br \/>\nPor cierto, tampoco van los \u201cpesos pesados\u201d de Ad\u00e1n Augusto y Ricardo Monreal, dirigentes de ambas c\u00e1maras. Si el cabildear la quita del impuesto a las remesas es prioritario para el gobierno de M\u00e9xico como lo dice Claudia, porque no fueron ni Ad\u00e1n y Ricardo Monreal. Porque mandar representantes de m\u00e1s bajo nivel.<br \/>\n\u00bfAcaso el env\u00edo de la delegaci\u00f3n es solo para soportar la narrativa de que el gobierno de M\u00e9xico no se qued\u00f3 de manos cruzadas aunque sab\u00edan que su causa era ya una causa perdida?<br \/>\nLo cierto es que tanto Ricardo Monreal, Ad\u00e1n Augusto y Enrique Inzunza ten\u00edan en la defensa de quitar el impuesto a las remesas, la gran oportunidad de ir a Estados Unidos y acabar con las especulaciones y narrativas de que no tienen VISA y que no forman parte de investigaciones en dicho pa\u00eds. Ninguno fue.<br \/>\nAs\u00ed la narrativa se ha convertido en una poderosa herramienta para persuadir, movilizar y dar coherencia al discurso pol\u00edtico en un mundo saturado de informaci\u00f3n.<br \/>\n\u00bfQu\u00e9 fue un fracaso para el gobierno de Claudia Sheinbaum la poca votaci\u00f3n obtenida el pasado domingo durante la elecci\u00f3n de jueces y magistrados? Bien puede ser vista as\u00ed si se toma en cuenta ese el 87 por ciento del padr\u00f3n electoral no acudi\u00f3 a las urnas.<br \/>\n\u00bfY eso import\u00f3? Desde luego que no.<br \/>\n\u00bfFue un \u00e9xito? Bueno si se observa de los objetivos trazados por el Movimiento de la 4T que era apoderarse del control del Poder Judicial, tendr\u00edamos que decir que fue para ellos un \u00e9xito total. Ganaron con precisi\u00f3n quir\u00fargica todas las posiciones que se plantearon ganar.<br \/>\nEn fin, las narrativas hoy se imponen a la realidad, aunque sea de manera moment\u00e1nea, aunque tarde que temprano, la realidad se sigue imponiendo.<br \/>\nEn Fin\u2026\u00bfCon cual narrativa se queda usted?<br \/>\nLa realidad tarde que temprano dir\u00e1 cu\u00e1l es la buena.<br \/>\nHabr\u00e1 que estar pendientes.<br \/>\nPASO A PASITO.-Para mucha gente que pens\u00f3 que los problemas de servicios p\u00fablicos y urban\u00edsticos de Juan Jos\u00e9 Rios y Eldorado se acabar\u00edan con su municipalizaci\u00f3n, se equivocaron.<br \/>\nHoy m\u00e1s que nunca se nota su atraso. El presupuesto p\u00fablico se gasta en la burocracia pero no en obra p\u00fablica ni mejoramiento de los servicios.<br \/>\nEn fin, parece que les sali\u00f3 peor el remedio que la enfermedad.<br \/>\n\u00bfY la alcaldesa?<br \/>\nOTRO PASITO.-Andy L\u00f3pez Beltr\u00e1n mostr\u00f3 su grandeza. Ya no quiere que lo llamen Andy, como Junior o en diminutivo. No quiere que lo vean chiquito. El ya est\u00e1 grande y es grande. Que no ven que se llama igual que su pap\u00e1.<br \/>\nPidi\u00f3 que lo llamen como a su padre. No Andr\u00e9s, No Manuel, sino Andr\u00e9s Manuel, seguido eso si, de sus apellidos L\u00f3pez Beltr\u00e1n porque as\u00ed se llama.<br \/>\nOk Andy\u2026su petici\u00f3n ya qued\u00f3 registrada.<br \/>\nUN PASITO M\u00c1S.-La Senadora Paloma S\u00e1nchez se mueve en Sinaloa ya como la futura candidata a la gubernatura. Tiene toda la cancha libre y el partido PRI a su disposici\u00f3n.<br \/>\nAyer estuvo en El Carrizo, acompa\u00f1ada del dirigente estatal del PRI, C\u00e9sar Gerardo y se reuni\u00f3 con productores agr\u00edcolas a quienes les dijo que impulsa el regreso de una Financiera Rural que apoye con cr\u00e9ditos blandos a este sector.<br \/>\n\u201cQue el gobierno cree una nueva Financiera con el nombre que quieran, pero que la cree\u201d fue la sentencia.<br \/>\n\u00bfY la van a crear? Pues dicen que si, pero que solo apoyar\u00e1 a productores de hasta 5 hect\u00e1reas. En Sinaloa nadie o casi nadie encaja en este esquema.<br \/>\nPASITO CH\u00c9VERE.-<br \/>\nS\u00edguenos En:<br \/>\nOvelanalista.com<br \/>\nTwitteer.- @oswaldo villase<br \/>\nFacebook.-OV El Analista<br \/>\nMegacanal canal 151 y 1151 de lunes a viernes de 1:40 a 2:40 de la tarde. s\u00e1bados de 11 a 12 A.M<br \/>\nCDMX y todo el pa\u00eds.<br \/>\nIndice\u00a0<a href=\"http:\/\/xn--poltico-9ya.com\/\" target=\"_blank\" rel=\"noopener noreferrer\" data-saferedirecturl=\"https:\/\/www.google.com\/url?q=http:\/\/xn--poltico-9ya.com&amp;source=gmail&amp;ust=1749315738158000&amp;usg=AOvVaw0OZ-QGbI8688J-DJjTY5a-\">pol\u00edtico.com<\/a>.<br \/>\nLa Pol\u00edtica OnLine.com<br \/>\nMxPolitico.net NoticiasMx<br \/>\nWhatsApp. 6681640391 m\u00e1ndanos un mensaje y recibe nuestra informaci\u00f3n<\/p>\n","protected":false},"excerpt":{"rendered":"<p>TRANSICI\u00d3N &#8220;No me preocupa el grito de los violentos, de los corruptos, de los deshonestos, de los sin \u00e9tica. Lo que m\u00e1s me preocupa es el silencio de los buenos&#8221;. Martin Luther King. Oswaldo Villase\u00f1or Ya no hay duda. Hay un tema que si les preocupa a muchos gobernadores y pol\u00edticos mexicanos. Su situaci\u00f3n legal en Estados Unidos. Lo que ocurra en M\u00e9xico, no importa hasta que importa. Lo que sucede aqu\u00ed, se controla con una narrativa que se imponga a la realidad. Ayer en este mismo espacio lo dijimos as\u00ed: \u201cEl pasado lunes le preguntaron al gober de Sinaloa [&hellip;]<\/p>\n","protected":false},"author":3,"featured_media":112183,"comment_status":"open","ping_status":"open","sticky":false,"template":"","format":"standard","meta":{"_jetpack_newsletter_access":"","_jetpack_dont_email_post_to_subs":false,"_jetpack_newsletter_tier_id":0,"_jetpack_memberships_contains_paywalled_content":false,"_jetpack_feature_clip_id":0,"_jetpack_memberships_contains_paid_content":false,"footnotes":"","jetpack_publicize_message":"","jetpack_publicize_feature_enabled":true,"jetpack_social_post_already_shared":true,"jetpack_social_options":{"image_generator_settings":{"template":"highway","default_image_id":0,"font":"","enabled":false},"version":2},"jetpack_post_was_ever_published":false},"categories":[91],"tags":[],"class_list":["post-122710","post","type-post","status-publish","format-standard","has-post-thumbnail","hentry","category-transicion","post--single"],"jetpack_publicize_connections":[],"jetpack_featured_media_url":"https:\/\/ovelanalista.com\/wp-content\/uploads\/2025\/01\/WhatsApp-Image-2025-01-13-at-20.09.33.jpeg","jetpack_sharing_enabled":true,"_links":{"self":[{"href":"https:\/\/ovelanalista.com\/index.php?rest_route=\/wp\/v2\/posts\/122710","targetHints":{"allow":["GET"]}}],"collection":[{"href":"https:\/\/ovelanalista.com\/index.php?rest_route=\/wp\/v2\/posts"}],"about":[{"href":"https:\/\/ovelanalista.com\/index.php?rest_route=\/wp\/v2\/types\/post"}],"author":[{"embeddable":true,"href":"https:\/\/ovelanalista.com\/index.php?rest_route=\/wp\/v2\/users\/3"}],"replies":[{"embeddable":true,"href":"https:\/\/ovelanalista.com\/index.php?rest_route=%2Fwp%2Fv2%2Fcomments&post=122710"}],"version-history":[{"count":1,"href":"https:\/\/ovelanalista.com\/index.php?rest_route=\/wp\/v2\/posts\/122710\/revisions"}],"predecessor-version":[{"id":122712,"href":"https:\/\/ovelanalista.com\/index.php?rest_route=\/wp\/v2\/posts\/122710\/revisions\/122712"}],"wp:featuredmedia":[{"embeddable":true,"href":"https:\/\/ovelanalista.com\/index.php?rest_route=\/wp\/v2\/media\/112183"}],"wp:attachment":[{"href":"https:\/\/ovelanalista.com\/index.php?rest_route=%2Fwp%2Fv2%2Fmedia&parent=122710"}],"wp:term":[{"taxonomy":"category","embeddable":true,"href":"https:\/\/ovelanalista.com\/index.php?rest_route=%2Fwp%2Fv2%2Fcategories&post=122710"},{"taxonomy":"post_tag","embeddable":true,"href":"https:\/\/ovelanalista.com\/index.php?rest_route=%2Fwp%2Fv2%2Ftags&post=122710"}],"curies":[{"name":"wp","href":"https:\/\/api.w.org\/{rel}","templated":true}]}}