{"id":122711,"date":"2025-06-06T22:00:54","date_gmt":"2025-06-07T04:00:54","guid":{"rendered":"https:\/\/ovelanalista.com\/?p=122711"},"modified":"2025-06-06T13:05:15","modified_gmt":"2025-06-06T19:05:15","slug":"sheinbaum-destaca-confianza-de-los-mercados-en-mexico-pese-a-tensiones-globales","status":"publish","type":"post","link":"https:\/\/ovelanalista.com\/?p=122711","title":{"rendered":"Sheinbaum destaca confianza de los mercados en M\u00e9xico pese a tensiones globales"},"content":{"rendered":"<p>La presidenta Claudia Sheinbaum destac\u00f3 en la conferencia matutina una serie de indicadores econ\u00f3micos positivos de M\u00e9xico.<\/p>\n<div class=\"entry-grid__content-area2 entry-main-text\">\n<div class=\"row\">\n<div class=\"col-12 col-lg-8\">\n<div class=\"article-content\">\n<p class=\"p1\"><span class=\"s1\"><a href=\"https:\/\/x.com\/Claudiashein\" target=\"_blank\" rel=\"noreferrer noopener\"><b>Claudia<\/b><\/a><\/span><b>\u00a0Sheinbaum Pardo<\/b>, presidenta de\u00a0<strong>M\u00e9xico<\/strong>, presumi\u00f3\u00a0de la\u00a0<strong>confianza<\/strong>\u00a0en el pa\u00eds de los\u00a0<strong>mercados<\/strong>\u00a0pese las tensiones globales, en especial por la\u00a0<strong>guerra comercial<\/strong>\u00a0desatada por\u00a0<strong>Estados Unidos<\/strong>, al destacar la fortaleza del peso mexicano y la estabilidad financiera.<\/p>\n<p class=\"p1\">Durante su conferencia en el Palacio Nacional, la mandataria mexicana destac\u00f3 una serie de\u00a0<strong>indicadores econ\u00f3micos positivos<\/strong>\u00a0adem\u00e1s de subrayar algunos avances logrados durante la administraci\u00f3n de su antecesor, Andr\u00e9s Manuel L\u00f3pez Obrador (2018-2024), como la reducci\u00f3n de la pobreza.<\/p>\n<p class=\"p1\">En este contexto, Sheinbaum Pardo destac\u00f3 la disminuci\u00f3n en la tasa de inter\u00e9s a 10 a\u00f1os, lo que implica un menor riesgo percibido, as\u00ed como la fortaleza del peso frente al d\u00f3lar, que abri\u00f3 el d\u00eda en 19,14 unidades por d\u00f3lar, su mejor nivel en todo lo que va de 2025.<\/p>\n<blockquote>\n<p class=\"p1\">Es decir, hay confianza en nuestro pa\u00eds (\u2026) a\u00fan con todas las dificultades econ\u00f3micas internacionales\u201d, agreg\u00f3, se\u00f1alando que tanto la inversi\u00f3n p\u00fablica como privada contin\u00faan creciendo.<\/p>\n<\/blockquote>\n<p class=\"p1\">Asimismo, cit\u00f3 declaraciones del secretario de Comercio de Estados Unidos, quien expres\u00f3 la intenci\u00f3n de \u201creimaginar la relaci\u00f3n con M\u00e9xico para hacer negocios juntos\u201d.<\/p>\n<p class=\"p1\">Por otro lado, Sheinbaum destac\u00f3 fue la reciente revisi\u00f3n del\u00a0<strong>Banco Mundial<\/strong>\u00a0sobre la disminuci\u00f3n de la pobreza en el pa\u00eds, que concluy\u00f3 que 11 millones de mexicanos salieron de la pobreza entre 2018 y 2022, casi dos millones m\u00e1s de los reportados inicialmente.<\/p>\n<\/div>\n<div class=\"ad-container dfp-ad-unit ad-inread ad-slot\" data-ad-type=\"inreadbox\" data-slot=\"inread-multiple\" data-ad-loaded=\"1\" data-ad-setup=\"{&quot;postID&quot;:1717141,&quot;canRefresh&quot;:false,&quot;infinitescroll&quot;:false}\" data-google-query-id=\"CJ7__Mm73Y0DFTOkpgQdFxIJ9A\">\n<p class=\"p1\">\u201cEs decir, ya no son 9.5 (millones de mexicanos que salieron de la pobreza), sino once millones, dicho por Banco Mundial. Eso es para levantar el \u00e1nimo\u201d, subray\u00f3.<\/p>\n<p class=\"p1\">La mandataria enmarc\u00f3 estos logros como parte de la continuidad del movimiento pol\u00edtico que lidera, conocido como la\u00a0<strong>Cuarta Transformaci\u00f3n<\/strong>, defendiendo que los fundamentos macroecon\u00f3micos son s\u00f3lidos y que su gobierno seguir\u00e1 impulsando el desarrollo con justicia social.<\/p>\n<p class=\"p1\">Las previsiones de analistas y diversos organismos internacionales, no obstante, advierten que la econom\u00eda de M\u00e9xico enfrenta una marcada desaceleraci\u00f3n este a\u00f1o.<\/p>\n<p class=\"p1\">El\u00a0<strong>Banco de M\u00e9xico<\/strong>\u00a0(<strong>Banxico<\/strong>)\u00a0<a href=\"https:\/\/lopezdoriga.com\/economia-y-finanzas\/banxico-rebaja-previsiones-crecimiento-economia-mexicana-2025-28-mayo\/\" target=\"_blank\" rel=\"noopener\">rebaj\u00f3 en mayo<\/a>\u00a0sus pron\u00f3sticos de crecimiento para la econom\u00eda mexicana, la segunda m\u00e1s importante de Latinoam\u00e9rica, al estimar un crecimiento del 0.1 por ciento en 2025, frente al 0.6 % previsto hace tres meses, y por debajo del 1.2 por ciento de expansi\u00f3n registrada en 2024.<\/p>\n<p class=\"p1\">Con informaci\u00f3n de EFE<\/p>\n<\/div>\n<\/div>\n<\/div>\n<\/div>\n","protected":false},"excerpt":{"rendered":"<p>La presidenta Claudia Sheinbaum destac\u00f3 en la conferencia matutina una serie de indicadores econ\u00f3micos positivos de M\u00e9xico. Claudia\u00a0Sheinbaum Pardo, presidenta de\u00a0M\u00e9xico, presumi\u00f3\u00a0de la\u00a0confianza\u00a0en el pa\u00eds de los\u00a0mercados\u00a0pese las tensiones globales, en especial por la\u00a0guerra comercial\u00a0desatada por\u00a0Estados Unidos, al destacar la fortaleza del peso mexicano y la estabilidad financiera. Durante su conferencia en el Palacio Nacional, la mandataria mexicana destac\u00f3 una serie de\u00a0indicadores econ\u00f3micos positivos\u00a0adem\u00e1s de subrayar algunos avances logrados durante la administraci\u00f3n de su antecesor, Andr\u00e9s Manuel L\u00f3pez Obrador (2018-2024), como la reducci\u00f3n de la pobreza. En este contexto, Sheinbaum Pardo destac\u00f3 la disminuci\u00f3n en la tasa de inter\u00e9s a [&hellip;]<\/p>\n","protected":false},"author":3,"featured_media":122725,"comment_status":"open","ping_status":"open","sticky":false,"template":"","format":"standard","meta":{"_jetpack_newsletter_access":"","_jetpack_dont_email_post_to_subs":false,"_jetpack_newsletter_tier_id":0,"_jetpack_memberships_contains_paywalled_content":false,"_jetpack_feature_clip_id":0,"_jetpack_memberships_contains_paid_content":false,"footnotes":"","jetpack_publicize_message":"","jetpack_publicize_feature_enabled":true,"jetpack_social_post_already_shared":true,"jetpack_social_options":{"image_generator_settings":{"template":"highway","default_image_id":0,"font":"","enabled":false},"version":2},"jetpack_post_was_ever_published":false},"categories":[75],"tags":[],"class_list":["post-122711","post","type-post","status-publish","format-standard","has-post-thumbnail","hentry","category-nacional","post--single"],"jetpack_publicize_connections":[],"jetpack_featured_media_url":"https:\/\/ovelanalista.com\/wp-content\/uploads\/2025\/06\/sheinbaum-mexico-mercados.jpg","jetpack_sharing_enabled":true,"_links":{"self":[{"href":"https:\/\/ovelanalista.com\/index.php?rest_route=\/wp\/v2\/posts\/122711","targetHints":{"allow":["GET"]}}],"collection":[{"href":"https:\/\/ovelanalista.com\/index.php?rest_route=\/wp\/v2\/posts"}],"about":[{"href":"https:\/\/ovelanalista.com\/index.php?rest_route=\/wp\/v2\/types\/post"}],"author":[{"embeddable":true,"href":"https:\/\/ovelanalista.com\/index.php?rest_route=\/wp\/v2\/users\/3"}],"replies":[{"embeddable":true,"href":"https:\/\/ovelanalista.com\/index.php?rest_route=%2Fwp%2Fv2%2Fcomments&post=122711"}],"version-history":[{"count":2,"href":"https:\/\/ovelanalista.com\/index.php?rest_route=\/wp\/v2\/posts\/122711\/revisions"}],"predecessor-version":[{"id":122728,"href":"https:\/\/ovelanalista.com\/index.php?rest_route=\/wp\/v2\/posts\/122711\/revisions\/122728"}],"wp:featuredmedia":[{"embeddable":true,"href":"https:\/\/ovelanalista.com\/index.php?rest_route=\/wp\/v2\/media\/122725"}],"wp:attachment":[{"href":"https:\/\/ovelanalista.com\/index.php?rest_route=%2Fwp%2Fv2%2Fmedia&parent=122711"}],"wp:term":[{"taxonomy":"category","embeddable":true,"href":"https:\/\/ovelanalista.com\/index.php?rest_route=%2Fwp%2Fv2%2Fcategories&post=122711"},{"taxonomy":"post_tag","embeddable":true,"href":"https:\/\/ovelanalista.com\/index.php?rest_route=%2Fwp%2Fv2%2Ftags&post=122711"}],"curies":[{"name":"wp","href":"https:\/\/api.w.org\/{rel}","templated":true}]}}