{"id":122739,"date":"2025-06-06T20:00:33","date_gmt":"2025-06-07T02:00:33","guid":{"rendered":"https:\/\/ovelanalista.com\/?p=122739"},"modified":"2025-06-06T13:03:15","modified_gmt":"2025-06-06T19:03:15","slug":"no-estamos-de-acuerdo-sheinbaum-sobre-fallo-de-la-corte-suprema-de-ee-uu-a-favor-de-fabricantes-de-armas","status":"publish","type":"post","link":"https:\/\/ovelanalista.com\/?p=122739","title":{"rendered":"\u201cNo estamos de acuerdo\u201d: Sheinbaum sobre fallo de la Corte Suprema de EE.UU. a favor de fabricantes de armas"},"content":{"rendered":"<p>La presidenta Sheinbaum manifest\u00f3 su desacuerdo por el fallo de la Corte Suprema de EE.UU. a favor de fabricantes de armas del pa\u00eds.<\/p>\n<p>La presidenta\u00a0<a href=\"https:\/\/x.com\/Claudiashein\" target=\"_blank\" rel=\"noreferrer noopener\"><span class=\"s1\"><b>Claudia<\/b><\/span><\/a><b>\u00a0Sheinbaum Pardo\u00a0<\/b>manifest\u00f3 su\u00a0<strong>desacuerdo<\/strong>\u00a0en la\u00a0<strong>sentencia<\/strong>\u00a0emitida por la\u00a0<strong>Corte Presuma de Estados Unidos<\/strong>, quien en la previa desestim\u00f3 la\u00a0<strong>demanda<\/strong>\u00a0interpuesta por el Gobierno mexicano contra\u00a0<strong>fabricantes de armas<\/strong> por su presunta responsabilidad en el tr\u00e1fico il\u00edcito de armamento hacia territorio nacional.<\/p>\n<p><iframe loading=\"lazy\" title=\"#Ma\u00f1aneraDelPueblo desde Palacio Nacional. Viernes 06 de junio 2025\" width=\"1200\" height=\"675\" src=\"https:\/\/www.youtube.com\/embed\/9fG4xEwD1eg?feature=oembed\" frameborder=\"0\" allow=\"accelerometer; autoplay; clipboard-write; encrypted-media; gyroscope; picture-in-picture; web-share\" referrerpolicy=\"strict-origin-when-cross-origin\" allowfullscreen><\/iframe><\/p>\n<p>\u201cEl argumento de la Suprema Corte de EE.UU. es que no encuentran relaci\u00f3n entre la fabricaci\u00f3n de armas y el paso de armas de EE.UU. a M\u00e9xico\u201d, dijo.<\/p>\n<blockquote><p>Recuerden que el propio Departamento de Justicia de EE.UU., en enero de este a\u00f1o, emiti\u00f3 un documento en donde reconoce que el 75 por ciento de las armas incautadas en M\u00e9xico proviene ilegalmente de EE.UU., y la Corte dice que no hay relaci\u00f3n entre quiene fabrica y las armas que pasan a M\u00e9xico, cosa que nosotros no estamos de acuerdo\u201d, apunt\u00f3.<\/p><\/blockquote>\n<p>La mandataria mexicana dej\u00f3 en claro que todav\u00eda queda otra demanda pendiente en los Estados Unidos y que se seguir\u00e1 insistiendo en el tema.<\/p>\n<p>\u201cQueda otra demanda pendiente, esta era contra las productoras de armas, queda otra demanda que es a las distribuidoras y a las que venden las armas, vamos a seguir insistiendo con el cuerpo de abogados que asesora esta demanda\u201d, expres\u00f3.<\/p>\n<p>Sheinbaum Pardo insisti\u00f3 en que existe un registro por parte de la Fiscal\u00eda General de la Rep\u00fablica (FGR) de cada arma asegurada\u00a0 en M\u00e9xico<\/p>\n<div id=\"ros-inread-multiple-xlpi72\" class=\"ad-container dfp-ad-unit ad-inread ad-slot\" data-ad-type=\"inreadbox\" data-slot=\"inread-multiple\" data-ad-loaded=\"1\" data-ad-setup=\"{&quot;postID&quot;:1717113,&quot;canRefresh&quot;:false,&quot;infinitescroll&quot;:false}\" data-google-query-id=\"CMPR4ve93Y0DFaq9pgQd1roVrA\"><\/div>\n<div data-ad-type=\"inreadbox\" data-slot=\"inread-multiple\" data-ad-loaded=\"1\" data-ad-setup=\"{&quot;postID&quot;:1717113,&quot;canRefresh&quot;:false,&quot;infinitescroll&quot;:false}\" data-google-query-id=\"CMPR4ve93Y0DFaq9pgQd1roVrA\">\n<p>\u201cLo que hay es un registro muy detallada de cada arma incautada, su n\u00famero de serie n caso de que lo tenga y en qu\u00e9 actividad delictiva particip\u00f3, eso lo tiene la FGR, es un registro muy muy acucioso que ha servido para esta demanda\u201d, enfatiz\u00f3.<\/p>\n<p>La Corte Suprema de EE.UU. desestim\u00f3 en la previa la demanda interpuesta por el Gobierno mexicano contra fabricantes de armas por su presunta responsabilidad en el tr\u00e1fico il\u00edcito de armamento hacia territorio nacional.<\/p>\n<p>El m\u00e1ximo tribunal estadounidense sostuvo que la\u00a0<strong>Ley de Protecci\u00f3n del Comercio Legal de Armas<\/strong>\u00a0(PLCAA, por sus siglas en ingl\u00e9s) otorga inmunidad a los fabricantes, al no haberse probado que \u201cayudaran y facilitaran\u201d el tr\u00e1fico ilegal.<\/p>\n<p>La segunda demanda, presentada por M\u00e9xico en 2022 en un tribunal de Tucson, Arizona, contra cinco tiendas distribuidoras de armas, contin\u00faa en curso y actualmente se encuentra en la etapa de producci\u00f3n de evidencia.<\/p>\n<p>Ambos litigios han contribuido a posicionar en la agenda internacional el impacto del flujo ilegal de armas hacia M\u00e9xico, que vive una ola de violencia, promoviendo discusiones en foros multilaterales, como la resoluci\u00f3n 2616 del Consejo de Seguridad de la ONU en 2021 y la futura opini\u00f3n consultiva de la Corte Interamericana de Derechos Humanos sobre el tema.<\/p>\n<\/div>\n<div class=\"ad-container dfp-ad-unit ad-inread ad-slot\" data-ad-type=\"inreadbox\" data-slot=\"inread-multiple\" data-ad-loaded=\"1\" data-ad-setup=\"{&quot;postID&quot;:1717113,&quot;canRefresh&quot;:false,&quot;infinitescroll&quot;:false}\" data-google-query-id=\"CKHDpfu93Y0DFUiSpgQdTowI4Q\">Con informaci\u00f3n de L\u00f3pez-D\u00f3riga Digital<\/div>\n","protected":false},"excerpt":{"rendered":"<p>La presidenta Sheinbaum manifest\u00f3 su desacuerdo por el fallo de la Corte Suprema de EE.UU. a favor de fabricantes de armas del pa\u00eds. La presidenta\u00a0Claudia\u00a0Sheinbaum Pardo\u00a0manifest\u00f3 su\u00a0desacuerdo\u00a0en la\u00a0sentencia\u00a0emitida por la\u00a0Corte Presuma de Estados Unidos, quien en la previa desestim\u00f3 la\u00a0demanda\u00a0interpuesta por el Gobierno mexicano contra\u00a0fabricantes de armas por su presunta responsabilidad en el tr\u00e1fico il\u00edcito de armamento hacia territorio nacional. \u201cEl argumento de la Suprema Corte de EE.UU. es que no encuentran relaci\u00f3n entre la fabricaci\u00f3n de armas y el paso de armas de EE.UU. a M\u00e9xico\u201d, dijo. Recuerden que el propio Departamento de Justicia de EE.UU., en enero de [&hellip;]<\/p>\n","protected":false},"author":3,"featured_media":122743,"comment_status":"open","ping_status":"open","sticky":false,"template":"","format":"standard","meta":{"_jetpack_newsletter_access":"","_jetpack_dont_email_post_to_subs":false,"_jetpack_newsletter_tier_id":0,"_jetpack_memberships_contains_paywalled_content":false,"_jetpack_feature_clip_id":0,"_jetpack_memberships_contains_paid_content":false,"footnotes":"","jetpack_publicize_message":"","jetpack_publicize_feature_enabled":true,"jetpack_social_post_already_shared":true,"jetpack_social_options":{"image_generator_settings":{"template":"highway","default_image_id":0,"font":"","enabled":false},"version":2},"jetpack_post_was_ever_published":false},"categories":[75],"tags":[],"class_list":["post-122739","post","type-post","status-publish","format-standard","has-post-thumbnail","hentry","category-nacional","post--single"],"jetpack_publicize_connections":[],"jetpack_featured_media_url":"https:\/\/ovelanalista.com\/wp-content\/uploads\/2025\/06\/corte-suprema-tribunal-supremo-eeuu.jpg","jetpack_sharing_enabled":true,"_links":{"self":[{"href":"https:\/\/ovelanalista.com\/index.php?rest_route=\/wp\/v2\/posts\/122739","targetHints":{"allow":["GET"]}}],"collection":[{"href":"https:\/\/ovelanalista.com\/index.php?rest_route=\/wp\/v2\/posts"}],"about":[{"href":"https:\/\/ovelanalista.com\/index.php?rest_route=\/wp\/v2\/types\/post"}],"author":[{"embeddable":true,"href":"https:\/\/ovelanalista.com\/index.php?rest_route=\/wp\/v2\/users\/3"}],"replies":[{"embeddable":true,"href":"https:\/\/ovelanalista.com\/index.php?rest_route=%2Fwp%2Fv2%2Fcomments&post=122739"}],"version-history":[{"count":1,"href":"https:\/\/ovelanalista.com\/index.php?rest_route=\/wp\/v2\/posts\/122739\/revisions"}],"predecessor-version":[{"id":122744,"href":"https:\/\/ovelanalista.com\/index.php?rest_route=\/wp\/v2\/posts\/122739\/revisions\/122744"}],"wp:featuredmedia":[{"embeddable":true,"href":"https:\/\/ovelanalista.com\/index.php?rest_route=\/wp\/v2\/media\/122743"}],"wp:attachment":[{"href":"https:\/\/ovelanalista.com\/index.php?rest_route=%2Fwp%2Fv2%2Fmedia&parent=122739"}],"wp:term":[{"taxonomy":"category","embeddable":true,"href":"https:\/\/ovelanalista.com\/index.php?rest_route=%2Fwp%2Fv2%2Fcategories&post=122739"},{"taxonomy":"post_tag","embeddable":true,"href":"https:\/\/ovelanalista.com\/index.php?rest_route=%2Fwp%2Fv2%2Ftags&post=122739"}],"curies":[{"name":"wp","href":"https:\/\/api.w.org\/{rel}","templated":true}]}}