{"id":122792,"date":"2025-06-07T10:34:03","date_gmt":"2025-06-07T16:34:03","guid":{"rendered":"https:\/\/ovelanalista.com\/?p=122792"},"modified":"2025-06-07T10:34:03","modified_gmt":"2025-06-07T16:34:03","slug":"7-de-junioel-cuarto-poder-amartillado","status":"publish","type":"post","link":"https:\/\/ovelanalista.com\/?p=122792","title":{"rendered":"7 de junio\u2026El Cuarto Poder \u201cAmartillado\u201d"},"content":{"rendered":"<p><strong>TRANSICI\u00d3N<\/strong><\/p>\n<p>&#8220;No me preocupa el grito de los violentos, de los corruptos, de los<br \/>\ndeshonestos, de los sin \u00e9tica. Lo que m\u00e1s me preocupa es<br \/>\nel silencio de los buenos&#8221;. Martin Luther King.<\/p>\n<p><strong>Oswaldo Villase\u00f1or<\/strong><\/p>\n<p>Hoy no es un 7 de junio como lo fueron muchos antes. Hoy los enemigos de la libertad de expresi\u00f3n no solo est\u00e1n en el narco, en la impunidad, en la censura, si no ahora est\u00e1n m\u00e1s arraigados que nunca en el poder pol\u00edtico, en el gobierno, el mismo que de acuerdo a la constituci\u00f3n debe hacerla respetar y garantizar.<br \/>\nLa Ley Censura toca a la puerta, pero no solo de los periodistas, sino incluso de los mismos due\u00f1os de los medios de comunicaci\u00f3n.<br \/>\nLa ley Censura se une al creciente riesgo que implica el narcotr\u00e1fico, la impunidad y la ausencia de un verdadero mecanismo de protecci\u00f3n a periodistas.<br \/>\nDurante el sexenio pasado encabezado por Andr\u00e9s Manuel L\u00f3pez Obrador, organizaciones defensoras de la libertad de expresi\u00f3n como Art\u00edculo 19 documentaron cuando menos el asesinato de 47 periodistas y la agresi\u00f3n no mortal de 561 casos. La inmensa mayor\u00eda qued\u00f3 en la impunidad.<br \/>\nEl gobierno de Andr\u00e9s Manuel se distingui\u00f3 por ejercer una fuerte violencia verbal en contra de muchos periodistas y medios de comunicaci\u00f3n.<br \/>\nHoy aparece de nuevo la intentona del gobierno por regular los contenidos y cooptar a los medios de comunicaci\u00f3n. El peligro es latente.<br \/>\nEn M\u00e9xico el Cuarto Poder como llaman al de la prensa, ya est\u00e1 \u201camartillado\u201d y en la mira del gobierno.<br \/>\nParece broma, o una historia de ficci\u00f3n, pero no lo es. En M\u00e9xico se construye paso a paso una dictadura y un grupo pol\u00edtico ya concentra los tres grandes poderes del Estado. Le hace falta solo uno. El Cuarto Poder. El de la prensa libre.<br \/>\nEl Movimiento pol\u00edtico de la 4T que lidera Andr\u00e9s Manuel L\u00f3pez Obrador ya tiene bajo su control los tres poderes del Estado. El Poder Ejecutivo, el Poder Legislativo y con la elecci\u00f3n del pasado domingo, ya tiene el control del Poder Judicial. Solo le falta tener el control total del Cuarto Poder, el de la prensa o medios de comunicaci\u00f3n, para ahora si, tener todo el poder concentrado en una sola mano. La de Andr\u00e9s Manuel L\u00f3pez Obrador.<br \/>\nEso s\u00ed, El Cuarto Poder ya est\u00e1 \u201camartillado\u201d y a punto de caer. La nueva Ley de Telecomunicaciones es el instrumento.<br \/>\nLo cierto, es que para entender la ruta que lleva M\u00e9xico hacia el control de medios, indispensable para instalar una dictadura, hay que revisar la historia y la ruta que sigui\u00f3 Venezuela para entenderlo de mejor manera.<br \/>\nHUGO CH\u00c1VEZ CONTROL\u00d3 MEDIOS DE COMUNICACI\u00d3N IGUAL COMO SUCEDE EN M\u00c9XICO.<br \/>\nCon la llegada al poder de Hugo Ch\u00e1vez lo primero que hizo fue imponer el silencio y el miedo en los medios de comunicaci\u00f3n y en los comunicadores cr\u00edticos. Andr\u00e9s Manuel atac\u00f3 hasta el cansancio en cada ma\u00f1anera a los periodistas y medios de comunicaci\u00f3n cr\u00edticos. Los acus\u00f3 de chayoteros, mercenarios, golpistas y una serie de calificativos m\u00e1s. Us\u00f3 todo el poder del Estado para acosar y perseguir judicialmente a los periodistas que vio como sus enemigos. Se inspir\u00f3 en Hugo Ch\u00e1vez.<br \/>\nEl presidente Venezolano, a su vez, Impuso el cierre forzado de medios cr\u00edticos, como RCTV o Globo visi\u00f3n, e impuso un control sobre los contenidos y sobre los periodistas que pod\u00edan trabajar en los canales de televisi\u00f3n y radio.<br \/>\nEl gobierno decidi\u00f3 qu\u00e9 programas pod\u00edan emitirse y qui\u00e9nes pod\u00edan ser entrevistadores, silenciando voces cr\u00edticas y enfrentando a los periodistas como enemigos del r\u00e9gimen.<br \/>\n\u00bfAlgo le parece conocido con lo que viene pasando en M\u00e9xico desde la llegada la poder de Andr\u00e9s Manuel L\u00f3pez Obrador?.<br \/>\n\u00bfCuantos periodistas cr\u00edticos de la vieja guardia,\u00a0 fueron sustituidos en medios electr\u00f3nicos y en prensa escrita? Casi todos.<br \/>\nSus sucesores, son periodistas que se apegan a los lineamientos y pensamiento de la 4T.<br \/>\nPero continuemos con el caso Venezuela.<br \/>\nHugo Ch\u00e1vez no expropi\u00f3 directamente ning\u00fan canal de televisi\u00f3n venezolano en el sentido estricto de una expropiaci\u00f3n formal como ocurri\u00f3 con otras industrias (por ejemplo, empresas petroleras o sider\u00fargicas). Sin embargo, su gobierno tom\u00f3 medidas que afectaron significativamente a medios de comunicaci\u00f3n, especialmente a Radio Caracas Televisi\u00f3n (RCTV) y Globovisi\u00f3n, lo que fue percibido por cr\u00edticos como una forma de control estatal o censura indirecta.<br \/>\nEn M\u00e9xico, el gobierno de Andr\u00e9s Manuel concentr\u00f3 el presupuesto p\u00fablico en medios aliados a su gobierno y castig\u00f3 financieramente a los medios que no se doblegaron a sus lineamientos. En Venezuela fue igual.<br \/>\nEl ACOSO A MEDIOS CR\u00cdTICOS EN VENEZUELA Y M\u00c9XICO.<br \/>\nEl 27 de mayo de 2007, El gobierno de Hugo Ch\u00e1vez decidi\u00f3 no renovar la concesi\u00f3n de se\u00f1al abierta de Radio Caracas Televisi\u00f3n (RCTV), el canal m\u00e1s antiguo y popular de Venezuela, que operaba desde 1953. La Comisi\u00f3n Nacional de Telecomunicaciones (Conatel) argument\u00f3 que la decisi\u00f3n se basaba en el vencimiento de la licencia y en supuestas violaciones de normas, incluyendo la cobertura cr\u00edtica del canal hacia el gobierno y su presunto apoyo al intento de golpe de Estado de 2002.<br \/>\nRCTV dej\u00f3 de emitir en se\u00f1al abierta y pas\u00f3 a operar como canal de cable (RCTV Internacional), pero en 2010 fue nuevamente sacado del aire por no cumplir con regulaciones que exig\u00edan transmitir cadenas presidenciales. Este cierre fue ampliamente denunciado como un ataque a la libertad de expresi\u00f3n por organizaciones como Reporteros Sin Fronteras y la oposici\u00f3n venezolana.<br \/>\nLa misma ruta se puede seguir en M\u00e9xico si la Ley de Telecomunicaciones se aprueba y se otorga mayores facultades al gobierno como lo adelant\u00f3 Claudia Sheinbaum suceder\u00e1, aun cuando no especifique cu\u00e1les son esas facultades a auto otorgarse.<br \/>\nYa ha habido voces dentro del Movimiento de la 4T que piden retirarle la concesi\u00f3n a TV Azteca o bien controlar a los medios digitales para prohibirle contenidos que no sean de su agrado.<br \/>\nAs\u00ed el periodismo que hoy festeja la Libertad de expresi\u00f3n, lo hace a sabiendas que El Cuarto Poder \u201cya est\u00e1 amartillado\u201d y a punto de caer, como ya cayeron los otros tres poderes del Estado.<br \/>\nLa autocensura y la censura oficial hoy m\u00e1s que nunca est\u00e1 presente.<br \/>\nEl Cuarto Poder est\u00e1 amartillado.<br \/>\nPASO A PASITO.-Otro duro golpe medi\u00e1tico, pero en M\u00e9xico no pasa nada.<br \/>\nLa OEA al rendir su informe de la misi\u00f3n de Observaci\u00f3n Electoral sobre la elecci\u00f3n judicial realizada en M\u00e9xico emite la siguiente y contundente conclusi\u00f3n.<br \/>\n\u201cLa Misi\u00f3n no recomienda que este modelo de selecci\u00f3n de jueces se replique para otros pa\u00edses de la regi\u00f3n\u201d, sentencia el informe.<br \/>\nPero en M\u00e9xico, el gobierno ni se inmut\u00f3.<br \/>\nOTRO PASITO.-Ayer fue un d\u00eda extremadamente violento para Culiac\u00e1n y para Sinaloa. Eso s\u00ed, los 7 polic\u00edas municipales que fueron detenidos seg\u00fan se dijo con armas de grueso calibre que no eran las de cargo y que supuestamente cuidaban en una cl\u00ednica a un capo, fueron dejados en libertad porque no \u201cencontraron\u201d pruebas en su contra.<br \/>\nAyer se cometieron nuevos atentados contra polic\u00edas municipales y hoy fue asesinado otro m\u00e1s.<br \/>\nLa corporaci\u00f3n municipal de Culiac\u00e1n sigue dando de qu\u00e9 hablar. Pero no pasa nada.<br \/>\nPASITO CH\u00c9VERE.-<br \/>\nS\u00edguenos En:<br \/>\nOvelanalista.com<br \/>\nTwitteer.- @oswaldo villase<br \/>\nFacebook.-OV El Analista<br \/>\nMegacanal canal 151 y 1151 de lunes a viernes de 1:40 a 2:40 de la tarde. s\u00e1bados de 11 a 12 A.M<br \/>\nCDMX y todo el pa\u00eds.<br \/>\nIndice\u00a0<a href=\"http:\/\/xn--poltico-9ya.com\/\" target=\"_blank\" rel=\"noopener noreferrer\" data-saferedirecturl=\"https:\/\/www.google.com\/url?q=http:\/\/xn--poltico-9ya.com&amp;source=gmail&amp;ust=1749400395297000&amp;usg=AOvVaw3Zr4Iynv_IwKBjIshubKN_\">pol\u00edtico.com<\/a>.<br \/>\nLa Pol\u00edtica OnLine.com<br \/>\nMxPolitico.net NoticiasMx<br \/>\nWhatsApp. 6681640391 m\u00e1ndanos un mensaje y recibe nuestra informaci\u00f3n<\/p>\n","protected":false},"excerpt":{"rendered":"<p>TRANSICI\u00d3N &#8220;No me preocupa el grito de los violentos, de los corruptos, de los deshonestos, de los sin \u00e9tica. Lo que m\u00e1s me preocupa es el silencio de los buenos&#8221;. Martin Luther King. Oswaldo Villase\u00f1or Hoy no es un 7 de junio como lo fueron muchos antes. Hoy los enemigos de la libertad de expresi\u00f3n no solo est\u00e1n en el narco, en la impunidad, en la censura, si no ahora est\u00e1n m\u00e1s arraigados que nunca en el poder pol\u00edtico, en el gobierno, el mismo que de acuerdo a la constituci\u00f3n debe hacerla respetar y garantizar. La Ley Censura toca a [&hellip;]<\/p>\n","protected":false},"author":3,"featured_media":112183,"comment_status":"open","ping_status":"open","sticky":false,"template":"","format":"standard","meta":{"_jetpack_newsletter_access":"","_jetpack_dont_email_post_to_subs":false,"_jetpack_newsletter_tier_id":0,"_jetpack_memberships_contains_paywalled_content":false,"_jetpack_feature_clip_id":0,"_jetpack_memberships_contains_paid_content":false,"footnotes":"","jetpack_publicize_message":"","jetpack_publicize_feature_enabled":true,"jetpack_social_post_already_shared":true,"jetpack_social_options":{"image_generator_settings":{"template":"highway","default_image_id":0,"font":"","enabled":false},"version":2},"jetpack_post_was_ever_published":false},"categories":[91],"tags":[],"class_list":["post-122792","post","type-post","status-publish","format-standard","has-post-thumbnail","hentry","category-transicion","post--single"],"jetpack_publicize_connections":[],"jetpack_featured_media_url":"https:\/\/ovelanalista.com\/wp-content\/uploads\/2025\/01\/WhatsApp-Image-2025-01-13-at-20.09.33.jpeg","jetpack_sharing_enabled":true,"_links":{"self":[{"href":"https:\/\/ovelanalista.com\/index.php?rest_route=\/wp\/v2\/posts\/122792","targetHints":{"allow":["GET"]}}],"collection":[{"href":"https:\/\/ovelanalista.com\/index.php?rest_route=\/wp\/v2\/posts"}],"about":[{"href":"https:\/\/ovelanalista.com\/index.php?rest_route=\/wp\/v2\/types\/post"}],"author":[{"embeddable":true,"href":"https:\/\/ovelanalista.com\/index.php?rest_route=\/wp\/v2\/users\/3"}],"replies":[{"embeddable":true,"href":"https:\/\/ovelanalista.com\/index.php?rest_route=%2Fwp%2Fv2%2Fcomments&post=122792"}],"version-history":[{"count":1,"href":"https:\/\/ovelanalista.com\/index.php?rest_route=\/wp\/v2\/posts\/122792\/revisions"}],"predecessor-version":[{"id":122794,"href":"https:\/\/ovelanalista.com\/index.php?rest_route=\/wp\/v2\/posts\/122792\/revisions\/122794"}],"wp:featuredmedia":[{"embeddable":true,"href":"https:\/\/ovelanalista.com\/index.php?rest_route=\/wp\/v2\/media\/112183"}],"wp:attachment":[{"href":"https:\/\/ovelanalista.com\/index.php?rest_route=%2Fwp%2Fv2%2Fmedia&parent=122792"}],"wp:term":[{"taxonomy":"category","embeddable":true,"href":"https:\/\/ovelanalista.com\/index.php?rest_route=%2Fwp%2Fv2%2Fcategories&post=122792"},{"taxonomy":"post_tag","embeddable":true,"href":"https:\/\/ovelanalista.com\/index.php?rest_route=%2Fwp%2Fv2%2Ftags&post=122792"}],"curies":[{"name":"wp","href":"https:\/\/api.w.org\/{rel}","templated":true}]}}