{"id":122801,"date":"2025-06-07T11:30:34","date_gmt":"2025-06-07T17:30:34","guid":{"rendered":"https:\/\/ovelanalista.com\/?p=122801"},"modified":"2025-06-07T11:10:16","modified_gmt":"2025-06-07T17:10:16","slug":"sinaloa-pierde-mas-de-11-mil-empleos-formales-comparado-al-2024","status":"publish","type":"post","link":"https:\/\/ovelanalista.com\/?p=122801","title":{"rendered":"Sinaloa pierde m\u00e1s de 11 mil empleos formales comparado al 2024"},"content":{"rendered":"<p>Sinaloa pierde m\u00e1s de 11 mil empleos formales en un a\u00f1o, seg\u00fan el IMSS. La ca\u00edda refleja una crisis econ\u00f3mica profunda, con salarios bajos y sectores clave como servicios y construcci\u00f3n en declive.<\/p>\n<p><strong>Cristina Ibarra<\/strong><\/p>\n<p>Este 5 de junio\u00a0<strong>el IMSS public\u00f3 los datos del empleo formal registrado ante este instituto al mes de mayo 2025.<\/strong>\u00a0Las cifras son, como se esperaban, negativas. Con respecto al mes anterior se perdieron 16 412 empleos, mientras que de forma anual fueron 11 468 empleos menos. Hoy el estado registra 584 mil empleos, mientras que hace un a\u00f1o hab\u00edan 595 mil.<\/p>\n<p>Este indicador es muy importante ya que en este a\u00f1o,\u00a0<strong>desde febrero la cifra de crecimiento ha sido negativa con respecto al a\u00f1o anterior, es decir, hace un a\u00f1o hab\u00edan m\u00e1s personas con empleo formal e ingresos que hoy<\/strong>, esta es la interpretaci\u00f3n en pocas palabras. Esto es muy importante ya que por el ciclo agr\u00edcola Sinaloa siempre tiene p\u00e9rdidas de empleo mensual en los meses que siguen a marzo, pero lo normal es que el empleo crezca en comparaci\u00f3n con a\u00f1os anteriores, cuando esto no es as\u00ed, ello refleja sin dudas una crisis y decrecimiento econ\u00f3mico, como el que hoy se vive en el estado.<\/p>\n<p>Entre los sector m\u00e1s golpeados se encuentran los\u00a0<strong>Servicios para empresas, personas y hogar con 7, 463, la construcci\u00f3n con 3, 009 y la industria de la tranformaci\u00f3n 1716.<\/strong>\u00a0Estos tres sectores puede decirse que son indicadores clave del enfriamiento de nuestra econom\u00eda pues cuando las empresas no tienen flujo y los hogares est\u00e1n en dificultades los servicios y la construcci\u00f3n se frenan.<\/p>\n<p>En cuanto a los niveles salariales,\u00a0<strong>Sinaloa es el estado con el Salario m\u00e1s bajo en el pa\u00eds y el 83.2 % de su poblaci\u00f3n trabajadora formalizada gana hasta dos salario m\u00ednimos, situaci\u00f3n que contrasta con el 79.8% a nivel nacional y 58.8% en la Ciudad de M\u00e9xico<\/strong>, la entidad con mayores niveles salariales a nivel nacional.<\/p>\n<p><img loading=\"lazy\" decoding=\"async\" class=\"alignnone size-full wp-image-67418 entered lazyloaded\" src=\"https:\/\/revistaespejo.com\/wp-content\/uploads\/2025\/06\/IMG_4029.jpeg\" sizes=\"auto, (max-width: 1170px) 100vw, 1170px\" srcset=\"https:\/\/revistaespejo.com\/wp-content\/uploads\/2025\/06\/IMG_4029.jpeg 1170w, https:\/\/revistaespejo.com\/wp-content\/uploads\/2025\/06\/IMG_4029-300x190.jpeg 300w, https:\/\/revistaespejo.com\/wp-content\/uploads\/2025\/06\/IMG_4029-1024x649.jpeg 1024w, https:\/\/revistaespejo.com\/wp-content\/uploads\/2025\/06\/IMG_4029-768x486.jpeg 768w\" alt=\"\" width=\"1170\" height=\"741\" data-lazy-srcset=\"https:\/\/revistaespejo.com\/wp-content\/uploads\/2025\/06\/IMG_4029.jpeg 1170w, https:\/\/revistaespejo.com\/wp-content\/uploads\/2025\/06\/IMG_4029-300x190.jpeg 300w, https:\/\/revistaespejo.com\/wp-content\/uploads\/2025\/06\/IMG_4029-1024x649.jpeg 1024w, https:\/\/revistaespejo.com\/wp-content\/uploads\/2025\/06\/IMG_4029-768x486.jpeg 768w\" data-lazy-sizes=\"(max-width: 1170px) 100vw, 1170px\" data-lazy-src=\"https:\/\/revistaespejo.com\/wp-content\/uploads\/2025\/06\/IMG_4029.jpeg\" data-ll-status=\"loaded\" \/><\/p>\n<h2>Perspectivas<\/h2>\n<p>Aunque los n\u00fameros son ya alarmantes ya que en el \u00faltimo a\u00f1o, incluso antes de la crisis de violencia,\u00a0<strong>el Estado hab\u00eda perdido una enorme capacidad de generaci\u00f3n de empleo formal, y de los 12 meses en 2024, s\u00f3lo 4 tuvieron crecimiento de empleo<\/strong>, en relaci\u00f3n al a\u00f1o anterior. No obstante las diferencias oscilaban entre los 1 mil y 4 mil empleos, en este 2025 las p\u00e9rdidas de empleo formal de febrero a la fecha rebasan los 11 mil, y el pico fue abril con p\u00e9rdidas de 15 mil empleos, lo que muestra una profunda crisis.<\/p>\n<p>Al mismo tiempo, se sigue viendo que el flujo de las c\u00e9lulas criminales ha venido a menos y aunque por ahora es un elemento positivo para la construcci\u00f3n de otro rumbo econ\u00f3mico en el estado, con una econom\u00eda basada en lo legal, esto nos lleva a ver cientas de plazas cerradas, domicilios en venta y renta por toda la ciudad y con ello una disminuci\u00f3n de econom\u00eda para todos. Por tanto, sin tratar de ser pesimista, creo que lo peor a\u00fan no ha llegado pues aunque se recupere la paz, los flujos de la econom\u00eda no se recuperar\u00e1n de forma significativa en el corto plazo.<\/p>\n<p>Con informaci\u00f3n de Espejo<\/p>\n","protected":false},"excerpt":{"rendered":"<p>Sinaloa pierde m\u00e1s de 11 mil empleos formales en un a\u00f1o, seg\u00fan el IMSS. La ca\u00edda refleja una crisis econ\u00f3mica profunda, con salarios bajos y sectores clave como servicios y construcci\u00f3n en declive. Cristina Ibarra Este 5 de junio\u00a0el IMSS public\u00f3 los datos del empleo formal registrado ante este instituto al mes de mayo 2025.\u00a0Las cifras son, como se esperaban, negativas. Con respecto al mes anterior se perdieron 16 412 empleos, mientras que de forma anual fueron 11 468 empleos menos. Hoy el estado registra 584 mil empleos, mientras que hace un a\u00f1o hab\u00edan 595 mil. Este indicador es muy [&hellip;]<\/p>\n","protected":false},"author":3,"featured_media":122803,"comment_status":"open","ping_status":"open","sticky":false,"template":"","format":"standard","meta":{"_jetpack_newsletter_access":"","_jetpack_dont_email_post_to_subs":false,"_jetpack_newsletter_tier_id":0,"_jetpack_memberships_contains_paywalled_content":false,"_jetpack_feature_clip_id":0,"_jetpack_memberships_contains_paid_content":false,"footnotes":"","jetpack_publicize_message":"","jetpack_publicize_feature_enabled":true,"jetpack_social_post_already_shared":true,"jetpack_social_options":{"image_generator_settings":{"template":"highway","default_image_id":0,"font":"","enabled":false},"version":2},"jetpack_post_was_ever_published":false},"categories":[90],"tags":[],"class_list":["post-122801","post","type-post","status-publish","format-standard","has-post-thumbnail","hentry","category-estatal","post--single"],"jetpack_publicize_connections":[],"jetpack_featured_media_url":"https:\/\/ovelanalista.com\/wp-content\/uploads\/2025\/06\/Perdida-empleos-imss-.png","jetpack_sharing_enabled":true,"_links":{"self":[{"href":"https:\/\/ovelanalista.com\/index.php?rest_route=\/wp\/v2\/posts\/122801","targetHints":{"allow":["GET"]}}],"collection":[{"href":"https:\/\/ovelanalista.com\/index.php?rest_route=\/wp\/v2\/posts"}],"about":[{"href":"https:\/\/ovelanalista.com\/index.php?rest_route=\/wp\/v2\/types\/post"}],"author":[{"embeddable":true,"href":"https:\/\/ovelanalista.com\/index.php?rest_route=\/wp\/v2\/users\/3"}],"replies":[{"embeddable":true,"href":"https:\/\/ovelanalista.com\/index.php?rest_route=%2Fwp%2Fv2%2Fcomments&post=122801"}],"version-history":[{"count":1,"href":"https:\/\/ovelanalista.com\/index.php?rest_route=\/wp\/v2\/posts\/122801\/revisions"}],"predecessor-version":[{"id":122804,"href":"https:\/\/ovelanalista.com\/index.php?rest_route=\/wp\/v2\/posts\/122801\/revisions\/122804"}],"wp:featuredmedia":[{"embeddable":true,"href":"https:\/\/ovelanalista.com\/index.php?rest_route=\/wp\/v2\/media\/122803"}],"wp:attachment":[{"href":"https:\/\/ovelanalista.com\/index.php?rest_route=%2Fwp%2Fv2%2Fmedia&parent=122801"}],"wp:term":[{"taxonomy":"category","embeddable":true,"href":"https:\/\/ovelanalista.com\/index.php?rest_route=%2Fwp%2Fv2%2Fcategories&post=122801"},{"taxonomy":"post_tag","embeddable":true,"href":"https:\/\/ovelanalista.com\/index.php?rest_route=%2Fwp%2Fv2%2Ftags&post=122801"}],"curies":[{"name":"wp","href":"https:\/\/api.w.org\/{rel}","templated":true}]}}