{"id":122802,"date":"2025-06-07T13:30:49","date_gmt":"2025-06-07T19:30:49","guid":{"rendered":"https:\/\/ovelanalista.com\/?p=122802"},"modified":"2025-06-07T11:12:16","modified_gmt":"2025-06-07T17:12:16","slug":"comunicadores-de-sinaloa-festejan-este-domingo-libertad-de-expresion-en-tradicional-carrera","status":"publish","type":"post","link":"https:\/\/ovelanalista.com\/?p=122802","title":{"rendered":"Comunicadores de Sinaloa festejan este domingo Libertad de Expresi\u00f3n en tradicional carrera"},"content":{"rendered":"<div class=\"lead font-1 fs18\">Este domingo 8 de junio se llevar\u00e1 a cabo la edici\u00f3n 29 de la Carrera Sa\u00fal Guevara Nava en Mazatl\u00e1n, reuniendo a comunicadores de todo el estado en honor al D\u00eda de la Libertad de Expresi\u00f3n.<\/div>\n<div><\/div>\n<div><strong>Rafael Moreno\u00a0<\/strong><\/div>\n<div><\/div>\n<div>\n<p>MAZATL\u00c1N._ La edici\u00f3n 29 de la\u00a0<b>Carrera Sa\u00fal Guevara Nava<\/b>\u00a0re\u00fane este domingo a\u00a0<b>medios de comunicaci\u00f3n\u00a0<\/b>de todo el estado para la celebraci\u00f3n del<b>\u00a0D\u00eda de la Libertad de Expresi\u00f3n<\/b>.<\/p>\n<p>La cita es este domingo 8 de junio, a partir de las 7:00 horas, sobre Avenida Leonismo Internacional a la altura de Central Park, antes Bosque de la Ciudad.<\/p>\n<p><img decoding=\"async\" src=\"https:\/\/www.noroeste.com.mx\/binrepository\/853x1280\/0c0\/0d0\/none\/12707\/FUEB\/pedestre-saul-guevara-22_1-10407728_20250607095044.jpg\" alt=\"$!Comunicadores de Sinaloa festejan este domingo Libertad de Expresi\u00f3n en tradicional carrera\" \/><\/p>\n<p>Susana Cazadero Medina, organizadora de esta a\u00f1eja justa deportiva, repartir\u00e1 una bolsa de 40 mil pesos entre las seis categor\u00edas participantes de medios de comunicaci\u00f3n, adem\u00e1s de una especial para hijos de periodistas y una m\u00e1s de invitados.<\/p>\n<p>Como es una costumbre de esta fiesta atl\u00e9tica, Cazadero Medina rendir\u00e1 homenaje a varios comunicadores del estado de Sinaloa, siendo en esta edici\u00f3n a 18 cuatro de Culiac\u00e1n, tres de Los Mochis y tambi\u00e9n de Guasave, uno de El Rosario y el resto de Mazatl\u00e1n, incluyendo dos j\u00f3venes como revelaci\u00f3n period\u00edstica.<\/p>\n<p>Los comunicadores reconocidos recibieron un d\u00eda antes un galard\u00f3n a su trayectoria period\u00edstica.<\/p>\n<p><b>Categor\u00eda de medios de comunicaci\u00f3n<\/b><\/p>\n<p>Libre (20 a 29 a\u00f1os)<\/p>\n<p>Sub M\u00e1ster (30 a 39 a\u00f1os)<\/p>\n<p>M\u00e1ster (40 a 49 a\u00f1os)<\/p>\n<p>Golden (50 a 59 a\u00f1os)<\/p>\n<p>Novatos<\/p>\n<p>Libre femenil<\/p>\n<p>Con informaci\u00f3n de Noroeste<\/p>\n<\/div>\n","protected":false},"excerpt":{"rendered":"<p>Este domingo 8 de junio se llevar\u00e1 a cabo la edici\u00f3n 29 de la Carrera Sa\u00fal Guevara Nava en Mazatl\u00e1n, reuniendo a comunicadores de todo el estado en honor al D\u00eda de la Libertad de Expresi\u00f3n. Rafael Moreno\u00a0 MAZATL\u00c1N._ La edici\u00f3n 29 de la\u00a0Carrera Sa\u00fal Guevara Nava\u00a0re\u00fane este domingo a\u00a0medios de comunicaci\u00f3n\u00a0de todo el estado para la celebraci\u00f3n del\u00a0D\u00eda de la Libertad de Expresi\u00f3n. La cita es este domingo 8 de junio, a partir de las 7:00 horas, sobre Avenida Leonismo Internacional a la altura de Central Park, antes Bosque de la Ciudad. Susana Cazadero Medina, organizadora de esta a\u00f1eja [&hellip;]<\/p>\n","protected":false},"author":3,"featured_media":122806,"comment_status":"open","ping_status":"open","sticky":false,"template":"","format":"standard","meta":{"_jetpack_newsletter_access":"","_jetpack_dont_email_post_to_subs":false,"_jetpack_newsletter_tier_id":0,"_jetpack_memberships_contains_paywalled_content":false,"_jetpack_feature_clip_id":0,"_jetpack_memberships_contains_paid_content":false,"footnotes":"","jetpack_publicize_message":"","jetpack_publicize_feature_enabled":true,"jetpack_social_post_already_shared":true,"jetpack_social_options":{"image_generator_settings":{"template":"highway","default_image_id":0,"font":"","enabled":false},"version":2},"jetpack_post_was_ever_published":false},"categories":[88],"tags":[],"class_list":["post-122802","post","type-post","status-publish","format-standard","has-post-thumbnail","hentry","category-sinaloa-sur","post--single"],"jetpack_publicize_connections":[],"jetpack_featured_media_url":"https:\/\/ovelanalista.com\/wp-content\/uploads\/2025\/06\/pedestre-saul-guevara-21_1-10407716_20250607095044.webp","jetpack_sharing_enabled":true,"_links":{"self":[{"href":"https:\/\/ovelanalista.com\/index.php?rest_route=\/wp\/v2\/posts\/122802","targetHints":{"allow":["GET"]}}],"collection":[{"href":"https:\/\/ovelanalista.com\/index.php?rest_route=\/wp\/v2\/posts"}],"about":[{"href":"https:\/\/ovelanalista.com\/index.php?rest_route=\/wp\/v2\/types\/post"}],"author":[{"embeddable":true,"href":"https:\/\/ovelanalista.com\/index.php?rest_route=\/wp\/v2\/users\/3"}],"replies":[{"embeddable":true,"href":"https:\/\/ovelanalista.com\/index.php?rest_route=%2Fwp%2Fv2%2Fcomments&post=122802"}],"version-history":[{"count":1,"href":"https:\/\/ovelanalista.com\/index.php?rest_route=\/wp\/v2\/posts\/122802\/revisions"}],"predecessor-version":[{"id":122807,"href":"https:\/\/ovelanalista.com\/index.php?rest_route=\/wp\/v2\/posts\/122802\/revisions\/122807"}],"wp:featuredmedia":[{"embeddable":true,"href":"https:\/\/ovelanalista.com\/index.php?rest_route=\/wp\/v2\/media\/122806"}],"wp:attachment":[{"href":"https:\/\/ovelanalista.com\/index.php?rest_route=%2Fwp%2Fv2%2Fmedia&parent=122802"}],"wp:term":[{"taxonomy":"category","embeddable":true,"href":"https:\/\/ovelanalista.com\/index.php?rest_route=%2Fwp%2Fv2%2Fcategories&post=122802"},{"taxonomy":"post_tag","embeddable":true,"href":"https:\/\/ovelanalista.com\/index.php?rest_route=%2Fwp%2Fv2%2Ftags&post=122802"}],"curies":[{"name":"wp","href":"https:\/\/api.w.org\/{rel}","templated":true}]}}