{"id":122808,"date":"2025-06-07T15:30:17","date_gmt":"2025-06-07T21:30:17","guid":{"rendered":"https:\/\/ovelanalista.com\/?p=122808"},"modified":"2025-06-07T11:15:10","modified_gmt":"2025-06-07T17:15:10","slug":"la-violencia-se-recrudece-en-sinaloa-14-ejecuciones-en-24-horas","status":"publish","type":"post","link":"https:\/\/ovelanalista.com\/?p=122808","title":{"rendered":"La violencia se recrudece en Sinaloa: 14 ejecuciones en 24 horas"},"content":{"rendered":"<p>Una de las jornadas m\u00e1s violentas en los \u00faltimos meses de la guerra en Sinaloa se registr\u00f3 este viernes, con un repunte en los homicidios, enfrentamientos y ataques a polic\u00edas.<\/p>\n<p>Culiac\u00e1n, Sin.- Faltaban solo un par de minutos para que diera inicio la conferencia de prensa de la vocer\u00eda del Gobierno del Estado, a las nueve de la ma\u00f1ana, y en Sinaloa ya se reportaba el hallazgo de nueve personas sin vida en distintos puntos de la entidad. A lo largo del d\u00eda se registraron una variedad de hechos violentos que cobraron la vida de otros cinco, y dejaron a civiles heridos.<\/p>\n<p><strong>Estos son los hallazgos ocurridos durante la ma\u00f1ana:<\/strong><\/p>\n<p><strong>Tres<\/strong>\u00a0se encontraron juntos en la carretera que conecta Mazatl\u00e1n y Culiac\u00e1n, en el municipio de\u00a0<strong>San Ignacio<\/strong>, en una localidad llamada El Lim\u00f3n de los Peraza. De acuerdo con la informaci\u00f3n difundida en medios locales, estos presentaban s<strong>ignos de tortura e impactos de arma de fuego.<\/strong><\/p>\n<p><strong>Dos<\/strong>\u00a0fueron encontrados sin vida en Balbuena, en el municipio de\u00a0<strong>Navolato<\/strong>. Sus cuerpos fueron arrojados a la orilla de la carretera. Se presume que estas dos personas ser\u00edan las mismas que un d\u00eda antes hab\u00edan desaparecido en dicha localidad.<\/p>\n<p>Los cuerpos fueron localizados junto a un \u00e1rbol, aproximadamente a un kil\u00f3metro al norte del puente que cruza la autopista rumbo al poblado Balbuena. Una de las v\u00edctimas, de complexi\u00f3n media, yac\u00eda boca abajo con las manos amarradas al frente; vest\u00eda una playera azul marino, pantal\u00f3n de mezclilla azul y huaraches de vaqueta negros. La segunda, de aproximadamente 70 a\u00f1os, era de complexi\u00f3n delgada, cabello entrecano, portaba una playera rosa y pantal\u00f3n caf\u00e9, y se encontraba descalzo.<\/p>\n<p>Se confirm\u00f3 el hallazgo de\u00a0<strong>otro hombre asesinado en San Pedro, tambi\u00e9n en Navolato<\/strong>. Fue identificado como Juan N, quien trabajaba para el\u00a0<strong>IMSS<\/strong>. Su cuerpo fue encontrado tirado boca arriba, con m\u00faltiples disparos en el cuerpo, a la orilla de la carretera vieja que conecta al poblado con la comunidad Buenos Aires. Se le dej\u00f3 un mensaje escrito.<\/p>\n<p><strong>Otro fue encontrado sobre la carretera \u201cLa Costera\u201d, en Culiac\u00e1n<\/strong>, cerca de la caseta vieja. Vest\u00eda de negro, y tambi\u00e9n se le dej\u00f3 un mensaje escrito.<\/p>\n<p><strong>En el sector Isla Musala, igualmente en la capital sinaloense, el cuerpo de un hombre fue localizado envuelto en pl\u00e1stico<\/strong>, tendido boca arriba y con visibles impactos de proyectil de arma de fuego. Vest\u00eda pants azul con franjas blancas y una camisa roja, fue identificado como Juan Carlos N.<\/p>\n<p>A la orilla de la carretera M\u00e9xico 15,\u00a0<strong>en el poblado de la Guamuchilera, Mocorito, fue hallado el cuerpo de un hombre<\/strong>, de entre 30 y 35. A simple vista presentaba un orificio en la sien derecha. Era de complexi\u00f3n delgada, tez morena, y vest\u00eda una playera de manga larga color tinta, pantal\u00f3n de mezclilla gris y tenis negros.<\/p>\n<h2>Tarde y noche continu\u00f3 la violencia en Sinaloa<\/h2>\n<p>&nbsp;<\/p>\n<p>Pasadas las 4 de la tarde, se reportaron enfrentamientos en el sector Stanza C\u00f3rcega,<strong>\u00a0un cami\u00f3n de pasajeros qued\u00f3 en el fuego cruzado<\/strong>, dejando una mujer herida de bala, as\u00ed como un polic\u00eda estatal. Ambos se encuentran estables, seg\u00fan se inform\u00f3 posteriormente.<\/p>\n<p>Alrededor de las 9 de la noche, se report\u00f3 el\u00a0<strong>asesinato de una persona en la comunidad del Lim\u00f3n de Los Ramos<\/strong>, en Culiac\u00e1n. La v\u00edctima se identific\u00f3 como Efra\u00edn N.<\/p>\n<p>Cerca de la misma hora, en la colonia Jos\u00e9 Mar\u00eda Mart\u00ednez, Navolato,\u00a0<strong>una persona fue asesinada en un ataque a un expendio<\/strong>\u00a0de bebidas alcoh\u00f3licas, y una m\u00e1s qued\u00f3 herida.<\/p>\n<p>Minutos antes de las 10 de la noche,<strong>\u00a0se encontr\u00f3 otra persona sin vida en Culiac\u00e1n<\/strong>, esta vez en la colonia Amado Nervo, sector Parque 87. Tenia el rostro y las piernas cubiertas con pl\u00e1stico. Vest\u00eda un pants gris.<\/p>\n<p>Poco antes de las 11 de la noche, en la colonia Guadalupe Victoria<strong>, sujetos armados atacaron a balazos un taller mec\u00e1nico<\/strong>. Una persona, identificada como Jos\u00e9 N, falleci\u00f3. Otras dos resultaron con heridas. Uno de los heridos es un cantante de corridos, trascendi\u00f3.<\/p>\n<p>Cerca de la medianoche, una patrulla de la\u00a0<strong>Polic\u00eda Municipal de Culiac\u00e1n<\/strong>\u00a0fue objetivo de un ataque armado que\u00a0<strong>termin\u00f3 con la vida de uno de los oficiales<\/strong>. Esta agresi\u00f3n ocurri\u00f3 cerca de la Caseta Cuatro.<\/p>\n<p>El mismo viernes, la Comisi\u00f3n de B\u00fasqueda de Personas confirm\u00f3 el hallazgo de de\u00a0<a href=\"https:\/\/revistaespejo.com\/2025\/06\/07\/rastreadoras-localizan-dos-fosas-con-restos-humanos-en-mazatlan\/\">dos fosas con restos humanos<\/a>\u00a0en la comunidad de Escamillas, en el municipio de Mazatl\u00e1n.<\/p>\n<p>Con informaci\u00f3n de Espejo<\/p>\n","protected":false},"excerpt":{"rendered":"<p>Una de las jornadas m\u00e1s violentas en los \u00faltimos meses de la guerra en Sinaloa se registr\u00f3 este viernes, con un repunte en los homicidios, enfrentamientos y ataques a polic\u00edas. Culiac\u00e1n, Sin.- Faltaban solo un par de minutos para que diera inicio la conferencia de prensa de la vocer\u00eda del Gobierno del Estado, a las nueve de la ma\u00f1ana, y en Sinaloa ya se reportaba el hallazgo de nueve personas sin vida en distintos puntos de la entidad. A lo largo del d\u00eda se registraron una variedad de hechos violentos que cobraron la vida de otros cinco, y dejaron a [&hellip;]<\/p>\n","protected":false},"author":3,"featured_media":122810,"comment_status":"open","ping_status":"open","sticky":false,"template":"","format":"standard","meta":{"_jetpack_newsletter_access":"","_jetpack_dont_email_post_to_subs":false,"_jetpack_newsletter_tier_id":0,"_jetpack_memberships_contains_paywalled_content":false,"_jetpack_feature_clip_id":0,"_jetpack_memberships_contains_paid_content":false,"footnotes":"","jetpack_publicize_message":"","jetpack_publicize_feature_enabled":true,"jetpack_social_post_already_shared":true,"jetpack_social_options":{"image_generator_settings":{"template":"highway","default_image_id":0,"font":"","enabled":false},"version":2},"jetpack_post_was_ever_published":false},"categories":[84],"tags":[],"class_list":["post-122808","post","type-post","status-publish","format-standard","has-post-thumbnail","hentry","category-sinaloa-centro","post--single"],"jetpack_publicize_connections":[],"jetpack_featured_media_url":"https:\/\/ovelanalista.com\/wp-content\/uploads\/2025\/06\/violencia-recrudece-sinaloa.webp","jetpack_sharing_enabled":true,"_links":{"self":[{"href":"https:\/\/ovelanalista.com\/index.php?rest_route=\/wp\/v2\/posts\/122808","targetHints":{"allow":["GET"]}}],"collection":[{"href":"https:\/\/ovelanalista.com\/index.php?rest_route=\/wp\/v2\/posts"}],"about":[{"href":"https:\/\/ovelanalista.com\/index.php?rest_route=\/wp\/v2\/types\/post"}],"author":[{"embeddable":true,"href":"https:\/\/ovelanalista.com\/index.php?rest_route=\/wp\/v2\/users\/3"}],"replies":[{"embeddable":true,"href":"https:\/\/ovelanalista.com\/index.php?rest_route=%2Fwp%2Fv2%2Fcomments&post=122808"}],"version-history":[{"count":1,"href":"https:\/\/ovelanalista.com\/index.php?rest_route=\/wp\/v2\/posts\/122808\/revisions"}],"predecessor-version":[{"id":122812,"href":"https:\/\/ovelanalista.com\/index.php?rest_route=\/wp\/v2\/posts\/122808\/revisions\/122812"}],"wp:featuredmedia":[{"embeddable":true,"href":"https:\/\/ovelanalista.com\/index.php?rest_route=\/wp\/v2\/media\/122810"}],"wp:attachment":[{"href":"https:\/\/ovelanalista.com\/index.php?rest_route=%2Fwp%2Fv2%2Fmedia&parent=122808"}],"wp:term":[{"taxonomy":"category","embeddable":true,"href":"https:\/\/ovelanalista.com\/index.php?rest_route=%2Fwp%2Fv2%2Fcategories&post=122808"},{"taxonomy":"post_tag","embeddable":true,"href":"https:\/\/ovelanalista.com\/index.php?rest_route=%2Fwp%2Fv2%2Ftags&post=122808"}],"curies":[{"name":"wp","href":"https:\/\/api.w.org\/{rel}","templated":true}]}}