{"id":122826,"date":"2025-06-07T13:00:51","date_gmt":"2025-06-07T19:00:51","guid":{"rendered":"https:\/\/ovelanalista.com\/?p=122826"},"modified":"2025-06-07T11:27:59","modified_gmt":"2025-06-07T17:27:59","slug":"rechaza-mexico-recomendaciones-de-la-oea-sobre-eleccion-judicial","status":"publish","type":"post","link":"https:\/\/ovelanalista.com\/?p=122826","title":{"rendered":"Rechaza M\u00e9xico recomendaciones de la OEA sobre elecci\u00f3n judicial"},"content":{"rendered":"<p><a href=\"https:\/\/www.jornada.com.mx\/autores\/Arturo%20S%C3%A1nchez%20Jim%C3%A9nez\">Arturo S\u00e1nchez Jim\u00e9nez<\/a><\/p>\n<p class=\"nota-justify\"><i>Ciudad de M\u00e9xico.<\/i>\u00a0M\u00e9xico expres\u00f3 este s\u00e1bado su rotundo rechazo a las recomendaciones emitidas por la Misi\u00f3n de Observaci\u00f3n Electoral de la Organizaci\u00f3n de Estados Americanos (OEA) respecto a la reciente elecci\u00f3n del Poder Judicial, celebrada el pasado 1 de junio.<\/p>\n<p class=\"nota-justify\">La Secretar\u00eda de Relaciones Exteriores (SRE), a trav\u00e9s de su Misi\u00f3n Permanente ante la OEA, calific\u00f3 el informe preliminar de los observadores como una extralimitaci\u00f3n de su mandato y una acci\u00f3n contraria a los principios fundamentales de la Carta de la Organizaci\u00f3n.<\/p>\n<p class=\"nota-justify\">Una nota diplom\u00e1tica enviada al secretario general de la OEA subraya que la misi\u00f3n de observadores rebas\u00f3 sus atribuciones al intentar imponer criterios sobre la forma en que un pa\u00eds soberano debe organizar su poder judicial.<\/p>\n<p class=\"nota-justify\">La SRE argumenta que una misi\u00f3n de observaci\u00f3n electoral no est\u00e1 facultada para emitir juicios de valor que excedan su rol, enfatizando que el Art\u00edculo 3 de la Carta de la OEA establece claramente el derecho de cada Estado a elegir, sin injerencias externas, su sistema pol\u00edtico, econ\u00f3mico y social.<\/p>\n<p class=\"nota-justify\">En un comunicado, la SRE reitera que la organizaci\u00f3n y celebraci\u00f3n de los comicios del 1 de junio se apegaron estrictamente a las normas constitucionales y leyes electorales vigentes en el pa\u00eds, un hecho que, parad\u00f3jicamente, el propio informe de la OEA reconoce.<\/p>\n<p class=\"nota-justify\">La misi\u00f3n de la OEA se\u00f1al\u00f3 en su informe preliminar publicado ayer su preocupaci\u00f3n por el modelo de elecci\u00f3n de cargos judiciales por voto popular, consider\u00e1ndolo no recomendable para otros pa\u00edses de la regi\u00f3n y sugiriendo que podr\u00eda debilitar la transparencia, imparcialidad, eficacia e independencia del Poder Judicial. La misi\u00f3n tambi\u00e9n se\u00f1al\u00f3 el bajo nivel de participaci\u00f3n y las distintas formas de operaci\u00f3n de los comit\u00e9s de evaluaci\u00f3n de candidaturas.<\/p>\n<p>Con informaci\u00f3n de La Jornada<\/p>\n","protected":false},"excerpt":{"rendered":"<p>Arturo S\u00e1nchez Jim\u00e9nez Ciudad de M\u00e9xico.\u00a0M\u00e9xico expres\u00f3 este s\u00e1bado su rotundo rechazo a las recomendaciones emitidas por la Misi\u00f3n de Observaci\u00f3n Electoral de la Organizaci\u00f3n de Estados Americanos (OEA) respecto a la reciente elecci\u00f3n del Poder Judicial, celebrada el pasado 1 de junio. La Secretar\u00eda de Relaciones Exteriores (SRE), a trav\u00e9s de su Misi\u00f3n Permanente ante la OEA, calific\u00f3 el informe preliminar de los observadores como una extralimitaci\u00f3n de su mandato y una acci\u00f3n contraria a los principios fundamentales de la Carta de la Organizaci\u00f3n. Una nota diplom\u00e1tica enviada al secretario general de la OEA subraya que la misi\u00f3n de [&hellip;]<\/p>\n","protected":false},"author":3,"featured_media":122830,"comment_status":"open","ping_status":"open","sticky":false,"template":"","format":"standard","meta":{"_jetpack_newsletter_access":"","_jetpack_dont_email_post_to_subs":false,"_jetpack_newsletter_tier_id":0,"_jetpack_memberships_contains_paywalled_content":false,"_jetpack_feature_clip_id":0,"_jetpack_memberships_contains_paid_content":false,"footnotes":"","jetpack_publicize_message":"","jetpack_publicize_feature_enabled":true,"jetpack_social_post_already_shared":true,"jetpack_social_options":{"image_generator_settings":{"template":"highway","default_image_id":0,"font":"","enabled":false},"version":2},"jetpack_post_was_ever_published":false},"categories":[75],"tags":[],"class_list":["post-122826","post","type-post","status-publish","format-standard","has-post-thumbnail","hentry","category-nacional","post--single"],"jetpack_publicize_connections":[],"jetpack_featured_media_url":"https:\/\/ovelanalista.com\/wp-content\/uploads\/2025\/06\/rechaza-mexico-recomendaciones-de-la-oea-sobre-eleccion-judicial_1759fbce-cca5-41d4-ab38-f7baf1481007_medialjnimgndimagefullsize.webp","jetpack_sharing_enabled":true,"_links":{"self":[{"href":"https:\/\/ovelanalista.com\/index.php?rest_route=\/wp\/v2\/posts\/122826","targetHints":{"allow":["GET"]}}],"collection":[{"href":"https:\/\/ovelanalista.com\/index.php?rest_route=\/wp\/v2\/posts"}],"about":[{"href":"https:\/\/ovelanalista.com\/index.php?rest_route=\/wp\/v2\/types\/post"}],"author":[{"embeddable":true,"href":"https:\/\/ovelanalista.com\/index.php?rest_route=\/wp\/v2\/users\/3"}],"replies":[{"embeddable":true,"href":"https:\/\/ovelanalista.com\/index.php?rest_route=%2Fwp%2Fv2%2Fcomments&post=122826"}],"version-history":[{"count":1,"href":"https:\/\/ovelanalista.com\/index.php?rest_route=\/wp\/v2\/posts\/122826\/revisions"}],"predecessor-version":[{"id":122831,"href":"https:\/\/ovelanalista.com\/index.php?rest_route=\/wp\/v2\/posts\/122826\/revisions\/122831"}],"wp:featuredmedia":[{"embeddable":true,"href":"https:\/\/ovelanalista.com\/index.php?rest_route=\/wp\/v2\/media\/122830"}],"wp:attachment":[{"href":"https:\/\/ovelanalista.com\/index.php?rest_route=%2Fwp%2Fv2%2Fmedia&parent=122826"}],"wp:term":[{"taxonomy":"category","embeddable":true,"href":"https:\/\/ovelanalista.com\/index.php?rest_route=%2Fwp%2Fv2%2Fcategories&post=122826"},{"taxonomy":"post_tag","embeddable":true,"href":"https:\/\/ovelanalista.com\/index.php?rest_route=%2Fwp%2Fv2%2Ftags&post=122826"}],"curies":[{"name":"wp","href":"https:\/\/api.w.org\/{rel}","templated":true}]}}